{"id":730,"date":"2013-06-05T08:27:50","date_gmt":"2013-06-05T13:27:50","guid":{"rendered":"http:\/\/catolicasmexico.com\/blog\/?p=730"},"modified":"2013-06-05T08:27:50","modified_gmt":"2013-06-05T13:27:50","slug":"denuncian-intento-de-aprobar-ideologia-gay-y-aborto-en-asamblea-general-de-la-oea","status":"publish","type":"post","link":"http:\/\/catolicasmexico.com\/blog\/denuncian-intento-de-aprobar-ideologia-gay-y-aborto-en-asamblea-general-de-la-oea\/","title":{"rendered":"Denuncian intento de aprobar ideolog\u00eda gay y aborto en Asamblea General de la OEA"},"content":{"rendered":"<p><a href=\"http:\/\/catolicasmexico.com\/blog\/wp-content\/uploads\/2013\/06\/20130605-0929001.jpg\"><img src=\"http:\/\/catolicasmexico.com\/blog\/wp-content\/uploads\/2013\/06\/20130605-0929001.jpg\" alt=\"20130605-092900.jpg\" class=\"alignnone size-full\"  \/> <\/a><\/p>\n<p>GUATEMALA, 04 Jun. 13 \/ 05:42 pm (ACI\/EWTN Noticias).- Organizaciones defensoras de la vida y la familia de Guatemala denunciaron en un comunicado que en el marco de la 43 Asamblea General de la Organizaci\u00f3n de Estados Americanos (OEA), que se realiza en estos d\u00edas en ese pa\u00eds, se buscar\u00eda aprobar normativas favorables a la ideolog\u00eda gay y al aborto.<\/p>\n<p>Entre las 36 organizaciones firmantes figuran la Asociaci\u00f3n Vida y Dignidad Humana, la Asociaci\u00f3n \u201cS\u00ed a la Vida\u201d, la Fundaci\u00f3n Alive, Enfoque Familiar, la Asociaci\u00f3n de M\u00e9dicos por los Derechos Humanos, y la Comisi\u00f3n Defensora del Derecho a Nacer, entre otros.<\/p>\n<p>Seg\u00fan explicaron en un comunicado remitido hoy a ACI Prensa, \u201cestamos informados que en documentos previamente elaborados que como simple formalidad ser\u00e1n presentados a la Asamblea General de OEA, se pretende impulsar pol\u00edticas perversas para la destrucci\u00f3n de la moral p\u00fablica y de la instituci\u00f3n familiar\u201d.<\/p>\n<p>Estas pol\u00edticas se intentar\u00edan aprobar \u201cbajo las sutiles pero cada vez m\u00e1s agresivas pol\u00edticas de equidad, identidad y expresi\u00f3n de g\u00e9nero y no discriminaci\u00f3n por preferencias sexuales; salud sexual y reproductiva; derechos sexuales y reproductivos\u201d.<\/p>\n<p>\u201cEstas pol\u00edticas parecieran tener fines loables y beneficios para la sociedad, pero lo que realmente buscan es institucionalizar como legalmente v\u00e1lidas y aceptables las uniones de personas homosexuales otorg\u00e1ndoles la categor\u00eda de \u2018matrimonio\u2019, por una parte; y, por otra, despenalizar o legalizar el aborto para que de ser un crimen pase a considerarse como \u2018un derecho\u2019 que la mujer tiene sobre su propio cuerpo\u201d.<\/p>\n<p>Las organizaciones firmantes se\u00f1alaron que \u201cestamos a favor de reconocer la igualdad de derechos a hombres y mujeres, que estamos en contra de la violencia a la mujer y afirmamos que tal violencia debe ser prevenida, sancionada y erradicada; que respetamos a quienes tienen una orientaci\u00f3n sexual distinta a la de su sexo natural; pero esos nobles ideales no deben utilizarse indebidamente para promover como \u2018derechos\u2019 conductas que son contrarias a la naturaleza del ser humano\u201d.<\/p>\n<p>Los proyectos que se intentan aprobar en la OEA, criticaron, son presentados \u201ccon atractiva vestidura de nobles y bondadosos prop\u00f3sitos que en realidad resultan ser grotescos disfraces de conductas impropias a las inmensas mayor\u00edas de nuestra poblaci\u00f3n, a las m\u00e1s vulnerables, que son a las que suelen estar destinadas\u201d.<\/p>\n<p>Ante la situaci\u00f3n las organizaciones defensoras de la vida y la familia alertaron \u201ca nuestro pueblo a no permitir que se vulneren sus m\u00e1s elementales derechos, sus principios y valores\u201d.<\/p>\n<p>Adem\u00e1s, pidieron al presidente de Guatemala, Otto Fernando P\u00e9rez Molina, a que \u201chaciendo honor a su juramento de defender la Constituci\u00f3n Pol\u00edtica de la Rep\u00fablica de Guatemala, instruya a los funcionarios de su gobierno que estar\u00e1n presentes en dicha asamblea que asuman una actitud digna y acorde a nuestra Constituci\u00f3n y nuestras leyes, rechazando su adhesi\u00f3n y\/o apoyo a instrumentos como los denunciados\u201d.<\/p>\n<p>\u201cEl pueblo de Guatemala est\u00e1 vigilante del actuar del gobierno, porque no podemos permitir que se contin\u00fae atropellando nuestra dignidad\u201d, se\u00f1alaron.<\/p>\n<p>Los firmantes tambi\u00e9n demandaron \u201ca las delegaciones oficiales de los pa\u00edses americanos que nos visitan, a revisar cuidadosamente las intenciones ocultas en cada uno de esos proyectos, para rechazarlos con energ\u00eda y manifestar las reservas del caso, donde sea necesario, por contrariar los \u00fanicos y verdaderos derechos humanos: los que son inherentes a la naturaleza de toda persona y que no necesitan de la validaci\u00f3n ni formalidad de una declaratoria oficial de un gobierno o de un conjunto de gobiernos\u201d.<\/p>\n<p>\u201cSi es criterio generalizado oponerse a la despenalizaci\u00f3n de las drogas porque las mismas atentan contra el derecho a la salud de las personas, \u00bfpor qu\u00e9 no hemos de oponernos con mayor energ\u00eda a la despenalizaci\u00f3n del aborto que atenta contra el derecho a la vida desde el momento de la concepci\u00f3n, que es, por naturaleza, el primero de todos los derechos humanos?\u201d, cuestionaron.<\/p>\n<p>Los firmantes remarcaron su respeto \u201ca todos los seres humanos que asumen una orientaci\u00f3n sexual distinta a la de su sexo biol\u00f3gico natural. No somos homof\u00f3bicos, no les discriminamos, ni les negamos sus derechos; les consideramos seres humanos con dignidad y valores\u201d.<\/p>\n<p>\u201cPero debe quedar claro que por el lamentable drama que ellos sufren, no podemos permitir que se impulsen proyectos contra la naturaleza del ser humano, hombre y mujer, tal como hemos sido creados\u201d, concluyeron.<\/p>\n","protected":false},"excerpt":{"rendered":"<p>GUATEMALA, 04 Jun. 13 \/ 05:42 pm (ACI\/EWTN Noticias).- Organizaciones defensoras de la vida y la familia de Guatemala denunciaron en un comunicado que en el marco de la 43 Asamblea General de la Organizaci\u00f3n de Estados Americanos (OEA), que se realiza en estos d\u00edas en ese pa\u00eds, se buscar\u00eda aprobar normativas favorables a la [&hellip;]<\/p>\n","protected":false},"author":2,"featured_media":729,"comment_status":"open","ping_status":"open","sticky":false,"template":"","format":"standard","meta":{"spay_email":"","jetpack_publicize_message":"","jetpack_is_tweetstorm":false},"categories":[9,15],"tags":[],"aioseo_notices":[],"jetpack_featured_media_url":"http:\/\/catolicasmexico.com\/blog\/wp-content\/uploads\/2013\/06\/20130605-0929001.jpg","jetpack_publicize_connections":[],"jetpack_shortlink":"https:\/\/wp.me\/p3B5XH-bM","jetpack-related-posts":[{"id":796,"url":"http:\/\/catolicasmexico.com\/blog\/presidente-de-guatemala-ratifica-rechazo-a-aborto-y-apoyo-a-familia-natural\/","url_meta":{"origin":730,"position":0},"title":"Presidente de Guatemala ratifica rechazo a aborto y apoyo a familia natural","date":"11 junio 2013","format":false,"excerpt":"REDACCI\u00d3N CENTRAL, Comentario de www.catolicasmexico.com . Felicitamos al Sr.Presidente por el valor que tiene al defender los valores familiares. Haber resistido a los ataques y a las presiones de grupos financiados por extranjeros, es un acto heroico, que no muchos gobiernos, realizan. \u00a1Que Dios lo bendiga y le otorgu\u00e9 las\u2026","rel":"","context":"En \u00abAborto\u00bb","img":{"alt_text":"","src":"","width":0,"height":0},"classes":[]},{"id":2777,"url":"http:\/\/catolicasmexico.com\/blog\/onu-y-oea-son-titeres-de-la-agenda-pro-gay-y-pro-aborto-denuncia-experta\/","url_meta":{"origin":730,"position":1},"title":"ONU y OEA son t\u00edteres de la agenda pro gay y pro aborto, denuncia experta","date":"27 marzo 2014","format":false,"excerpt":"Neydi Casillas. Foto: adfmedia.org ROMA, 26 Mar. 14 \/ 01:35 pm (ACI\/EWTN Noticias).- La abogada Neydi Casillas Padr\u00f3n, experta en monitoreo de organizaciones internacionales en temas de vida, libertad religiosa y familia, asegur\u00f3 que tanto la Organizaci\u00f3n de Naciones Unidas (ONU) y la Organizaci\u00f3n de los Estados Americanos (OEA), son\u2026","rel":"","context":"En \u00abAborto\u00bb","img":{"alt_text":"","src":"https:\/\/i1.wp.com\/catolicasmexico.com\/blog\/wp-content\/uploads\/2014\/03\/20140327-172131.jpg?resize=350%2C200","width":350,"height":200},"classes":[]},{"id":1979,"url":"http:\/\/catolicasmexico.com\/blog\/promotores-del-aborto-atacan-sede-de-conferencia-episcopal-de-costa-rica\/","url_meta":{"origin":730,"position":2},"title":"Promotores del aborto atacan sede de Conferencia Episcopal de Costa Rica","date":"17 octubre 2013","format":false,"excerpt":"(Foto Conferencia Episcopal Costa Rica) SAN JOS\u00c9, 17 Oct. 13 \/ 03:15 pm (ACI\/EWTN Noticias).- Un grupo de desconocidos llen\u00f3 de lemas a favor del\u00a0aborto\u00a0buena parte del exterior de la sede de la Conferencia Episcopal de Costa Rica (CECR) en San Jos\u00e9, la capital del pa\u00eds, as\u00ed como tambi\u00e9n la\u2026","rel":"","context":"En \u00abAborto\u00bb","img":{"alt_text":"","src":"https:\/\/i2.wp.com\/catolicasmexico.com\/blog\/wp-content\/uploads\/2013\/10\/Costa_Rica_aborto_CECR.jpg?resize=350%2C200","width":350,"height":200},"classes":[]},{"id":812,"url":"http:\/\/catolicasmexico.com\/blog\/convencion-pro-gay-de-oea-atenta-contra-libertad-de-expresion-advierten\/","url_meta":{"origin":730,"position":3},"title":"Convenci\u00f3n pro gay de OEA atenta contra libertad de expresi\u00f3n, advierten","date":"12 junio 2013","format":false,"excerpt":"REDACCI\u00d3N CENTRAL, 12 Jun. 13 \/ 03:48 am (ACI\/EWTN Noticias).- Neydy Casillas, asesora jur\u00eddica de la Alliance Defending Freedom (ADF), denunci\u00f3 que la abiertamente pro-gay Convenci\u00f3n Interamericana contra el Racismo y Toda Forma de Discriminaci\u00f3n e Intolerancia, aprobada en la 43\u00ba Asamblea General de la Organizaci\u00f3n de Estados Americanos (OEA),\u2026","rel":"","context":"En \u00abHomosexualidad\u00bb","img":{"alt_text":"","src":"","width":0,"height":0},"classes":[]},{"id":2859,"url":"http:\/\/catolicasmexico.com\/blog\/marcha-por-la-vida-en-mexico-este-sabado\/","url_meta":{"origin":730,"position":4},"title":"Marcha por la Vida en M\u00e9xico este s\u00e1bado","date":"26 abril 2014","format":false,"excerpt":"M\u00c9XICO D.F., 26 Abr. 13 \/ 04:12 pm (ACI\/EWTN Noticias).- Miles de personas marchar\u00e1n este s\u00e1bado 27 de abril en el Distrito Federal en M\u00e9xico, para exigir la derogaci\u00f3n de la ley que permite el aborto que fue aprobada por la Asamblea legislativa del pa\u00eds hace seis a\u00f1os y que\u2026","rel":"","context":"En \u00abAborto\u00bb","img":{"alt_text":"","src":"https:\/\/i0.wp.com\/catolicasmexico.com\/blog\/wp-content\/uploads\/2014\/04\/20140426-091046.jpg?resize=350%2C200","width":350,"height":200},"classes":[]},{"id":2957,"url":"http:\/\/catolicasmexico.com\/blog\/ordenes-de-aprehension-en-contra-de-lideres-provida-de-guatemala\/","url_meta":{"origin":730,"position":5},"title":"Ordenes de aprehensi\u00f3n en contra de l\u00edderes Provida de Guatemala","date":"28 mayo 2014","format":false,"excerpt":"Dr. Estuardo Carrera Brolo Guatemalteco, Cirujano, egresado de la facultad de Medicina de la Universidad Francisco Marroquin en 1989, especializado en Ginecologia y Obstetricia en el Hospital General San Juan de Dios de Guatemala, con subespecializacion en Endoscopia Ginecologica. Presidente fundador de la Asociacion de Endoscopia Ginecologica de Guatemala. Fuente\u2026","rel":"","context":"En \u00abAborto\u00bb","img":{"alt_text":"","src":"https:\/\/i2.wp.com\/catolicasmexico.com\/blog\/wp-content\/uploads\/2014\/05\/20140528-132048.jpg?resize=350%2C200","width":350,"height":200},"classes":[]}],"jetpack_likes_enabled":false,"jetpack_sharing_enabled":true,"_links":{"self":[{"href":"http:\/\/catolicasmexico.com\/blog\/wp-json\/wp\/v2\/posts\/730"}],"collection":[{"href":"http:\/\/catolicasmexico.com\/blog\/wp-json\/wp\/v2\/posts"}],"about":[{"href":"http:\/\/catolicasmexico.com\/blog\/wp-json\/wp\/v2\/types\/post"}],"author":[{"embeddable":true,"href":"http:\/\/catolicasmexico.com\/blog\/wp-json\/wp\/v2\/users\/2"}],"replies":[{"embeddable":true,"href":"http:\/\/catolicasmexico.com\/blog\/wp-json\/wp\/v2\/comments?post=730"}],"version-history":[{"count":1,"href":"http:\/\/catolicasmexico.com\/blog\/wp-json\/wp\/v2\/posts\/730\/revisions"}],"predecessor-version":[{"id":731,"href":"http:\/\/catolicasmexico.com\/blog\/wp-json\/wp\/v2\/posts\/730\/revisions\/731"}],"wp:featuredmedia":[{"embeddable":true,"href":"http:\/\/catolicasmexico.com\/blog\/wp-json\/wp\/v2\/media\/729"}],"wp:attachment":[{"href":"http:\/\/catolicasmexico.com\/blog\/wp-json\/wp\/v2\/media?parent=730"}],"wp:term":[{"taxonomy":"category","embeddable":true,"href":"http:\/\/catolicasmexico.com\/blog\/wp-json\/wp\/v2\/categories?post=730"},{"taxonomy":"post_tag","embeddable":true,"href":"http:\/\/catolicasmexico.com\/blog\/wp-json\/wp\/v2\/tags?post=730"}],"curies":[{"name":"wp","href":"https:\/\/api.w.org\/{rel}","templated":true}]}}