{"id":721,"date":"2013-06-04T16:18:59","date_gmt":"2013-06-04T21:18:59","guid":{"rendered":"http:\/\/catolicasmexico.com\/blog\/?p=721"},"modified":"2013-06-04T16:18:59","modified_gmt":"2013-06-04T21:18:59","slug":"el-salvador-beatriz-no-aborto-y-dio-a-luz-a-su-hija-con-anencefalia","status":"publish","type":"post","link":"http:\/\/catolicasmexico.com\/blog\/el-salvador-beatriz-no-aborto-y-dio-a-luz-a-su-hija-con-anencefalia\/","title":{"rendered":"El Salvador: \u00abBeatriz\u00bb no abort\u00f3 y dio a luz a su hija con anencefalia"},"content":{"rendered":"<p><a href=\"http:\/\/catolicasmexico.com\/blog\/wp-content\/uploads\/2013\/06\/20130604-1720382.jpg\"><img src=\"http:\/\/catolicasmexico.com\/blog\/wp-content\/uploads\/2013\/06\/20130604-1720382.jpg\" alt=\"20130604-172038.jpg\" class=\"alignnone size-full\"  \/> <\/a><\/p>\n<p>SAN SALVADOR, 04 Jun. 13 \/ 12:15 pm (ACI\/EWTN Noticias).- \u00abBeatriz\u00bb -nombre ficticio- una joven de 22 a\u00f1os que padece lupus y estaba embarazada de una ni\u00f1a con anencefalia, no se someti\u00f3 a un aborto y dio a luz a trav\u00e9s de una ces\u00e1rea ayer, alrededor del mediod\u00eda (hora de El Salvador), pero la beb\u00e9 falleci\u00f3 de causas naturales debido a su condici\u00f3n, cerca de cinco horas despu\u00e9s del parto.<\/p>\n<p>En un comunicado remitido hoy a ACI Prensa, el movimiento pro-vida salvadore\u00f1o VIDA SV confirm\u00f3 que \u00ab\u2018Beatriz\u2019 ha dado a luz a su hija por medio de un parto por ces\u00e1rea y la beb\u00e9 tuvo 5 horas de vida\u00bb.<\/p>\n<p>\u00abLa vida le gan\u00f3 a la muerte a\u00fan por unas horas. Nos manifestamos alegres de que la sentencia dada por la CSJ (Corte Suprema de Justicia) busc\u00f3 y logr\u00f3 proteger ambas vidas\u00bb, expres\u00f3.<\/p>\n<p>El caso de \u00abBeatriz\u00bb fue manipulado con mentiras por organizaciones que buscan la legalizaci\u00f3n del aborto en El Salvador, entre las que se encuentran Amnist\u00eda Internacional (AI), Human Rights Watch y Women\u2019s Link, la misma que lider\u00f3 la legalizaci\u00f3n del aborto en Colombia.<\/p>\n<p>El lobby abortista difundi\u00f3 en la opini\u00f3n p\u00fablica la idea de que la vida de la joven salvadore\u00f1a corr\u00eda grave peligro si no se somet\u00eda a un aborto y, seg\u00fan AI, mantener con vida en el vientre a la beb\u00e9 con anencefalia pod\u00eda \u00abser a futuro la causa de complicaciones obst\u00e9tricas\u00bb.<\/p>\n<p>En un intento de legalizar el mal llamado aborto \u00abterap\u00e9utico\u00bb en El Salvador, dos abogados miembros de la \u00abAgrupaci\u00f3n Ciudadana por la despenalizaci\u00f3n del aborto Terap\u00e9utico, \u00c9tico y Eug\u00e9nesico\u00bb, V\u00edctor Hugo Mata Tobar y Dennis Estanley Mu\u00f1oz Rosa presentaron, en \u00abrepresentaci\u00f3n\u00bb de la joven, una acci\u00f3n de amparo ante la Sala de lo Constitucional de la Corte Suprema de Justicia (CSJ), asegurando que era \u00abnecesario interrumpir la gestaci\u00f3n de manera inmediata, para evitar colocar a la peticionaria en peligro inminente de muerte\u00bb.<\/p>\n<p>Sin embargo, tras evaluar a \u00abBeatriz\u00bb, a petici\u00f3n de la Sala de lo Constitucional, los expertos del Instituto de Medicina Legal (IML) de El Salvador, determinaron de forma un\u00e1nime que no exist\u00eda \u00abuna raz\u00f3n m\u00e9dica para suspender el embarazo\u00bb.<\/p>\n<p>El director del IML, Dr. Jos\u00e9 Miguel Fort\u00edn, denunci\u00f3 ante un medio televisivo local que \u00abse ha estado manipulando a la muchacha desde el principio y se est\u00e1n diciendo cosas que no son verdad y que Medicina Legal no puede acompa\u00f1ar\u00bb, y asegur\u00f3 que era falso \u00abque est\u00e9 en riesgo inminente, no es cierto que vaya a mejorar si se le saca al ni\u00f1o y no es cierto que El Salvador es un estado talib\u00e1n\u00bb.<\/p>\n<p>Ante la contundente evidencia m\u00e9dica, la Sala de lo Constitucional de la CSJ determin\u00f3 el 29 de mayo rechazar la acci\u00f3n de amparo que buscaba que se le practique un aborto a \u00abBeatriz\u00bb y subray\u00f3 en su sentencia que \u00abexiste un impedimento absoluto para autorizar la pr\u00e1ctica de un aborto por contrariar la protecci\u00f3n constitucional que se otorga a la persona humana desde el momento de la concepci\u00f3n\u00bb.<\/p>\n<p>A\u00fan m\u00e1s reveladora es la p\u00e1gina 41 del fallo de la instancia judicial salvadore\u00f1a, en la que los magistrados aseguran que, durante una audiencia con ellos, \u00abBeatriz\u00bb manifest\u00f3 que no quer\u00eda que se le practique un aborto.<\/p>\n<p>A pesar de esto, la sentencia de la Sala de lo Constitucional fue catalogada por la ONG abortista Amnist\u00eda Internacional como \u00abvergonzosa y discriminatoria\u00bb, pues no haberle realizado el aborto a la joven salvadore\u00f1a \u00abes algo cruel, inhumano y degradante\u00bb.<\/p>\n<p>En su comunicado el movimiento VIDA SV, conformado por j\u00f3venes pro-vida de El Salvador, reiter\u00f3 su denuncia que \u00abel caso \u2018Beatriz\u2019 fue un caso fabricado con el \u00fanico prop\u00f3sito de legalizar el aborto en nuestro pa\u00eds\u00bb y calific\u00f3 el resultado, con el nacimiento por ces\u00e1rea de la hija de la joven como \u00abun fracaso de quienes manipularon la opini\u00f3n p\u00fablica en base a falsos diagn\u00f3sticos, el temor y la instrumentalizaci\u00f3n de una persona humana en vulnerabilidad\u00bb.<\/p>\n<p>\u00abEl aborto no es m\u00e9dicamente necesario para salvar la vida de una mujer. Llevar a cabo un aborto durante un embarazo conflictivo solamente aumenta los riesgos en la salud de la madre, por lo tanto \u2018Beatriz\u2019 nunca necesito un aborto, su enfermedad (LES) nunca estuvo activa, por lo que nunca estuvo en peligro inminente de muerte\u00bb.<\/p>\n<p>VIDA SV indic\u00f3 adem\u00e1s que \u00ab\u2018Beatriz\u2019 nunca tuvo insuficiencia renal y \u2018Beatriz\u2019 nunca quiso abortar a su hija\u00bb.<\/p>\n<p>Adem\u00e1s, desde que se solicit\u00f3 el amparo ante la Sala de lo Constitucional, \u00absiempre existi\u00f3 otra alternativa m\u00e9dica totalmente \u00e9tica y l\u00edcita: el parto inducido\u00bb.<\/p>\n<p>El movimiento pro-vida salvadore\u00f1o destac\u00f3 que la beb\u00e9 de \u00abBeatriz\u00bb \u00abmuri\u00f3 por razones naturales y no por un aborto\u00bb y salud\u00f3 que \u00abnuestra legislaci\u00f3n salvadore\u00f1a, adem\u00e1s de proteger la integridad f\u00edsica de la madre ha garantizado una muerte digna para su hija y forzado a las autoridades de salud a buscar soluciones reales que conserven la \u00e9tica profesional\u00bb.<\/p>\n<p>Por su parte, en declaraciones para ACI Prensa el 4 de junio, la directora ejecutiva de la Fundaci\u00f3n S\u00ed a la Vida, Georgina de Rivas, indic\u00f3 que \u00ab\u2018Beatriz\u2019 se encuentra bien, recibiendo las atenciones debidas por lo que manifiestan tenerla en cuidados intensivos\u00bb.<\/p>\n<p>La l\u00edder pro-vida se\u00f1al\u00f3 que \u00aben sus 5 horas de vida, esta beb\u00e9 deja constancia de que todo ser humano tiene derecho a morir dignamente en brazos de su madre\u00bb.<\/p>\n<p>\u00abElevemos nuestras oraciones para pedir consuelo para sus padres y abuela y una pronta recuperaci\u00f3n para \u2018Beatriz\u2019\u00bb, expres\u00f3.<\/p>\n<p>Seg\u00fan revelaron en conferencia de prensa esta ma\u00f1ana las autoridades del Ministerio de Salud de El Salvador, junto a m\u00e9dicos del Hospital de la Maternidad, aseguraron que la ces\u00e1rea se realiz\u00f3 sin complicaciones y que la salud de \u00abBeatriz\u00bb, quien permanece en la Unidad de Cuidados Intensivos, evoluciona favorablemente.<\/p>\n<p>Ayer la plataforma Derecho a Vivir lanz\u00f3 una campa\u00f1a recolecci\u00f3n de firmas para pedirle al presidente de El Salvador, Mauricio Funes, que \u00abresista a la campa\u00f1a de intimidaci\u00f3n del lobby abortista\u00bb, subrayando que \u00ab\u2018Beatriz\u2019 quiere vivir, no quiere abortar\u00bb, la que en menos de 24 horas recogi\u00f3 m\u00e1s de 12 400 r\u00fabricas.<\/p>\n","protected":false},"excerpt":{"rendered":"<p>SAN SALVADOR, 04 Jun. 13 \/ 12:15 pm (ACI\/EWTN Noticias).- \u00abBeatriz\u00bb -nombre ficticio- una joven de 22 a\u00f1os que padece lupus y estaba embarazada de una ni\u00f1a con anencefalia, no se someti\u00f3 a un aborto y dio a luz a trav\u00e9s de una ces\u00e1rea ayer, alrededor del mediod\u00eda (hora de El Salvador), pero la beb\u00e9 [&hellip;]<\/p>\n","protected":false},"author":2,"featured_media":720,"comment_status":"open","ping_status":"open","sticky":false,"template":"","format":"standard","meta":{"spay_email":"","jetpack_publicize_message":"","jetpack_is_tweetstorm":false},"categories":[9,27],"tags":[],"aioseo_notices":[],"jetpack_featured_media_url":"http:\/\/catolicasmexico.com\/blog\/wp-content\/uploads\/2013\/06\/20130604-1720382.jpg","jetpack_publicize_connections":[],"jetpack_shortlink":"https:\/\/wp.me\/p3B5XH-bD","jetpack-related-posts":[{"id":688,"url":"http:\/\/catolicasmexico.com\/blog\/derecho-a-vivir-critica-las-mentiras-del-lobby-del-aborto-en-caso-beatriz\/","url_meta":{"origin":721,"position":0},"title":"Derecho a Vivir critica las mentiras del lobby del aborto en caso \u201cBeatriz\u201d","date":"3 junio 2013","format":false,"excerpt":"Noticia de ETWN. \u201cBeatriz\u201d nunca quiso aborto: La estafa del lobby de la muerte. Derecho a Vivir critica las mentiras del lobby del aborto en caso \u201cBeatriz\u201d El fallo emitido por la Sala de lo Constitucional de la Corte Suprema de Justicia (CSJ) de El Salvador el 29 de mayo,\u2026","rel":"","context":"En \u00abAborto\u00bb","img":{"alt_text":"","src":"","width":0,"height":0},"classes":[]},{"id":274,"url":"http:\/\/catolicasmexico.com\/blog\/los-ciudadanos-denuncian-la-manipulacion-del-caso-beatriz-en-el-salvador-para-promover-la-legalizacion-del-aborto\/","url_meta":{"origin":721,"position":1},"title":"Los ciudadanos denuncian la manipulaci\u00f3n del \"caso Beatriz\", en El Salvador para promover la legalizaci\u00f3n del aborto.","date":"12 mayo 2013","format":false,"excerpt":"M\u00e1s de 50 organizaciones c\u00edvicas, integradas en Red Familia, denuncian la estrategia de presi\u00f3n abortista y ofrecen alternativas. \u00a0 REDACCI\u00d3N HO.-\u00a0La Fundaci\u00f3n\u00a0S\u00ed a la Vida\u00a0de El Salvador traslada a Noticias HO su denuncia y preocupaci\u00f3n por el hecho de que\u00a0el caso de\u00a0Beatriz\u00a0-nombre supuesto para salvaguardar la identidad de una joven\u2026","rel":"","context":"En \u00abAborto\u00bb","img":{"alt_text":"","src":"https:\/\/i0.wp.com\/catolicasmexico.com\/blog\/wp-content\/uploads\/2015\/07\/Julia-Regina-de-Cardenal.jpg?resize=350%2C200","width":350,"height":200},"classes":[]},{"id":3649,"url":"http:\/\/catolicasmexico.com\/blog\/embarazada-a-los-17-aun-con-un-diagnostico-de-anencefalia-dijo-si-a-la-vida\/","url_meta":{"origin":721,"position":2},"title":"Embarazada a los 17, aun con un diagn\u00f3stico de anencefalia, dijo s\u00ed a la vida","date":"12 marzo 2015","format":false,"excerpt":"Articulo original por Rebeca o ' Brien LifeSiteNews - traducido del sitio Campagne Quebec Vie para catolicasmexico.com \u00a0 MICAH ten\u00eda diecisiete a\u00f1os cuando descubri\u00f3 que estaba embarazada. Pero el aborto simplemente no era una opci\u00f3n para ella y su novio, Kyle. \u00a0 \"No est\u00e1bamos preparados en absoluto, pero ambos sentimos\u2026","rel":"","context":"En \u00abEmbarazo\u00bb","img":{"alt_text":"","src":"https:\/\/i0.wp.com\/catolicasmexico.com\/blog\/wp-content\/uploads\/2015\/03\/Ambra_333_500_55.jpg?resize=350%2C200","width":350,"height":200},"classes":[]},{"id":613,"url":"http:\/\/catolicasmexico.com\/blog\/buenas-noticias-triunfo-pro-vida-la-corte-suprema-de-el-salvador-no-se-deja-enganar-por-el-supuesto-conflicto-de-intereses\/","url_meta":{"origin":721,"position":3},"title":"Buenas noticias, triunfo Pro-Vida : La Corte suprema de El salvador no se Deja  enga\u00f1ar por el supuesto \"conflicto de intereses\"","date":"30 mayo 2013","format":false,"excerpt":"El Salvador protege la vida frente al enga\u00f1o abortista. Noticia de HO. \"Los derechos de la madre no pueden privilegiarse sobre los del nasciturus\": la Corte Suprema no se amilana ante el lobby abortista, que con campa\u00f1as como la desatada por Amnist\u00eda Internacional y el IPPF manipulan el caso Beatriz\u2026","rel":"","context":"En \u00abAborto\u00bb","img":{"alt_text":"","src":"https:\/\/i1.wp.com\/catolicasmexico.com\/blog\/wp-content\/uploads\/2013\/05\/image-121.jpeg?resize=350%2C200","width":350,"height":200},"classes":[]},{"id":3383,"url":"http:\/\/catolicasmexico.com\/blog\/penso-que-su-bebe-habia-muerto-durante-el-aborto-tardio-pero-luego-sintio-una-patada\/","url_meta":{"origin":721,"position":4},"title":"Pens\u00f3 que su beb\u00e9 hab\u00eda muerto durante el aborto tard\u00edo, pero luego sinti\u00f3 \u201cuna patada\u201d","date":"1 septiembre 2014","format":false,"excerpt":"Art\u00edculo www.lifenews.com traducci\u00f3n y edici\u00f3n libre Sr. Mart\u00edn Pacheco. Con solamente unos d\u00edas para organizar el procedimiento, Smith pidi\u00f3 prestado los $25,000 necesarios a sus familiares y se dirigi\u00f3 a la cl\u00ednica abortista del Dr. Warren Hern, ubicada en Boulder, Colorado. Esta es una de las cuatro cl\u00ednicas que proveen\u2026","rel":"","context":"En \u00abAborto\u00bb","img":{"alt_text":"","src":"","width":0,"height":0},"classes":[]},{"id":3495,"url":"http:\/\/catolicasmexico.com\/blog\/una-pareja-dijo-no-al-aborto-a-pesar-del-diagnostico-el-bebe-nacio-completamente-sano\/","url_meta":{"origin":721,"position":5},"title":"Una pareja dijo no al aborto, a pesar del diagn\u00f3stico. \u00a1El beb\u00e9 naci\u00f3 completamente sano!","date":"30 octubre 2014","format":false,"excerpt":"Art\u00edculo original: Sarah Zagorski, Dubl\u00edn, Irlanda, Lifesnews.com, traducci\u00f3n y edici\u00f3n libre Jules para cat\u00f3licas M\u00e9xico 22 de octubre de 2014. Cuando Melanie y Damion Sheenan fueron al hospital para una ecograf\u00eda del vientre de Melanie, veinte semanas embarazada, recibieron una noticia muy preocupante. El m\u00e9dico les dijo que su hijo\u2026","rel":"","context":"En \u00abAborto\u00bb","img":{"alt_text":"","src":"https:\/\/i2.wp.com\/catolicasmexico.com\/blog\/wp-content\/uploads\/2014\/10\/joshuasheenan.png?resize=350%2C200","width":350,"height":200},"classes":[]}],"jetpack_likes_enabled":false,"jetpack_sharing_enabled":true,"_links":{"self":[{"href":"http:\/\/catolicasmexico.com\/blog\/wp-json\/wp\/v2\/posts\/721"}],"collection":[{"href":"http:\/\/catolicasmexico.com\/blog\/wp-json\/wp\/v2\/posts"}],"about":[{"href":"http:\/\/catolicasmexico.com\/blog\/wp-json\/wp\/v2\/types\/post"}],"author":[{"embeddable":true,"href":"http:\/\/catolicasmexico.com\/blog\/wp-json\/wp\/v2\/users\/2"}],"replies":[{"embeddable":true,"href":"http:\/\/catolicasmexico.com\/blog\/wp-json\/wp\/v2\/comments?post=721"}],"version-history":[{"count":1,"href":"http:\/\/catolicasmexico.com\/blog\/wp-json\/wp\/v2\/posts\/721\/revisions"}],"predecessor-version":[{"id":722,"href":"http:\/\/catolicasmexico.com\/blog\/wp-json\/wp\/v2\/posts\/721\/revisions\/722"}],"wp:featuredmedia":[{"embeddable":true,"href":"http:\/\/catolicasmexico.com\/blog\/wp-json\/wp\/v2\/media\/720"}],"wp:attachment":[{"href":"http:\/\/catolicasmexico.com\/blog\/wp-json\/wp\/v2\/media?parent=721"}],"wp:term":[{"taxonomy":"category","embeddable":true,"href":"http:\/\/catolicasmexico.com\/blog\/wp-json\/wp\/v2\/categories?post=721"},{"taxonomy":"post_tag","embeddable":true,"href":"http:\/\/catolicasmexico.com\/blog\/wp-json\/wp\/v2\/tags?post=721"}],"curies":[{"name":"wp","href":"https:\/\/api.w.org\/{rel}","templated":true}]}}