{"id":713,"date":"2013-06-04T11:28:39","date_gmt":"2013-06-04T16:28:39","guid":{"rendered":"http:\/\/catolicasmexico.com\/blog\/?p=713"},"modified":"2013-06-04T11:28:40","modified_gmt":"2013-06-04T16:28:40","slug":"sangre-encontrada-en-hostia-es-humana","status":"publish","type":"post","link":"http:\/\/catolicasmexico.com\/blog\/sangre-encontrada-en-hostia-es-humana\/","title":{"rendered":"Sangre encontrada en hostia, es humana."},"content":{"rendered":"<p><a href=\"http:\/\/catolicasmexico.com\/blog\/wp-content\/uploads\/2013\/06\/20130604-123013.jpg\"><img src=\"http:\/\/catolicasmexico.com\/blog\/wp-content\/uploads\/2013\/06\/20130604-123013.jpg\" alt=\"20130604-123013.jpg\" class=\"alignnone size-full\"  \/> <\/a><\/p>\n<p>Estudios revelan que la sangre es de tipo AB; seg\u00fan el presidente del Grupo Internacional para la Paz, la sangre emana del interior de la hostia y no fue colocada sobre ella.<\/p>\n<p>Noticias televisa.<br \/>\nCHILPANCINGO, M\u00e9xico, mayo 28, 2013.- Este fin de semana se realiz\u00f3 en Chilpancingo, Guerrero, el segundo Simposio Internacional \u00abHacia un Di\u00e1logo entre la Ciencia y la Fe\u00bb, en el que se presentaron los resultados de ex\u00e1menes realizados a una hostia que el 22 de octubre del 2006, al momento de celebrar la comuni\u00f3n en la parroquia de Tixtla, fue encontrada con manchas de un l\u00edquido rojo.<\/p>\n<p>Diversos estudios comprobaron la autenticidad de la hostia y que el l\u00edquido hallado es sangre humana proveniente de un coraz\u00f3n.<\/p>\n<p>\u00abEsto es el tejido de c\u00e9lulas vegetales que corresponde a la parte blanca de la hostia. Las hostias son de trigo. Entre las conclusiones se dijo que era muy posible que s\u00ed hab\u00eda m\u00fasculo cardiaco\u00bb, se\u00f1al\u00f3 Carlos Parellada, ponente de \u00abResultados Histopatol\u00f3gicos\u00bb.<\/p>\n<p>\u00abSe trata de tejido de coraz\u00f3n, que se trata de sangre humana, que tiene una tipicidad que es el AB\u00bb, dijo Eduardo S\u00e1nchez Loza, ponente de \u00abAn\u00e1lisis Forense de una Hostia\u00bb.<\/p>\n<p>Los estudios revelados comprobaron tambi\u00e9n que la sangre no fue depositada en la hostia.<\/p>\n<p>\u00abQue la sustancia es sangre humana, la sangre corresponde al tipo AB, registra la presencia de hemoglobina, se han identificado gl\u00f3bulos rojos, gl\u00f3bulos blancos de distintos tipos, confirma la presencia de ADN humano. La sustancia no ha sido colocada a trav\u00e9s con una fuente externa sino que emana de su interior\u00bb, asegur\u00f3 Ricardo Casta\u00f1\u00f3n G\u00f3mez, presidente del \u00abGrupo Internacional para la Paz\u00bb.<\/p>\n<p>La iglesia en Chilpancingo inform\u00f3 que someter\u00e1n a consulta los resultados para dictaminar si se trata o no de un milagro.<\/p>\n<p>\u00abEl milagro principal es que est\u00e1 en la eucarist\u00eda, ya lo dem\u00e1s vamos a consultar para si es conveniente alabarlo como un milagro\u00bb, expres\u00f3 Alejo Zavala Castro, obispo de la di\u00f3cesis Chilpancingo-Chilapa.<\/p>\n<p>\u00abEs extraordinario todo lo que nos dijeron acerca de que \u00e9l est\u00e1 presente. No hay ning\u00fan fraude en esto sino \u00e9l est\u00e1 all\u00ed. \u00bfSangrando? Est\u00e1 sangrando\u00bb, se\u00f1al\u00f3 Mar\u00eda Navarro, quien asisti\u00f3 al simposio.<\/p>\n<p>Tras finalizar el simposio, la hostia, que fue descubierta en el 2006, fue presentada por primera vez al p\u00fablico.<\/p>\n<p><a href=\"http:\/\/catolicasmexico.com\/blog\/wp-content\/uploads\/2013\/06\/20130604-122841.jpg\"><img src=\"http:\/\/catolicasmexico.com\/blog\/wp-content\/uploads\/2013\/06\/20130604-122841.jpg\" alt=\"20130604-122841.jpg\" class=\"alignnone size-full\"  \/> <\/a><\/p>\n","protected":false},"excerpt":{"rendered":"<p>Estudios revelan que la sangre es de tipo AB; seg\u00fan el presidente del Grupo Internacional para la Paz, la sangre emana del interior de la hostia y no fue colocada sobre ella. Noticias televisa. CHILPANCINGO, M\u00e9xico, mayo 28, 2013.- Este fin de semana se realiz\u00f3 en Chilpancingo, Guerrero, el segundo Simposio Internacional \u00abHacia un Di\u00e1logo [&hellip;]<\/p>\n","protected":false},"author":2,"featured_media":712,"comment_status":"open","ping_status":"open","sticky":false,"template":"","format":"standard","meta":{"spay_email":"","jetpack_publicize_message":"","jetpack_is_tweetstorm":false},"categories":[25],"tags":[],"aioseo_notices":[],"jetpack_featured_media_url":"http:\/\/catolicasmexico.com\/blog\/wp-content\/uploads\/2013\/06\/20130604-123013.jpg","jetpack_publicize_connections":[],"jetpack_shortlink":"https:\/\/wp.me\/p3B5XH-bv","jetpack-related-posts":[{"id":1434,"url":"http:\/\/catolicasmexico.com\/blog\/lo-que-al-parecer-es-un-milagro-en-jardines-de-la-paz-guadalajara-mexico\/","url_meta":{"origin":713,"position":0},"title":"Lo que al parecer es un \"Milagro Eucar\u00edstico\"en Jardines de la Paz, Guadalajara. M\u00e9xico.","date":"26 julio 2013","format":false,"excerpt":"Comentario de www.catolicasmexico.com El hecho se produjo, apenas el d\u00eda de ayer, tendremos que esperar, una vez que se comiencen los estudios un tiempo para conocer el resultados de los mismos. Sin embargo, nosotros como cat\u00f3licos estamos seguros de la presencia de Nuestro Se\u00f1or Jesucristo en la Santa Eucarist\u00eda. He\u2026","rel":"","context":"En \u00abFe\u00bb","img":{"alt_text":"","src":"https:\/\/i0.wp.com\/catolicasmexico.com\/blog\/wp-content\/uploads\/2013\/07\/20130726-142344.jpg?resize=350%2C200","width":350,"height":200},"classes":[]},{"id":4501,"url":"http:\/\/catolicasmexico.com\/blog\/un-sacerdote-fue-acusado-de-agresion-por-defender-la-santa-eucaristia-durante-una-misa-tradicional\/","url_meta":{"origin":713,"position":1},"title":"Un sacerdote fue acusado de agresi\u00f3n por Defender la Santa Eucarist\u00eda durante una misa tradicional.","date":"2 mayo 2017","format":false,"excerpt":"Los hechos fueron reportados por hermanos cat\u00f3licos de Brasil en la ciudad de Niteroi cerca de la ciudad de R\u00edo de Janeiro. Durante la \u00faltima misa del mi\u00e9rcoles de cenizas, celebrada por el padre Anderson Batista da Silva, entr\u00f3 un hombre y empez\u00f3 a quejarse del rito, de los cantos\u2026","rel":"","context":"En \u00abataques contra la Iglesia Catolica\u00bb","img":{"alt_text":"","src":"https:\/\/i0.wp.com\/catolicasmexico.com\/blog\/wp-content\/uploads\/2017\/05\/brazil_report_002.jpg?resize=350%2C200","width":350,"height":200},"classes":[]},{"id":3155,"url":"http:\/\/catolicasmexico.com\/blog\/1-de-julio-hoy-celebramos-la-preciosisima-sangre-de-nuestro-senor-jesucristo\/","url_meta":{"origin":713,"position":2},"title":"1 de Julio, hoy celebramos La Precios\u00edsima Sangre de Nuestro Se\u00f1or Jesucristo.","date":"1 julio 2014","format":false,"excerpt":"Mes de Julio dedicado a la Precios\u00edsima Sangre de Nuestro Se\u00f1or Jesucristo. Instituida en 1849 por el papa P\u00edo IX, la fiesta de la Precios\u00edsima Sangre de Nuestro Se\u00f1or, fue elevada al rango de doble de la clase por P\u00edo XI, con ocasi\u00f3n del decimanono centenario de la muerte del\u2026","rel":"","context":"En \u00abSantoral\u00bb","img":{"alt_text":"","src":"","width":0,"height":0},"classes":[]},{"id":231,"url":"http:\/\/catolicasmexico.com\/blog\/la-cabeza-de-un-bebe-es-encontrada-adentro-de-un-paciente-en-una-clinica-abortiva-en-michigan\/","url_meta":{"origin":713,"position":3},"title":"La cabeza de un bebe es encontrada adentro de un paciente en una cl\u00ednica abortiva en Michigan.","date":"11 mayo 2013","format":false,"excerpt":"Traducci\u00f3n realizada por Monica Y. (Lifenews.com) Un abortista originario del estado de Michigan que ten\u00eda una cl\u00ednica para practicar abortos que fue cerrada en el 2012 afrenta acusaciones de un m\u00e9dico interno quien encontr\u00f3 la cabeza de un bebe seriamente da\u00f1ada adentro del cuerpo de uno de sus pacientes. En\u2026","rel":"","context":"En \u00abAborto\u00bb","img":{"alt_text":"","src":"https:\/\/i2.wp.com\/catolicasmexico.com\/blog\/wp-content\/uploads\/2013\/05\/image-91.jpeg?resize=350%2C200","width":350,"height":200},"classes":[]},{"id":625,"url":"http:\/\/catolicasmexico.com\/blog\/hora-mundial-de-adoracion-eucaristica\/","url_meta":{"origin":713,"position":4},"title":"Hora Mundial de Adoraci\u00f3n Eucaristica.","date":"30 mayo 2013","format":false,"excerpt":"Traducci\u00f3n y redacci\u00f3n libre www.catolicasmexico.com Fuente de Informaci\u00f3n del sitio : http:\/\/concatedralalicante.com\/ Hora mundial de adoraci\u00f3n Eucar\u00edstica, (10 a.m. a 11 a.m hora del centro de M\u00e9xico) El papa Francisco, con motivo del A\u00f1o de la Fe, ha convocado a toda la Iglesia a un gesto \u00fanico e hist\u00f3rico:la tarde\u2026","rel":"","context":"En \u00abFe\u00bb","img":{"alt_text":"","src":"","width":0,"height":0},"classes":[]},{"id":1992,"url":"http:\/\/catolicasmexico.com\/blog\/el-milagro-eucaristico-de-avignon\/","url_meta":{"origin":713,"position":5},"title":"El milagro eucar\u00edstico de Avign\u00f3n","date":"4 noviembre 2013","format":false,"excerpt":"Las aguas se abrieron para proteger al Se\u00f1or. La ciudad de Avignon en el sur de Francia, est\u00e1 ubicada en la margen izquierda del r\u00edo R\u00f3dano, a unos 650 km. al sureste de Par\u00eds. Durante varios a\u00f1os esta ciudad fue la sede de los papas de la Iglesia Cat\u00f3lica. Pero\u2026","rel":"","context":"En \u00abFe\u00bb","img":{"alt_text":"","src":"https:\/\/i2.wp.com\/catolicasmexico.com\/blog\/wp-content\/uploads\/2015\/07\/capilla-de-la-santa-cruz-milagro-de-avignon.jpg?resize=350%2C200","width":350,"height":200},"classes":[]}],"jetpack_likes_enabled":false,"jetpack_sharing_enabled":true,"_links":{"self":[{"href":"http:\/\/catolicasmexico.com\/blog\/wp-json\/wp\/v2\/posts\/713"}],"collection":[{"href":"http:\/\/catolicasmexico.com\/blog\/wp-json\/wp\/v2\/posts"}],"about":[{"href":"http:\/\/catolicasmexico.com\/blog\/wp-json\/wp\/v2\/types\/post"}],"author":[{"embeddable":true,"href":"http:\/\/catolicasmexico.com\/blog\/wp-json\/wp\/v2\/users\/2"}],"replies":[{"embeddable":true,"href":"http:\/\/catolicasmexico.com\/blog\/wp-json\/wp\/v2\/comments?post=713"}],"version-history":[{"count":1,"href":"http:\/\/catolicasmexico.com\/blog\/wp-json\/wp\/v2\/posts\/713\/revisions"}],"predecessor-version":[{"id":714,"href":"http:\/\/catolicasmexico.com\/blog\/wp-json\/wp\/v2\/posts\/713\/revisions\/714"}],"wp:featuredmedia":[{"embeddable":true,"href":"http:\/\/catolicasmexico.com\/blog\/wp-json\/wp\/v2\/media\/712"}],"wp:attachment":[{"href":"http:\/\/catolicasmexico.com\/blog\/wp-json\/wp\/v2\/media?parent=713"}],"wp:term":[{"taxonomy":"category","embeddable":true,"href":"http:\/\/catolicasmexico.com\/blog\/wp-json\/wp\/v2\/categories?post=713"},{"taxonomy":"post_tag","embeddable":true,"href":"http:\/\/catolicasmexico.com\/blog\/wp-json\/wp\/v2\/tags?post=713"}],"curies":[{"name":"wp","href":"https:\/\/api.w.org\/{rel}","templated":true}]}}