{"id":700,"date":"2013-06-04T11:10:14","date_gmt":"2013-06-04T16:10:14","guid":{"rendered":"http:\/\/catolicasmexico.com\/blog\/?p=700"},"modified":"2017-07-22T01:27:48","modified_gmt":"2017-07-22T06:27:48","slug":"feminista-y-pro-vida-al-mismo-tiempo","status":"publish","type":"post","link":"http:\/\/catolicasmexico.com\/blog\/feminista-y-pro-vida-al-mismo-tiempo\/","title":{"rendered":"Feminista y pro-vida al mismo tiempo."},"content":{"rendered":"<div id=\"attachment_4092\" style=\"width: 610px\" class=\"wp-caption alignleft\"><a href=\"http:\/\/catolicasmexico.com\/blog\/wp-content\/uploads\/2015\/11\/2015-11-16-niles-a.jpg\"><img aria-describedby=\"caption-attachment-4092\" data-attachment-id=\"4092\" data-permalink=\"http:\/\/catolicasmexico.com\/blog\/una-decision-mayor-esta-por-ser-tomada-por-la-suprema-corte\/anti-abortion-protestors-hold-up-signs-as-they-celebrate-u-s-supreme-court-ruling-against-protective-buffer-zones-around-abortion-clinics-outside-the-court-in-washington\/\" data-orig-file=\"http:\/\/catolicasmexico.com\/blog\/wp-content\/uploads\/2015\/11\/2015-11-16-niles-a.jpg\" data-orig-size=\"1100,733\" data-comments-opened=\"1\" data-image-meta=\"{&quot;aperture&quot;:&quot;0&quot;,&quot;credit&quot;:&quot;REUTERS&quot;,&quot;camera&quot;:&quot;&quot;,&quot;caption&quot;:&quot;Anti-abortion protestors celebrate the U.S. Supreme Court&#039;s ruling striking down a Massachusetts law that mandated a protective buffer zone around abortion clinics,  outside the Court in Washington June 26, 2014. On a 9-0 vote, the court said the 2007 law violated the freedom of speech rights of anti-abortion protesters under the First Amendment of the U.S. Constitution in preventing them from standing on the sidewalk and speaking to people entering the clinics. REUTERS\\\/Jim Bourg  (UNITED STATES - Tags: POLITICS CRIME LAW HEALTH CIVIL UNREST)&quot;,&quot;created_timestamp&quot;:&quot;0&quot;,&quot;copyright&quot;:&quot;&quot;,&quot;focal_length&quot;:&quot;0&quot;,&quot;iso&quot;:&quot;0&quot;,&quot;shutter_speed&quot;:&quot;0&quot;,&quot;title&quot;:&quot;Anti-abortion protestors hold up signs as they celebrate U.S. Supreme Court ruling against protective buffer zones around abortion clinics, outside the Court in Washington&quot;,&quot;orientation&quot;:&quot;0&quot;}\" data-image-title=\"Anti-abortion protestors hold up signs as they celebrate U.S. Supreme Court ruling against protective buffer zones around abortion clinics, outside the Court in Washington\" data-image-description=\"\" data-medium-file=\"http:\/\/catolicasmexico.com\/blog\/wp-content\/uploads\/2015\/11\/2015-11-16-niles-a-300x200.jpg\" data-large-file=\"http:\/\/catolicasmexico.com\/blog\/wp-content\/uploads\/2015\/11\/2015-11-16-niles-a-1024x682.jpg\" src=\"http:\/\/catolicasmexico.com\/blog\/wp-content\/uploads\/2015\/11\/2015-11-16-niles-a-1024x682.jpg\" alt=\"\" width=\"600\" height=\"400\" class=\"size-large wp-image-4092\" srcset=\"http:\/\/catolicasmexico.com\/blog\/wp-content\/uploads\/2015\/11\/2015-11-16-niles-a-1024x682.jpg 600w, http:\/\/catolicasmexico.com\/blog\/wp-content\/uploads\/2015\/11\/2015-11-16-niles-a-300x200.jpg 300w, http:\/\/catolicasmexico.com\/blog\/wp-content\/uploads\/2015\/11\/2015-11-16-niles-a-150x150.jpg 150w\" sizes=\"100vw\" \/> <\/a><p id=\"caption-attachment-4092\" class=\"wp-caption-text\">Anti-abortion protestors celebrate the U.S. Supreme Court&#8217;s ruling striking down a Massachusetts law that mandated a protective buffer zone around abortion clinics,  outside the Court in Washington June 26, 2014. On a 9-0 vote, the court said the 2007 law violated the freedom of speech rights of anti-abortion protesters under the First Amendment of the U.S. Constitution in preventing them from standing on the sidewalk and speaking to people entering the clinics. REUTERS\/Jim Bourg  (UNITED STATES &#8211; Tags: POLITICS CRIME LAW HEALTH CIVIL UNREST)<\/p><\/div>\n<p>(feminismo Pro-Choice, un feminismo est\u00e9ril auto destructor).<br \/>\nArt\u00edculo, de Cqv.qc.ca<br \/>\nTraducci\u00f3n del franc\u00e9s y redacci\u00f3n libre P.G. de www.catolicasmexico.com<\/p>\n<p>Recientemente le\u00ed en la prensa: \u00abUna estudiante afirma que el feminismo debe pasar por el respeto de los no nacidos.\u00bb<\/p>\n<p>La estudiante en cuesti\u00f3n afirm\u00f3: \u00abPara algunos, esto puede parecer una paradoja ser pro-vida y feminista a la vez. Sin embargo,  cuando le\u00ed un reportaje de \u00abLa prensa\u00bb, sobre el genocidio y la sexoselecti\u00f3n que se practica en  algunos pa\u00edses del mundo, qued\u00e9 aterrada. Me parece que deber\u00eda haber un consenso prohibiendo el aborto que se basa, en el sexo del beb\u00e9.<br \/>\nComentario pro-vida\u00bb: \u00bb Me gustar\u00eda saber, si existe una diferencia real, entre dos mujeres que han tenido abortos de fetos femeninos, una porque sabe el sexo del beb\u00e9 y que insiste en tener un beb\u00e9 de sexo masculino y el otro, porque ella prefiere concentrarse en su carrera y no tener un hijo por el momento.<\/p>\n<p>Condenado a muerte a un beb\u00e9 por razones que se dicen arcaicas (la defensa de la dignidad humana) o por razones llamadas modernas (la sexoselecci\u00f3n), cada aborto es el asesinato a un ser humano inocente, sea mujer u hombre. Si el feminismo pretende defender a la mujer, tambi\u00e9n deber\u00eda defender al no nato.<\/p>\n","protected":false},"excerpt":{"rendered":"<p>(feminismo Pro-Choice, un feminismo est\u00e9ril auto destructor). Art\u00edculo, de Cqv.qc.ca Traducci\u00f3n del franc\u00e9s y redacci\u00f3n libre P.G. de www.catolicasmexico.com Recientemente le\u00ed en la prensa: \u00abUna estudiante afirma que el feminismo debe pasar por el respeto de los no nacidos.\u00bb La estudiante en cuesti\u00f3n afirm\u00f3: \u00abPara algunos, esto puede parecer una paradoja ser pro-vida y feminista [&hellip;]<\/p>\n","protected":false},"author":2,"featured_media":0,"comment_status":"open","ping_status":"open","sticky":false,"template":"","format":"standard","meta":{"spay_email":"","jetpack_publicize_message":"","jetpack_is_tweetstorm":false},"categories":[9,20],"tags":[],"aioseo_notices":[],"jetpack_featured_media_url":"","jetpack_publicize_connections":[],"jetpack_shortlink":"https:\/\/wp.me\/p3B5XH-bi","jetpack-related-posts":[{"id":945,"url":"http:\/\/catolicasmexico.com\/blog\/una-escritora-del-new-york-times-se-dice-agradecida-porque-el-aborto-inducido-permitio-que-su-hijo-mueriera-en-un-lugar-calido-y-amoroso\/","url_meta":{"origin":700,"position":0},"title":"Una escritora del New York Times se dice 'agradecida' porque el aborto inducido permiti\u00f3 que su hijo mueriera 'en un lugar c\u00e1lido y amoroso\"","date":"24 junio 2013","format":false,"excerpt":"Por Ben Johnson. Traducido y editado por Alejandro P. de www.catolicasmexico.com Viernes, 21 de junio de 2013 12:19 SEATTLE, 21 de junio de 2013 (LifeSiteNews.com) \u2013 Un ex miembro del Consejo de la ciudad de Seattle ha escrito en el New York Times que ella est\u00e1 \"agradecida\" que su aborto\u2026","rel":"","context":"En \u00abAborto\u00bb","img":{"alt_text":"","src":"https:\/\/i2.wp.com\/catolicasmexico.com\/blog\/wp-content\/uploads\/2015\/11\/2015-11-16-niles-a-1024x682.jpg?resize=350%2C200","width":350,"height":200},"classes":[]},{"id":150,"url":"http:\/\/catolicasmexico.com\/blog\/blood-money-dinero-de-sangre\/","url_meta":{"origin":700,"position":1},"title":"Blood Money (Dinero de Sangre)","date":"7 mayo 2013","format":false,"excerpt":"Documental que expone la verdad que se esconde detr\u00e1s de la Industria del aborto muestra las estrategias que llevan a cabo para conseguir el mayor n\u00famero de abortos sin importarles las mujeres y las familias enteras destrozadas por una industria cuyo objetivo \u00fanico es el dinero.","rel":"","context":"En \u00abAborto\u00bb","img":{"alt_text":"","src":"","width":0,"height":0},"classes":[]},{"id":3792,"url":"http:\/\/catolicasmexico.com\/blog\/un-hombre-pro-aborto-no-quiere-que-veas-este-video\/","url_meta":{"origin":700,"position":2},"title":"Un Hombre pro aborto  no quiere que veas este video","date":"11 junio 2015","format":false,"excerpt":"\u00bfEl aborto post natal? Miren este corte video que muestra como en la marcha provida Canad\u00e1 los pro muerte se comportan, mujeres semidesnudas lanzando injurias, un hombre disfrazado de feto trata de traspasar la barrera, pero lo peor es un hombre que afirma que el \"ABORTO POST-NATAL\" es una opci\u00f3n\u2026","rel":"","context":"En \u00abAborto\u00bb","img":{"alt_text":"","src":"https:\/\/i0.wp.com\/img.youtube.com\/vi\/4Oq5UrFT--E\/0.jpg?resize=350%2C200","width":350,"height":200},"classes":[]},{"id":2175,"url":"http:\/\/catolicasmexico.com\/blog\/que-puede-respetar-quien-no-respeta-la-vida\/","url_meta":{"origin":700,"position":3},"title":"\u00bfQue puede respetar quien no respeta la vida?","date":"7 diciembre 2013","format":false,"excerpt":"El 24 de noviembre de 2013, varios grupos feministas intentaron vandalizar la Catedral de Buenos Aires. La polic\u00eda se neg\u00f3 a detenerlos con el pretexto de que eran mujeres. S\u00f3lo un grupo de cat\u00f3licos pacifistas se interpuso someti\u00e9ndose a a escupitajos, insultos y agresiones, sin perder la calma. \u00a0 http:\/\/www.cqv.qc.ca\/fr\/que-peut-respecter-qui-ne-respecte-pas-la-vie#sthash.iPNSmGbk.dpuf","rel":"","context":"En \u00abAborto\u00bb","img":{"alt_text":"","src":"https:\/\/i0.wp.com\/catolicasmexico.com\/blog\/wp-content\/uploads\/2013\/12\/posadas.-ataque-feminista.jpg?resize=350%2C200","width":350,"height":200},"classes":[]},{"id":1679,"url":"http:\/\/catolicasmexico.com\/blog\/catolicas-por-el-derecho-a-decidir-en-relidad-anticatolicas-por-el-derecho-a-matar\/","url_meta":{"origin":700,"position":4},"title":"\"Cat\u00f3licas por el derecho a Decidir\": En relidad anticat\u00f3licas por el derecho a MATAR","date":"26 agosto 2013","format":"video","excerpt":"\u00a0 Gracias a Esteban Arce por desenmascarar a este grupo que confunde a los cat\u00f3licos: \u00a0","rel":"","context":"En \u00abAborto\u00bb","img":{"alt_text":"","src":"","width":0,"height":0},"classes":[]},{"id":4176,"url":"http:\/\/catolicasmexico.com\/blog\/gloria-a-dios-de-femen-a-provida-ademas-pidio-disculpas-a-los-cristianos\/","url_meta":{"origin":700,"position":5},"title":"\u00a1Gloria a Dios\u00a1 ...De Femen a Provida, adem\u00e1s pidi\u00f3 disculpas a los cristianos.\u00a0","date":"6 enero 2016","format":false,"excerpt":"... \"me arrepiento de haber tenido un aborto y ahora pido perd\u00f3n.\" Hace un mes, el d\u00eda de ayer que naci\u00f3 mi beb\u00e9 y mi vida tiene un nuevo significado. Escribo esto mientras que tranquilamente duerme en mi regazo. Ese es el sentimiento m\u00e1s extraordinario del mundo. \u00bb \"He visto\u2026","rel":"","context":"En \u00abAborto\u00bb","img":{"alt_text":"","src":"https:\/\/i1.wp.com\/catolicasmexico.com\/blog\/wp-content\/uploads\/2016\/01\/IMG_0398.jpg?resize=350%2C200","width":350,"height":200},"classes":[]}],"jetpack_likes_enabled":false,"jetpack_sharing_enabled":true,"_links":{"self":[{"href":"http:\/\/catolicasmexico.com\/blog\/wp-json\/wp\/v2\/posts\/700"}],"collection":[{"href":"http:\/\/catolicasmexico.com\/blog\/wp-json\/wp\/v2\/posts"}],"about":[{"href":"http:\/\/catolicasmexico.com\/blog\/wp-json\/wp\/v2\/types\/post"}],"author":[{"embeddable":true,"href":"http:\/\/catolicasmexico.com\/blog\/wp-json\/wp\/v2\/users\/2"}],"replies":[{"embeddable":true,"href":"http:\/\/catolicasmexico.com\/blog\/wp-json\/wp\/v2\/comments?post=700"}],"version-history":[{"count":7,"href":"http:\/\/catolicasmexico.com\/blog\/wp-json\/wp\/v2\/posts\/700\/revisions"}],"predecessor-version":[{"id":4706,"href":"http:\/\/catolicasmexico.com\/blog\/wp-json\/wp\/v2\/posts\/700\/revisions\/4706"}],"wp:attachment":[{"href":"http:\/\/catolicasmexico.com\/blog\/wp-json\/wp\/v2\/media?parent=700"}],"wp:term":[{"taxonomy":"category","embeddable":true,"href":"http:\/\/catolicasmexico.com\/blog\/wp-json\/wp\/v2\/categories?post=700"},{"taxonomy":"post_tag","embeddable":true,"href":"http:\/\/catolicasmexico.com\/blog\/wp-json\/wp\/v2\/tags?post=700"}],"curies":[{"name":"wp","href":"https:\/\/api.w.org\/{rel}","templated":true}]}}