{"id":631,"date":"2013-05-31T19:08:51","date_gmt":"2013-06-01T00:08:51","guid":{"rendered":"http:\/\/catolicasmexico.com\/blog\/?p=631"},"modified":"2017-07-22T01:28:23","modified_gmt":"2017-07-22T06:28:23","slug":"la-legalizacion-del-aborto-esta-detras-de-la-posesion-del-hombre-que-fue-exorcizado-por-el-papa-francisco-afirma-un-exorcista","status":"publish","type":"post","link":"http:\/\/catolicasmexico.com\/blog\/la-legalizacion-del-aborto-esta-detras-de-la-posesion-del-hombre-que-fue-exorcizado-por-el-papa-francisco-afirma-un-exorcista\/","title":{"rendered":"La legalizaci\u00f3n del aborto est\u00e1 detr\u00e1s de la posesi\u00f3n del hombre que fue exorcizado por el Papa Francisco, afirma un exorcista"},"content":{"rendered":"<p><a href=\"http:\/\/catolicasmexico.com\/blog\/wp-content\/uploads\/2013\/05\/image-30.jpeg\"><img data-attachment-id=\"403\" data-permalink=\"http:\/\/catolicasmexico.com\/blog\/el-vaticano-ofrecera-conferencia-mundial-provida-y-misa-papal\/image-30\/\" data-orig-file=\"http:\/\/catolicasmexico.com\/blog\/wp-content\/uploads\/2013\/05\/image-30.jpeg\" data-orig-size=\"500,340\" data-comments-opened=\"1\" data-image-meta=\"{&quot;aperture&quot;:&quot;0&quot;,&quot;credit&quot;:&quot;&quot;,&quot;camera&quot;:&quot;&quot;,&quot;caption&quot;:&quot;&quot;,&quot;created_timestamp&quot;:&quot;0&quot;,&quot;copyright&quot;:&quot;&quot;,&quot;focal_length&quot;:&quot;0&quot;,&quot;iso&quot;:&quot;0&quot;,&quot;shutter_speed&quot;:&quot;0&quot;,&quot;title&quot;:&quot;&quot;,&quot;orientation&quot;:&quot;0&quot;}\" data-image-title=\"image (30)\" data-image-description=\"\" data-medium-file=\"http:\/\/catolicasmexico.com\/blog\/wp-content\/uploads\/2013\/05\/image-30-300x204.jpeg\" data-large-file=\"http:\/\/catolicasmexico.com\/blog\/wp-content\/uploads\/2013\/05\/image-30.jpeg\" src=\"http:\/\/catolicasmexico.com\/blog\/wp-content\/uploads\/2013\/05\/image-30.jpeg\" alt=\"\" width=\"500\" height=\"340\" class=\"alignleft size-full wp-image-403\" srcset=\"http:\/\/catolicasmexico.com\/blog\/wp-content\/uploads\/2013\/05\/image-30.jpeg 500w, http:\/\/catolicasmexico.com\/blog\/wp-content\/uploads\/2013\/05\/image-30-300x204.jpeg 300w, http:\/\/catolicasmexico.com\/blog\/wp-content\/uploads\/2013\/05\/image-30-150x150.jpeg 150w\" sizes=\"100vw\" \/> <\/a><\/p>\n<div>Por Hilary White, corresponsal en Roma.<\/div>\n<div>Noticia de\u00a0<a href=\"http:\/\/lifesitenews.com\/\" target=\"_blank\">LifeSiteNews.com<\/a><\/div>\n<div>Traducci\u00f3n y Redacci\u00f3n libre . Alejandro P. de\u00a0<a href=\"http:\/\/www.catolicasmexico.com\/\" target=\"_blank\">www.catolicasmexico.com<\/a><\/div>\n<p><object width=\"560\" height=\"315\" classid=\"clsid:d27cdb6e-ae6d-11cf-96b8-444553540000\" codebase=\"http:\/\/download.macromedia.com\/pub\/shockwave\/cabs\/flash\/swflash.cab#version=6,0,40,0\"><param name=\"allowFullScreen\" value=\"true\" \/><param name=\"allowscriptaccess\" value=\"always\" \/><param name=\"src\" value=\"http:\/\/www.youtube.com\/v\/GK26qCwUJ00?hl=en_GB&amp;version=3&amp;rel=0\" \/><param name=\"allowfullscreen\" value=\"true\" \/><\/object><\/p>\n<div><\/div>\n<div><\/div>\n<div>\n<p>Roma, 30 de mayo del 2013 (<a href=\"http:\/\/lifesitenews.com\/\" target=\"_blank\">LifeSiteNews.com<\/a>) \u2013 Un video que muestra al Papa Francisco realizando un exorcismo improvisado se ha popularizado tanto en el mundo cat\u00f3lico como al exterior y \u00e9sta semana un l\u00edder exorcista ha dicho que el hombre sufr\u00eda de influencia demon\u00edaca relacionada con la legalizaci\u00f3n del aborto en su pa\u00eds natal, M\u00e9xico.<\/p>\n<p>El v\u00eddeo muestra al papa Francisco saludando y bendiciendo a peregrinos enfermos y discapacitados en la Plaza de San Pedro despu\u00e9s de la Misa de Pentecost\u00e9s, el domingo, 19 de mayo. Cuando lleg\u00f3 un joven en silla de ruedas, el Santo Padre se detuvo para bendecirlo y tuvo un intercambio de palabras con el acompa\u00f1ante del joven. En cuanto el Papa coloc\u00f3 sus manos sobre la cabeza del hombre e inclin\u00f3 su cabeza orando , el hombre cae al lado de su silla de ruedas y comenz\u00f3 a jadear . Momentos despu\u00e9s, el hombre se calm\u00f3 y el Papa prosigui\u00f3 su oraci\u00f3n. Uno de los asistentes del Papa recibi\u00f3 un paquete de papeles del acompa\u00f1ante del hombre.<\/p>\n<p>La conferencia episcopal italiana, por medio de la cadena TV2000, inform\u00f3 que este inusual evento era definitivamente un exorcismo o una oraci\u00f3n de liberaci\u00f3n. Pero el siguiente d\u00eda el vocero del Vaticano, el padre Federico Lombardi, neg\u00f3 esto, diciendo que Papa Francisco no ten\u00eda \u00abintenci\u00f3n\u00bb de realizar un exorcismo ese d\u00eda.<\/p>\n<p>\u00abEl Santo Padre no intent\u00f3 hacer ning\u00fan exorcismo,\u00bb dijo el padre Lombardi. \u00abComo lo hace a menudo con gente enferma , que se presenta a \u00e9l, simplemente iba a orar por la persona que estaba sufriendo.\u00bb<\/p>\n<p>Pero el hombre, que ahora ha sido identificado por como \u00ab\u00c1ngel V.\u00bb, recientemente di\u00f3 una entrevista exclusiva en Roma al cotidiano espa\u00f1ol &lt;El Mundo&gt;.<\/p>\n<p>El hombre un padre de familia de 43 a\u00f1os de edad, dijo que lleg\u00f3 a Roma desde el estado mexicano de Michoac\u00e1n y a\u00f1adi\u00f3 que ha visto a al menos 10 sacerdotes, entre ellos al c\u00e9lebre exorcista Gabriele Amorth, para \u00a0que se encargara de su posesi\u00f3n, sin \u00a0la obtenci\u00f3n de resultados.<\/p>\n<p>El padre Juan Rivas, un sacerdote de los Legionarios de Cristo, que acompa\u00f1\u00f3 \u00c1ngel a Roma, dijo a \u00a0&lt;El Mundo&gt;, que \u00e9l revel\u00f3 la situaci\u00f3n al Papa la tarde del exorcismo. Rivas relat\u00f3 que le dijo \u00a0al Papa Francisco: \u00absantidad, esta persona necesita una bendici\u00f3n, ha tenido m\u00e1s de 30 exorcismos y los demonios que viven en \u00e9l no quieren dejarlo\u00bb.<\/p>\n<p>El padre Amorth, renombrado experto en posesi\u00f3n demon\u00edaca confirm\u00f3 en varias ocasiones que la participaci\u00f3n en la ley del aborto deja a la gente expuesta a la influencia demon\u00edaca, e incluso a la posesi\u00f3n absoluta.<\/p>\n<p>M\u00e1s tarde, el padre Amorth dijo a RAI, la emisora del estado italiano, que posteriormente hab\u00eda llevado a cabo un exorcismo en Angel y hab\u00eda determinado que \u00e9l estaba pose\u00eddo por cuatro demonios y que la infestaci\u00f3n se relaciona con la legalizaci\u00f3n del aborto en ciudad de M\u00e9xico. Amorth dijo a El Mundo, \u00abAngel es un buen hombre, ha sido elegido por el Se\u00f1or para enviar un mensaje al clero mexicano y obispos para decirles que tienen que hacer un acto de reparaci\u00f3n por la horrible ley del aborto pasada en ciudad de M\u00e9xico en 2007, que representa un ultraje a Nuestra Se\u00f1ora. De no hacer esto, este \u00c1ngel no ser\u00e1 liberado. \u00bb<\/p>\n<p>El padre Amorth dijo a la prensa que la oraci\u00f3n del Papa fue definitivamente un exorcismo, en tanto que obispo el Papa, fue inmediatamente a realizar una oraci\u00f3n, sin el ritual formal de la iglesia.<\/p>\n<p>Amorth, que entrena a exorcistas y es el jefe de la Asociaci\u00f3n Internacional de exorcistas, dijo que el exorcismo del Papa ayudar\u00e1 a frenar el avance del ate\u00edsmo que incluye la incredulidad en el diablo.<\/p>\n<p>\u00abVivimos en una \u00e9poca en la que Dios ha sido olvidado y dondequiera que Dios no est\u00e1 presente, el diablo gobierna,\u00bb dijo Amorth. \u00abHoy, por desgracia, los obispos no nombran a suficientes sacerdotes exorcistas. Necesitamos muchos m\u00e1s. Espero que Roma enviar\u00e1 instrucciones a los obispos del mundo, pidi\u00e9ndoles nombrar a m\u00e1s exorcistas.\u00bb<\/p>\n<p>Hablando al Sunday Times en el Reino Unido,el padre Amorth dijo, \u00abpedir\u00e9 al Papa que d\u00e9 a todos los sacerdotes el poder de llevar a cabo exorcismos y asegurarse que los sacerdotes est\u00e1n entrenados adecuadamente para \u00e9stos, desde el seminario. Existe una gran demanda para ellos\u00bb.\n<\/p><\/div>\n","protected":false},"excerpt":{"rendered":"<p>Por Hilary White, corresponsal en Roma. Noticia de\u00a0LifeSiteNews.com Traducci\u00f3n y Redacci\u00f3n libre . Alejandro P. de\u00a0www.catolicasmexico.com Roma, 30 de mayo del 2013 (LifeSiteNews.com) \u2013 Un video que muestra al Papa Francisco realizando un exorcismo improvisado se ha popularizado tanto en el mundo cat\u00f3lico como al exterior y \u00e9sta semana un l\u00edder exorcista ha dicho que [&hellip;]<\/p>\n","protected":false},"author":2,"featured_media":403,"comment_status":"open","ping_status":"open","sticky":false,"template":"","format":"standard","meta":{"spay_email":"","jetpack_publicize_message":"","jetpack_is_tweetstorm":false},"categories":[9,25,13],"tags":[35,727,67],"aioseo_notices":[],"jetpack_featured_media_url":"http:\/\/catolicasmexico.com\/blog\/wp-content\/uploads\/2013\/05\/image-30.jpeg","jetpack_publicize_connections":[],"jetpack_shortlink":"https:\/\/wp.me\/p3B5XH-ab","jetpack-related-posts":[{"id":1775,"url":"http:\/\/catolicasmexico.com\/blog\/el-papa-francisco-bautizara-al-hijo-de-una-mujer-que-se-nego-a-abortar\/","url_meta":{"origin":631,"position":0},"title":"El Papa Francisco bautizar\u00e1 al hijo de una mujer que se neg\u00f3 a abortar.","date":"6 septiembre 2013","format":false,"excerpt":"El 05de septiembre de 2013 del sitio www.cqv.cq.ca del sitio sal\u00f3n Beige. Traducci\u00f3n www.catolicasmexico.com Ag\u00e9e de Anna Romano le escribi\u00f3 al Papa a finales de junio por dos cosas: para decirle que est\u00e1 embarazada y que el padre de su hijo ya estaba casado. El hombre lo abandon\u00f3 aconsejandola que\u2026","rel":"","context":"En \u00abAborto\u00bb","img":{"alt_text":"","src":"","width":0,"height":0},"classes":[]},{"id":2178,"url":"http:\/\/catolicasmexico.com\/blog\/quien-dice-que-el-diablo-no-existelas-feministas-pro-aborto-agreden-sexualmente-a-los-hombres-en-oracion-que-defendian-la-catedral\/","url_meta":{"origin":631,"position":1},"title":"\u00bfQui\u00e9n dice que el diablo no existe?Las Feministas Pro-aborto agreden sexualmente a los hombres en oraci\u00f3n que defend\u00edan la catedral.","date":"5 diciembre 2013","format":false,"excerpt":"\u00a0 Del sitio www.cqv.qc.ca por Sof\u00eda V\u00e1zquez-Mellado, traducido por www.catolicasmexico.com Buenos Aires, 02 de diciembre de 2013 (LifeSiteNews.com) - extremadamente impactantes las secuencias del video filmado en la ciudad de San Juan en Argentina, que muestra una multitud de feministas, durante una reciente manifestaci\u00f3n , atacando y agrediendo sexualmente a\u2026","rel":"","context":"En \u00abAborto\u00bb","img":{"alt_text":"","src":"https:\/\/i2.wp.com\/catolicasmexico.com\/blog\/wp-content\/uploads\/2013\/12\/20131205-201311.jpg?resize=350%2C200","width":350,"height":200},"classes":[]},{"id":334,"url":"http:\/\/catolicasmexico.com\/blog\/papa-sorprende-a-los-participantes-de-la-marcha-por-la-vida-en-roma\/","url_meta":{"origin":631,"position":2},"title":"Papa sorprende a los participantes de la marcha por la vida en Roma","date":"15 mayo 2013","format":false,"excerpt":"VATICANO, 13 May. 13 \/ 08:19 pm (ACI\/EWTN Noticias).- Gran sorpresa se llevaron los participantes de la tercera Marcha por la\u00a0Vida\u00a0en Roma, el domingo 12 de mayo, cuando al finalizar su recorrido hasta el Castillo San Angelo, vieron aproximarse hasta la primera cuadra de la Via della Conciliazione al Papa\u2026","rel":"","context":"En \u00abAborto\u00bb","img":{"alt_text":"","src":"https:\/\/i2.wp.com\/catolicasmexico.com\/blog\/wp-content\/uploads\/2013\/05\/image-20.jpeg?resize=350%2C200","width":350,"height":200},"classes":[]},{"id":402,"url":"http:\/\/catolicasmexico.com\/blog\/el-vaticano-ofrecera-conferencia-mundial-provida-y-misa-papal\/","url_meta":{"origin":631,"position":3},"title":"El Vaticano ofrecer\u00e1 conferencia mundial provida y misa papal","date":"20 mayo 2013","format":false,"excerpt":"Por Austin Ruse ROMA, 17 de mayo (C-FAM) Los provida contuvieron el aliento el d\u00eda en el que el mundo recibi\u00f3 al nuevo Papa. No cuestionaban sus credenciales a favor de la vida, pero se preguntaban si su discurso ser\u00eda en\u00e9rgico. Pronto surgi\u00f3 una vieja cita y las inquietudes se\u2026","rel":"","context":"En \u00abAborto\u00bb","img":{"alt_text":"","src":"https:\/\/i2.wp.com\/catolicasmexico.com\/blog\/wp-content\/uploads\/2013\/05\/image-30.jpeg?resize=350%2C200","width":350,"height":200},"classes":[]},{"id":2426,"url":"http:\/\/catolicasmexico.com\/blog\/el-aborto-es-y-siempre-sera-una-practica-horrorosa-senala-semanario-mexicano\/","url_meta":{"origin":631,"position":4},"title":"El aborto es y siempre ser\u00e1 una pr\u00e1ctica horrorosa, se\u00f1ala Semanario mexicano","date":"21 enero 2014","format":false,"excerpt":"M\u00c9XICO D.F., 21 Ene. 14 \/ 08:37 am (ACI\/EWTN Noticias).- El editorial del Semanario Cat\u00f3lico de Informaci\u00f3n y Formaci\u00f3n de M\u00e9xico \u201cDesde la Fe\u201d, destac\u00f3 que \u201cel aborto es y ser\u00e1 siempre una pr\u00e1ctica horrorosa, pues acaba con la vida de los m\u00e1s indefensos, los que est\u00e1n comenzando su existencia\u2026","rel":"","context":"En \u00abAborto\u00bb","img":{"alt_text":"","src":"","width":0,"height":0},"classes":[]},{"id":1947,"url":"http:\/\/catolicasmexico.com\/blog\/asi-es-como-nuestro-querido-papa-juan-pablo-ii-respondio-a-la-acusacion-de-su-obsesion-por-el-aborto\/","url_meta":{"origin":631,"position":5},"title":"As\u00ed es como Nuestro Querido Papa Juan Pablo II respondi\u00f3 a la acusaci\u00f3n de su \"obsesi\u00f3n\" por el aborto.","date":"6 octubre 2013","format":false,"excerpt":"Art\u00edculo de LifeSiteNews. Traduccion y edici\u00f3n libre Monica Y.A. de www.catolicasmexico.com En la entrevista de 1994 el Papa Juan Pablo respondi\u00f3 a la acusaci\u00f3n de estar \u201cobsesionado\u201d por el aborto. (...) En el cap\u00edtulo titulado La defensa de toda vida, Messori pregunt\u00f3: \"Su condena repetida de toda legalizaci\u00f3n del aborto\u2026","rel":"","context":"En \u00abAborto\u00bb","img":{"alt_text":"","src":"https:\/\/i2.wp.com\/catolicasmexico.com\/blog\/wp-content\/uploads\/2013\/10\/20131007-191428.jpg?resize=350%2C200","width":350,"height":200},"classes":[]}],"jetpack_likes_enabled":false,"jetpack_sharing_enabled":true,"_links":{"self":[{"href":"http:\/\/catolicasmexico.com\/blog\/wp-json\/wp\/v2\/posts\/631"}],"collection":[{"href":"http:\/\/catolicasmexico.com\/blog\/wp-json\/wp\/v2\/posts"}],"about":[{"href":"http:\/\/catolicasmexico.com\/blog\/wp-json\/wp\/v2\/types\/post"}],"author":[{"embeddable":true,"href":"http:\/\/catolicasmexico.com\/blog\/wp-json\/wp\/v2\/users\/2"}],"replies":[{"embeddable":true,"href":"http:\/\/catolicasmexico.com\/blog\/wp-json\/wp\/v2\/comments?post=631"}],"version-history":[{"count":7,"href":"http:\/\/catolicasmexico.com\/blog\/wp-json\/wp\/v2\/posts\/631\/revisions"}],"predecessor-version":[{"id":4708,"href":"http:\/\/catolicasmexico.com\/blog\/wp-json\/wp\/v2\/posts\/631\/revisions\/4708"}],"wp:featuredmedia":[{"embeddable":true,"href":"http:\/\/catolicasmexico.com\/blog\/wp-json\/wp\/v2\/media\/403"}],"wp:attachment":[{"href":"http:\/\/catolicasmexico.com\/blog\/wp-json\/wp\/v2\/media?parent=631"}],"wp:term":[{"taxonomy":"category","embeddable":true,"href":"http:\/\/catolicasmexico.com\/blog\/wp-json\/wp\/v2\/categories?post=631"},{"taxonomy":"post_tag","embeddable":true,"href":"http:\/\/catolicasmexico.com\/blog\/wp-json\/wp\/v2\/tags?post=631"}],"curies":[{"name":"wp","href":"https:\/\/api.w.org\/{rel}","templated":true}]}}