{"id":57,"date":"2013-04-24T22:03:05","date_gmt":"2013-04-25T03:03:05","guid":{"rendered":"http:\/\/catolicasmexico.com\/blog\/?p=57"},"modified":"2017-07-24T11:36:33","modified_gmt":"2017-07-24T16:36:33","slug":"reinicia-suprema-corte-debate-sobre-aborto","status":"publish","type":"post","link":"http:\/\/catolicasmexico.com\/blog\/reinicia-suprema-corte-debate-sobre-aborto\/","title":{"rendered":"Reinicia suprema corte debate sobre aborto"},"content":{"rendered":"<div><a href=\"http:\/\/catolicasmexico.com\/blog\/wp-content\/uploads\/2013\/06\/238-Guadalupe-square.jpg\"><img data-attachment-id=\"951\" data-permalink=\"http:\/\/catolicasmexico.com\/blog\/reinicia-suprema-corte-debate-sobre-aborto\/238-guadalupe-square\/\" data-orig-file=\"http:\/\/catolicasmexico.com\/blog\/wp-content\/uploads\/2013\/06\/238-Guadalupe-square.jpg\" data-orig-size=\"400,400\" data-comments-opened=\"1\" data-image-meta=\"{&quot;aperture&quot;:&quot;0&quot;,&quot;credit&quot;:&quot;&quot;,&quot;camera&quot;:&quot;&quot;,&quot;caption&quot;:&quot;&quot;,&quot;created_timestamp&quot;:&quot;0&quot;,&quot;copyright&quot;:&quot;&quot;,&quot;focal_length&quot;:&quot;0&quot;,&quot;iso&quot;:&quot;0&quot;,&quot;shutter_speed&quot;:&quot;0&quot;,&quot;title&quot;:&quot;&quot;,&quot;orientation&quot;:&quot;1&quot;}\" data-image-title=\"238-Guadalupe-square\" data-image-description=\"\" data-medium-file=\"http:\/\/catolicasmexico.com\/blog\/wp-content\/uploads\/2013\/06\/238-Guadalupe-square-300x300.jpg\" data-large-file=\"http:\/\/catolicasmexico.com\/blog\/wp-content\/uploads\/2013\/06\/238-Guadalupe-square.jpg\" class=\"alignleft size-full wp-image-951\" src=\"http:\/\/catolicasmexico.com\/blog\/wp-content\/uploads\/2013\/06\/238-Guadalupe-square.jpg\" alt=\"\" width=\"400\" height=\"400\" srcset=\"http:\/\/catolicasmexico.com\/blog\/wp-content\/uploads\/2013\/06\/238-Guadalupe-square.jpg 400w, http:\/\/catolicasmexico.com\/blog\/wp-content\/uploads\/2013\/06\/238-Guadalupe-square-300x300.jpg 300w, http:\/\/catolicasmexico.com\/blog\/wp-content\/uploads\/2013\/06\/238-Guadalupe-square-150x150.jpg 150w\" sizes=\"100vw\" \/> <\/a><\/div>\n<div><\/div>\n<div>CIUDAD DE M\u00c9XICO. La definici\u00f3n podr\u00eda darse en la sesi\u00f3n de este mi\u00e9rcoles, ya que cinco de los 11 ministros se han pronunciado por la inconstitucionalidad de la reforma y tres por su validez<\/div>\n<div>\n<p>M\u00e9xico, D.F.- El pleno de la Suprema Corte de Justicia de la Naci\u00f3n (SCJN) reinici\u00f3 el debate en torno a las leyes relacionadas con el\u00a0<a href=\"http:\/\/www.debate.com.mx\/eldebate\/Articulos\/ArticuloGeneral.asp?IdArt=11341723&amp;IdCat=6087\" target=\"_blank\" rel=\"noopener\">aborto,<\/a>\u00a0en una sesi\u00f3n que decidir si inv\u00e1lida o no la reforma de 2008 a la Constituci\u00f3n de Baja California, que protege la vida desde la concepci\u00f3n y reconoce todos los derechos de una persona al no nacido.La definici\u00f3n podr\u00eda darse en la sesi\u00f3n de este mi\u00e9rcoles, ya que\u00a0<strong>cinco de los 11 ministros\u00a0<\/strong>se han pronunciado por la inconstitucionalidad de la reforma y tres por su validez.Por tratarse de una acci\u00f3n de inconstitucionalidad se requieren ocho votos para anular la reforma, por lo que si otro ministro se pronuncia en contra del proyecto se desestimar\u00eda la impugnaci\u00f3n al art\u00edculo 7 de la Constituci\u00f3n de Baja California y \u00e9ste seguir\u00eda vigente.Las dos \u00fanicas mujeres que integran el pleno de la Corte, Margarita Luna Ramos y Olga S\u00e1nchez Cordero, expresaron el martes posturas opuestas sobre el proyecto del ministro Fernando Franco Gonz\u00e1lez Salas, que propone invalidar la reforma, por ser contraria a la Constituci\u00f3n federal y vulnerar los derechos fundamentales de las mujeres.<\/p>\n<p>Luna Ramos -que vot\u00f3 a favor de la despenalizaci\u00f3n del aborto en el DF en 2008- se pronunci\u00f3 contra el proyecto, con el argumento de que el precepto que protege la vida desde la concepci\u00f3n es una norma optativa, o de libre configuraci\u00f3n.<\/p>\n<p>Esto implica, explic\u00f3, que las entidades federativas pueden o no legislar sobre este tipo de normas, seg\u00fan lo consideren conveniente, pues la Constituci\u00f3n federal no lo proh\u00edbe y tampoco define en qu\u00e9 momento comienza la vida o qui\u00e9n posee o no el car\u00e1cter de persona.<\/p>\n<p>La ministra cuestion\u00f3 por qu\u00e9 no se puede establecer la protecci\u00f3n al no nacido, y, de hacerlo, cu\u00e1l es el derecho de las mujeres que se vulnera.<\/p>\n<p>Sostuvo que el derecho a interrumpir el embarazo no est\u00e1 contenido en la Constituci\u00f3n, ni en tratado internacional alguno, pues el art\u00edculo 4 constitucional \u00fanicamente establece a la planificaci\u00f3n familiar, de manera responsable e informada.<\/p>\n<p>De los tres ministros que faltan por intervenir en los debates, el voto decisivo en este caso ser\u00e1 muy probablemente el de Jorge Mario Pardo Rebolledo, quien lleg\u00f3 a la Corte en febrero pasado y cuya opini\u00f3n sobre el tema se desconoce, pues nunca se ha pronunciado al respecto.<\/p>\n<p>En el caso de Juan Silva Meza y Arturo Zald\u00edvar, se prev\u00e9 que votar\u00e1n por la invalidez de la reforma, aunque, como ha ocurrido con los otros cinco que han apoyado el proyecto, es probable que lo hagan con argumentos diferentes.<\/p>\n<p>Silva Meza fue uno de los ocho ministros que en 2008 apoy\u00f3 la despenalizaci\u00f3n del aborto y, aunque en este caso la norma impugnada se refiere a la protecci\u00f3n de la vida, sus posturas en temas de derechos humanos son m\u00e1s cercanas a las de los integrantes del pleno que han respaldado el proyecto del ministro Fernando Franco Gonz\u00e1lez.<\/p>\n<p>En el caso de Arturo Zald\u00edvar, aunque en 2008 todav\u00eda no se integraba a la Corte, es probable que comparta el sentido sobre la restricci\u00f3n de derechos.<\/p>\n<p>Sergio Valls y Jos\u00e9 Ram\u00f3n Coss\u00edo se manifestaron ayer por la invalidez de la reforma, aunque con argumentos diferentes a los del proyecto, al cual formularon fuertes cr\u00edticas, sobre todo en las consideraciones de que el no nacido no puede ser considerado persona jur\u00eddica.<\/p>\n<p>El ministro de la Suprema Corte de Justicia de la Naci\u00f3n (SCJN), Mario Pardo Rebolledo, se dijo tranquilo por el voto que emita en torno al debate sobre el aborto que hoy reiniciar\u00e1 en el m\u00e1ximo tribunal del pa\u00eds.<\/p>\n<\/div>\n","protected":false},"excerpt":{"rendered":"<p>CIUDAD DE M\u00c9XICO. La definici\u00f3n podr\u00eda darse en la sesi\u00f3n de este mi\u00e9rcoles, ya que cinco de los 11 ministros se han pronunciado por la inconstitucionalidad de la reforma y tres por su validez M\u00e9xico, D.F.- El pleno de la Suprema Corte de Justicia de la Naci\u00f3n (SCJN) reinici\u00f3 el debate en torno a las [&hellip;]<\/p>\n","protected":false},"author":2,"featured_media":951,"comment_status":"open","ping_status":"open","sticky":false,"template":"","format":"standard","meta":{"spay_email":"","jetpack_publicize_message":"","jetpack_is_tweetstorm":false},"categories":[9],"tags":[],"aioseo_notices":[],"jetpack_featured_media_url":"http:\/\/catolicasmexico.com\/blog\/wp-content\/uploads\/2013\/06\/238-Guadalupe-square.jpg","jetpack_publicize_connections":[],"jetpack_shortlink":"https:\/\/wp.me\/p3B5XH-V","jetpack-related-posts":[{"id":4285,"url":"http:\/\/catolicasmexico.com\/blog\/los-activistas-pro-aborto-pagan-a-la-gente-para-venir-a-la-corte-suprema-para-manifestar\/","url_meta":{"origin":57,"position":0},"title":"Los activistas pro aborto pagan a la gente para venir a la Corte Suprema para manifestar.","date":"7 marzo 2016","format":false,"excerpt":"Grupos pro aborto han atacado al peri\u00f3dico New York Times en Twitter por publicar en la primera p\u00e1gina la foto de manifestantes Provida fuera del edificio de la Corte Suprema de EEUU este mi\u00e9rcoles donde se discut\u00edan los argumentos del caso Whole Woman\u2019s Health contra Hellerstedt. El caso implica una\u2026","rel":"","context":"En \u00abAborto\u00bb","img":{"alt_text":"","src":"https:\/\/i1.wp.com\/catolicasmexico.com\/blog\/wp-content\/uploads\/2016\/03\/IMG_0464-01.png?resize=350%2C200","width":350,"height":200},"classes":[]},{"id":4091,"url":"http:\/\/catolicasmexico.com\/blog\/una-decision-mayor-esta-por-ser-tomada-por-la-suprema-corte\/","url_meta":{"origin":57,"position":1},"title":"Una decisi\u00f3n mayor est\u00e1 por ser tomada por la Suprema Corte","date":"20 noviembre 2015","format":false,"excerpt":"\u00a0 \u00a0 \u00a0 \u00a0 \u00a0 \u00a0 \u00a0 \u00a0 \u00a0 \u00a0 Original:\u00a0Church Militant\u00a0Traducci\u00f3n libre para catolicasmexico.com WASHINGTON (Elizabeth Slattery) - A finales de junio, la Suprema Corte deliberar\u00e1 sobre uno de los casos m\u00e1s importantes relativos a la legislaci\u00f3n del aborto de los \u00faltimos a\u00f1os. Hoy, los magistrados anunciaron que decidir\u00e1n\u2026","rel":"","context":"En \u00abAborto\u00bb","img":{"alt_text":"","src":"https:\/\/i2.wp.com\/catolicasmexico.com\/blog\/wp-content\/uploads\/2015\/11\/2015-11-16-niles-a.jpg?resize=350%2C200","width":350,"height":200},"classes":[]},{"id":2095,"url":"http:\/\/catolicasmexico.com\/blog\/buenas-noticias-la-corte-suprema-respalda-las-restricciones-del-aborto-en-texas\/","url_meta":{"origin":57,"position":2},"title":"\u00a1 Buenas noticias! La Corte Suprema respalda las restricciones del aborto en Texas","date":"21 noviembre 2013","format":false,"excerpt":"(Foto: anja_johnson en flickr.com de Creative Commons) Del sitio www.cqv.cq.ca original traducci\u00f3n y edici\u00f3n libre www.catolicasmexico.com El martes, 19 de noviembre, la Corte Suprema de los Estados Unidos se neg\u00f3 a suspender la aplicaci\u00f3n de la ley que restringe el acceso al aborto, aprobada en julio pasado por el Parlamento\u2026","rel":"","context":"En \u00abAborto\u00bb","img":{"alt_text":"","src":"","width":0,"height":0},"classes":[]},{"id":3440,"url":"http:\/\/catolicasmexico.com\/blog\/los-grandes-triunfos-provida-en-eeuu-y-el-poder-de-la-oracion\/","url_meta":{"origin":57,"position":3},"title":"Los grandes triunfos provida en EEUU y el poder de la oraci\u00f3n.","date":"30 septiembre 2014","format":false,"excerpt":"10,000 beb\u00e9s fueron salvados durante 3 a\u00f1os, gracias a que el aborto por parto parcial fue prohibido en 2003, (consiste en inducir el parto, sacando al beb\u00e9 por los pies y una vez que se alcanza la cabeza esta se perfora a nivel de la fontanela , para retirar el\u2026","rel":"","context":"En \u00abAborto\u00bb","img":{"alt_text":"","src":"https:\/\/i1.wp.com\/catolicasmexico.com\/blog\/wp-content\/uploads\/2014\/09\/20140930-161915.jpg?resize=350%2C200","width":350,"height":200},"classes":[]},{"id":840,"url":"http:\/\/catolicasmexico.com\/blog\/la-suprema-corte-se-niega-a-considerar-un-cambio-en-su-decision-de-prohibir-fotos-explicitas-de-abortos\/","url_meta":{"origin":57,"position":4},"title":"La Suprema Corte se niega a considerar un cambio en su decisi\u00f3n de prohibir fotos expl\u00edcitas de abortos.","date":"18 junio 2013","format":false,"excerpt":"Washington, D.C., June 11, 2013 (Life-Site News) Traducci\u00f3n Monica Y. de www.catolicasmexico.com Edici\u00f3n Alejandro P. de www.catolicasmexico.com Este lunes la Suprema Corte de los Estados Unidos se neg\u00f3 a escuchar los argumentos en contra de la Corte de Colorado y la medida cautelar que proh\u00edbe los carteles con im\u00e1genes de\u2026","rel":"","context":"En \u00abAborto\u00bb","img":{"alt_text":"","src":"","width":0,"height":0},"classes":[]},{"id":987,"url":"http:\/\/catolicasmexico.com\/blog\/el-gobernador-de-texas-rick-perry-convoca-a-una-sesion-extraordinaria-para-restringir-el-aborto\/","url_meta":{"origin":57,"position":5},"title":"El gobernador de Texas Rick Perry, convoca a una sesi\u00f3n extraordinaria para restringir el aborto.","date":"28 junio 2013","format":false,"excerpt":"Del sitio www.qcv.qc.ca Traducci\u00f3n y edici\u00f3n www.catolicasmexico.com Wendy Davis, la senadora dem\u00f3crata por el estado de Texas, que pronunci\u00f3 un discurso de 13 horas este martes por la noche, para evitar la adopci\u00f3n de un proyecto de ley para restringir considerablemente el acceso al aborto en Texas, se convirti\u00f3 r\u00e1pidamente\u2026","rel":"","context":"En \u00abAborto\u00bb","img":{"alt_text":"","src":"","width":0,"height":0},"classes":[]}],"jetpack_likes_enabled":false,"jetpack_sharing_enabled":true,"_links":{"self":[{"href":"http:\/\/catolicasmexico.com\/blog\/wp-json\/wp\/v2\/posts\/57"}],"collection":[{"href":"http:\/\/catolicasmexico.com\/blog\/wp-json\/wp\/v2\/posts"}],"about":[{"href":"http:\/\/catolicasmexico.com\/blog\/wp-json\/wp\/v2\/types\/post"}],"author":[{"embeddable":true,"href":"http:\/\/catolicasmexico.com\/blog\/wp-json\/wp\/v2\/users\/2"}],"replies":[{"embeddable":true,"href":"http:\/\/catolicasmexico.com\/blog\/wp-json\/wp\/v2\/comments?post=57"}],"version-history":[{"count":5,"href":"http:\/\/catolicasmexico.com\/blog\/wp-json\/wp\/v2\/posts\/57\/revisions"}],"predecessor-version":[{"id":4733,"href":"http:\/\/catolicasmexico.com\/blog\/wp-json\/wp\/v2\/posts\/57\/revisions\/4733"}],"wp:featuredmedia":[{"embeddable":true,"href":"http:\/\/catolicasmexico.com\/blog\/wp-json\/wp\/v2\/media\/951"}],"wp:attachment":[{"href":"http:\/\/catolicasmexico.com\/blog\/wp-json\/wp\/v2\/media?parent=57"}],"wp:term":[{"taxonomy":"category","embeddable":true,"href":"http:\/\/catolicasmexico.com\/blog\/wp-json\/wp\/v2\/categories?post=57"},{"taxonomy":"post_tag","embeddable":true,"href":"http:\/\/catolicasmexico.com\/blog\/wp-json\/wp\/v2\/tags?post=57"}],"curies":[{"name":"wp","href":"https:\/\/api.w.org\/{rel}","templated":true}]}}