{"id":5112,"date":"2023-12-07T17:16:50","date_gmt":"2023-12-07T23:16:50","guid":{"rendered":"http:\/\/catolicasmexico.com\/blog\/?p=5112"},"modified":"2023-12-07T17:16:56","modified_gmt":"2023-12-07T23:16:56","slug":"jose-andres-sancionado-por-rezar-en-ferraz-espana-no-se-entiende-sin-la-cruz-tampoco-mexico-ni-el-mundo-entero","status":"publish","type":"post","link":"http:\/\/catolicasmexico.com\/blog\/jose-andres-sancionado-por-rezar-en-ferraz-espana-no-se-entiende-sin-la-cruz-tampoco-mexico-ni-el-mundo-entero\/","title":{"rendered":"Jos\u00e9 Andr\u00e9s, sancionado por rezar en Ferraz: \u00abEspa\u00f1a no se entiende sin la cruz\u00bb. Tampoco M\u00e9xico ni el Mundo entero."},"content":{"rendered":"\n<p>Fuente : https:\/\/dona.abogadoscristianos.es\/colabora\/ofr_20231129\/<\/p>\n\n\n\n<figure class=\"wp-block-embed is-type-video is-provider-youtube wp-block-embed-youtube wp-embed-aspect-16-9 wp-has-aspect-ratio\"><div class=\"wp-block-embed__wrapper\">\n<span class=\"embed-youtube\" style=\"text-align:center; display: block;\"><iframe class='youtube-player' width='600' height='338' src='https:\/\/www.youtube.com\/embed\/9fr6sbbNnQM?version=3&#038;rel=1&#038;showsearch=0&#038;showinfo=1&#038;iv_load_policy=1&#038;fs=1&#038;hl=es-ES&#038;autohide=2&#038;wmode=transparent' allowfullscreen='true' style='border:0;' sandbox='allow-scripts allow-same-origin allow-popups allow-presentation'><\/iframe><\/span>\n<\/div><\/figure>\n\n\n\n<figure class=\"wp-block-image size-full\"><a href=\"http:\/\/catolicasmexico.com\/blog\/wp-content\/uploads\/2023\/12\/Screenshot-2023-12-07-181028.jpg\"><img data-attachment-id=\"5113\" data-permalink=\"http:\/\/catolicasmexico.com\/blog\/jose-andres-sancionado-por-rezar-en-ferraz-espana-no-se-entiende-sin-la-cruz-tampoco-mexico-ni-el-mundo-entero\/screenshot-2023-12-07-181028\/\" data-orig-file=\"http:\/\/catolicasmexico.com\/blog\/wp-content\/uploads\/2023\/12\/Screenshot-2023-12-07-181028.jpg\" data-orig-size=\"972,700\" data-comments-opened=\"1\" data-image-meta=\"{&quot;aperture&quot;:&quot;0&quot;,&quot;credit&quot;:&quot;&quot;,&quot;camera&quot;:&quot;&quot;,&quot;caption&quot;:&quot;&quot;,&quot;created_timestamp&quot;:&quot;0&quot;,&quot;copyright&quot;:&quot;&quot;,&quot;focal_length&quot;:&quot;0&quot;,&quot;iso&quot;:&quot;0&quot;,&quot;shutter_speed&quot;:&quot;0&quot;,&quot;title&quot;:&quot;&quot;,&quot;orientation&quot;:&quot;0&quot;}\" data-image-title=\"Screenshot-2023-12-07-181028\" data-image-description=\"\" data-medium-file=\"http:\/\/catolicasmexico.com\/blog\/wp-content\/uploads\/2023\/12\/Screenshot-2023-12-07-181028-300x216.jpg\" data-large-file=\"http:\/\/catolicasmexico.com\/blog\/wp-content\/uploads\/2023\/12\/Screenshot-2023-12-07-181028.jpg\" width=\"972\" height=\"700\" src=\"http:\/\/catolicasmexico.com\/blog\/wp-content\/uploads\/2023\/12\/Screenshot-2023-12-07-181028.jpg\" alt=\"\" class=\"wp-image-5113\" srcset=\"http:\/\/catolicasmexico.com\/blog\/wp-content\/uploads\/2023\/12\/Screenshot-2023-12-07-181028.jpg 972w, http:\/\/catolicasmexico.com\/blog\/wp-content\/uploads\/2023\/12\/Screenshot-2023-12-07-181028-768x553.jpg 768w, http:\/\/catolicasmexico.com\/blog\/wp-content\/uploads\/2023\/12\/Screenshot-2023-12-07-181028-300x216.jpg 300w, http:\/\/catolicasmexico.com\/blog\/wp-content\/uploads\/2023\/12\/Screenshot-2023-12-07-181028-150x150.jpg 150w\" sizes=\"100vw\" \/> <\/a><\/figure>\n","protected":false},"excerpt":{"rendered":"<p>Fuente : https:\/\/dona.abogadoscristianos.es\/colabora\/ofr_20231129\/<\/p>\n","protected":false},"author":1,"featured_media":5113,"comment_status":"open","ping_status":"open","sticky":false,"template":"","format":"standard","meta":{"spay_email":"","jetpack_publicize_message":"","jetpack_is_tweetstorm":false},"categories":[335,63,32,25,19,71,197],"tags":[],"aioseo_notices":[],"jetpack_featured_media_url":"http:\/\/catolicasmexico.com\/blog\/wp-content\/uploads\/2023\/12\/Screenshot-2023-12-07-181028.jpg","jetpack_publicize_connections":[],"jetpack_shortlink":"https:\/\/wp.me\/p3B5XH-1ks","jetpack-related-posts":[{"id":2416,"url":"http:\/\/catolicasmexico.com\/blog\/los-provida-40-000-los-abortistas-200-exito-mediatico-espanol-de-la-marcha-por-la-vida-en-paris-rel\/","url_meta":{"origin":5112,"position":0},"title":"Los provida, 40.000; los abortistas, 200: \u00e9xito medi\u00e1tico espa\u00f1ol de la Marcha por la Vida en Par\u00eds - ReL","date":"20 enero 2014","format":false,"excerpt":"Articulo de religi\u00f3n en libertad. La Marcha por la Vida del domingo 19 de enero en Par\u00eds (la explicamos con detalle aqu\u00ed) fue la m\u00e1s numerosa desde que se volvieron a convocar estos actos en 2005, con unos 40.000 manifestantes que salieron de la plaza Denfert-Rochereau (la polic\u00eda, despu\u00e9s de\u2026","rel":"","context":"En \u00abAborto\u00bb","img":{"alt_text":"","src":"https:\/\/i0.wp.com\/catolicasmexico.com\/blog\/wp-content\/uploads\/2014\/01\/20140120-1858201.jpg?resize=350%2C200","width":350,"height":200},"classes":[]},{"id":2240,"url":"http:\/\/catolicasmexico.com\/blog\/en-espana-el-psoe-se-compromete-a-volver-a-legislar-a-favor-del-aborto-libre\/","url_meta":{"origin":5112,"position":1},"title":"En Espa\u00f1a el PSOE se compromete a volver a legislar a favor del aborto libre.","date":"16 diciembre 2013","format":false,"excerpt":"ESPA\u00d1A-.(AGENCIALAVOZ) La vicesecretaria general del PSOE, Elena Valenciano, se comprometi\u00f3 este jueves con la Asociaci\u00f3n de Cl\u00ednicas Acreditadas para la Interrupci\u00f3n Voluntaria del Embarazo (ACAI) -es decir, para acabar con la vida de los no nacidos- a buscar un acuerdo parlamentario entre los grupos de la oposici\u00f3n para derogar la\u2026","rel":"","context":"En \u00abAborto\u00bb","img":{"alt_text":"","src":"","width":0,"height":0},"classes":[]},{"id":2721,"url":"http:\/\/catolicasmexico.com\/blog\/espana-promotores-del-aborto-apoyados-por-el-psoe-alientan-a-quemar-conferencia-episcopal\/","url_meta":{"origin":5112,"position":2},"title":"Espa\u00f1a: Promotores del aborto apoyados por el PSOE alientan a quemar Conferencia Episcopal","date":"13 marzo 2014","format":false,"excerpt":"Captura de pantalla del blog Contando Estrellas MADRID, 12 Mar. 14 \/ 09:02 pm (ACI\/EWTN Noticias).- El blog Contando Estrellas denunci\u00f3 que en una marcha realizada el 9 de marzo, en Santiago de Compostela (Espa\u00f1a), la Plataforma Gallega por el Derecho al Aborto, que cuenta con el ex gobernante Partido\u2026","rel":"","context":"En \u00abAborto\u00bb","img":{"alt_text":"","src":"https:\/\/i0.wp.com\/catolicasmexico.com\/blog\/wp-content\/uploads\/2014\/03\/20140313-131335.jpg?resize=350%2C200","width":350,"height":200},"classes":[]},{"id":1422,"url":"http:\/\/catolicasmexico.com\/blog\/bebe-rescatado-de-respiradero-refleja-tragedia-del-aborto-en-espana\/","url_meta":{"origin":5112,"position":3},"title":"Beb\u00e9 rescatado de respiradero refleja tragedia del aborto en Espa\u00f1a","date":"26 julio 2013","format":false,"excerpt":"G\u00e1dor Joya REDACCI\u00d3N CENTRAL, 25 Jun. 13 \/ 11:23 am (ACI\/EWTN Noticias).-(...) Edici\u00f3n libre www.catolicasmexico.com El beb\u00e9 fue rescatado en la madrugada del domingo, luego de que bomberos y polic\u00edas acudieran tras la alerta de un vecino por supuestos \"maullidos\" en las tuber\u00edas. El ni\u00f1o fue encontrado envuelto en bolsas\u2026","rel":"","context":"En \u00abAborto\u00bb","img":{"alt_text":"","src":"","width":0,"height":0},"classes":[]},{"id":1841,"url":"http:\/\/catolicasmexico.com\/blog\/rusia-bloquea-adopciones-a-parejas-gays-en-espana\/","url_meta":{"origin":5112,"position":4},"title":"Rusia bloquea adopciones a parejas gays en Espa\u00f1a","date":"17 septiembre 2013","format":false,"excerpt":"ESPA\u00d1A-.(AGENCIALAVOZ) Como consecuencia de las ley que proh\u00edbe la adopci\u00f3n de ni\u00f1os rusos por parte de parejas extranjeras, Rusia ha bloqueado el proceso de adopci\u00f3n para parejas gays en Espa\u00f1a. Rusia ha paralizado las adopciones de familias espa\u00f1olas a causa de un cambio legislativo que impide que las parejas gays\u2026","rel":"","context":"En \u00abHomosexualidad\u00bb","img":{"alt_text":"","src":"","width":0,"height":0},"classes":[]},{"id":2475,"url":"http:\/\/catolicasmexico.com\/blog\/el-partido-abortista-psoe-combatira-la-reforma-del-aborto-por-tierra-mar-y-aire\/","url_meta":{"origin":5112,"position":5},"title":"El PARTIDO ABORTISTA PSOE combatir\u00e1 la reforma del aborto \"por tierra, mar y aire\"","date":"28 enero 2014","format":false,"excerpt":"ESPA\u00d1A-.(AGENCIALAVOZ) El PSOE anunci\u00f3 hoy una ofensiva contra la reforma de la ley del aborto del Gobierno \"por tierra, mar y aire\", fueron las palabras del portavoz \u00d3scar L\u00f3pez, que compareci\u00f3 en rueda de prensa en compa\u00f1\u00eda de la secretaria de Igualdad, Purificaci\u00f3n Causapi\u00e9. Causapi\u00e9 pidi\u00f3 que se retire la\u2026","rel":"","context":"En \u00abAborto\u00bb","img":{"alt_text":"","src":"https:\/\/i0.wp.com\/catolicasmexico.com\/blog\/wp-content\/uploads\/2014\/01\/20140128-125011.jpg?resize=350%2C200","width":350,"height":200},"classes":[]}],"jetpack_likes_enabled":false,"jetpack_sharing_enabled":true,"_links":{"self":[{"href":"http:\/\/catolicasmexico.com\/blog\/wp-json\/wp\/v2\/posts\/5112"}],"collection":[{"href":"http:\/\/catolicasmexico.com\/blog\/wp-json\/wp\/v2\/posts"}],"about":[{"href":"http:\/\/catolicasmexico.com\/blog\/wp-json\/wp\/v2\/types\/post"}],"author":[{"embeddable":true,"href":"http:\/\/catolicasmexico.com\/blog\/wp-json\/wp\/v2\/users\/1"}],"replies":[{"embeddable":true,"href":"http:\/\/catolicasmexico.com\/blog\/wp-json\/wp\/v2\/comments?post=5112"}],"version-history":[{"count":1,"href":"http:\/\/catolicasmexico.com\/blog\/wp-json\/wp\/v2\/posts\/5112\/revisions"}],"predecessor-version":[{"id":5114,"href":"http:\/\/catolicasmexico.com\/blog\/wp-json\/wp\/v2\/posts\/5112\/revisions\/5114"}],"wp:featuredmedia":[{"embeddable":true,"href":"http:\/\/catolicasmexico.com\/blog\/wp-json\/wp\/v2\/media\/5113"}],"wp:attachment":[{"href":"http:\/\/catolicasmexico.com\/blog\/wp-json\/wp\/v2\/media?parent=5112"}],"wp:term":[{"taxonomy":"category","embeddable":true,"href":"http:\/\/catolicasmexico.com\/blog\/wp-json\/wp\/v2\/categories?post=5112"},{"taxonomy":"post_tag","embeddable":true,"href":"http:\/\/catolicasmexico.com\/blog\/wp-json\/wp\/v2\/tags?post=5112"}],"curies":[{"name":"wp","href":"https:\/\/api.w.org\/{rel}","templated":true}]}}