{"id":5108,"date":"2023-11-19T15:16:59","date_gmt":"2023-11-19T21:16:59","guid":{"rendered":"https:\/\/catolicasmexico.com\/blog\/?p=5108"},"modified":"2023-11-19T15:17:04","modified_gmt":"2023-11-19T21:17:04","slug":"constitucion-peruana-va-reconocer-los-derechos-de-la-persona-concebida","status":"publish","type":"post","link":"http:\/\/catolicasmexico.com\/blog\/constitucion-peruana-va-reconocer-los-derechos-de-la-persona-concebida\/","title":{"rendered":"Constituci\u00f3n Peruana va reconocer los derechos de la persona concebida"},"content":{"rendered":"\n<figure class=\"wp-block-image size-full\"><a href=\"https:\/\/catolicasmexico.com\/blog\/wp-content\/uploads\/2023\/11\/avortement-900x600-1.jpg\"><img data-attachment-id=\"5109\" data-permalink=\"http:\/\/catolicasmexico.com\/blog\/constitucion-peruana-va-reconocer-los-derechos-de-la-persona-concebida\/avortement-900x600-1\/\" data-orig-file=\"http:\/\/catolicasmexico.com\/blog\/wp-content\/uploads\/2023\/11\/avortement-900x600-1.jpg\" data-orig-size=\"900,600\" data-comments-opened=\"1\" data-image-meta=\"{&quot;aperture&quot;:&quot;0&quot;,&quot;credit&quot;:&quot;&quot;,&quot;camera&quot;:&quot;&quot;,&quot;caption&quot;:&quot;&quot;,&quot;created_timestamp&quot;:&quot;0&quot;,&quot;copyright&quot;:&quot;&quot;,&quot;focal_length&quot;:&quot;0&quot;,&quot;iso&quot;:&quot;0&quot;,&quot;shutter_speed&quot;:&quot;0&quot;,&quot;title&quot;:&quot;&quot;,&quot;orientation&quot;:&quot;0&quot;}\" data-image-title=\"avortement-900&#215;600-1\" data-image-description=\"\" data-medium-file=\"http:\/\/catolicasmexico.com\/blog\/wp-content\/uploads\/2023\/11\/avortement-900x600-1-300x200.jpg\" data-large-file=\"http:\/\/catolicasmexico.com\/blog\/wp-content\/uploads\/2023\/11\/avortement-900x600-1.jpg\" width=\"900\" height=\"600\" src=\"https:\/\/catolicasmexico.com\/blog\/wp-content\/uploads\/2023\/11\/avortement-900x600-1.jpg\" alt=\"\" class=\"wp-image-5109\" srcset=\"https:\/\/catolicasmexico.com\/blog\/wp-content\/uploads\/2023\/11\/avortement-900x600-1.jpg 900w, http:\/\/catolicasmexico.com\/blog\/wp-content\/uploads\/2023\/11\/avortement-900x600-1-768x512.jpg 768w, http:\/\/catolicasmexico.com\/blog\/wp-content\/uploads\/2023\/11\/avortement-900x600-1-300x200.jpg 300w, http:\/\/catolicasmexico.com\/blog\/wp-content\/uploads\/2023\/11\/avortement-900x600-1-150x150.jpg 150w\" sizes=\"100vw\" \/> <\/a><\/figure>\n\n\n\n<p>El 9 de noviembre, el Congreso peruano aprob\u00f3, con 72 votos a favor, 26 en contra y 6 abstenciones, un proyecto de ley que pretende modificar la Constituci\u00f3n para reconocer los derechos de la persona concebida\u201d.<\/p>\n\n\n\n<p>La Ley 785 cambia una ley anterior seg\u00fan la cual los peruanos eran sujetos de derecho desde su nacimiento. A partir de ahora ser\u00e1n a partir de su Concepci\u00f3n. El objetivo es reforzar la protecci\u00f3n de los ni\u00f1os por nacer garantiz\u00e1ndoles los mismos derechos que los que ya han nacido.<\/p>\n\n\n\n<p>La ley reconoce la condici\u00f3n de persona humana al feto y protege \u201c<strong>los derechos a la vida, a la salud, a la integridad moral, ps\u00edquica y f\u00edsica, a la identidad, al libre desarrollo, al bienestar y a los dem\u00e1s derechos que benefician al ser humano por nacer<\/strong>\u201d. Adem\u00e1s, identifica al ni\u00f1o concebido como una \u201cidentidad gen\u00e9tica distinta\u201d de la de su madre.<\/p>\n\n\n\n<p>Antes que Per\u00fa, otros pa\u00edses tomaron medidas similares protegiendo los derechos humanos desde la concepci\u00f3n, como Chile, Rep\u00fablica Dominicana, Ecuador, El Salvador, Guatemala, Hungr\u00eda, Honduras, Madagascar, Filipinas y Eslovaquia.<\/p>\n\n\n\n<p><strong><em>Fuente: Gen\u00e9tique<\/em><\/strong><\/p>\n","protected":false},"excerpt":{"rendered":"<p>El 9 de noviembre, el Congreso peruano aprob\u00f3, con 72 votos a favor, 26 en contra y 6 abstenciones, un proyecto de ley que pretende modificar la Constituci\u00f3n para reconocer los derechos de la persona concebida\u201d. La Ley 785 cambia una ley anterior seg\u00fan la cual los peruanos eran sujetos de derecho desde su nacimiento. [&hellip;]<\/p>\n","protected":false},"author":1,"featured_media":5109,"comment_status":"open","ping_status":"open","sticky":false,"template":"","format":"standard","meta":{"spay_email":"","jetpack_publicize_message":"","jetpack_is_tweetstorm":false},"categories":[9,52,71,26],"tags":[],"aioseo_notices":[],"jetpack_featured_media_url":"http:\/\/catolicasmexico.com\/blog\/wp-content\/uploads\/2023\/11\/avortement-900x600-1.jpg","jetpack_publicize_connections":[],"jetpack_shortlink":"https:\/\/wp.me\/p3B5XH-1ko","jetpack-related-posts":[{"id":886,"url":"http:\/\/catolicasmexico.com\/blog\/obama-la-prohibicion-del-aborto-tardio-es-una-muestra-de-desprecio-hacia-la-constitucion-y-un-ataque-a-los-derechos-de-las-mujeres\/","url_meta":{"origin":5108,"position":0},"title":"Obama: La prohibici\u00f3n del aborto tard\u00edo es una muestra 'de desprecio' hacia 'la Constituci\u00f3n,\" y un ataque a \"los derechos de las mujeres\"","date":"18 junio 2013","format":false,"excerpt":"Por Ben Johnson. Traducci\u00f3n y edici\u00f3n Alejandro P. de www.catolicasmexico.com Lunes, 17 de junio de 2013 17:28 EST WASHINGTON, D.C., 17 de junio de 2013 (LifeSiteNews.com) \u2013 El Presidente Barack Obama ha anunciado que, si se aprueba la ley de Trent Franks para restringir el aborto inducido en todo el\u2026","rel":"","context":"En \u00abAborto\u00bb","img":{"alt_text":"","src":"https:\/\/i1.wp.com\/catolicasmexico.com\/blog\/wp-content\/uploads\/2013\/06\/OBAMA-articleLarge.jpg?resize=350%2C200","width":350,"height":200},"classes":[]},{"id":1389,"url":"http:\/\/catolicasmexico.com\/blog\/un-juez-frena-la-ley-de-dakota-del-norte-que-prohibe-el-aborto-despues-de-6-semanas-la-llama-claramente-inconstitucional\/","url_meta":{"origin":5108,"position":1},"title":"Un juez frena la ley de Dakota del Norte que proh\u00edbe el aborto despu\u00e9s de 6 semanas: La llama 'claramente inconstitucional'","date":"25 julio 2013","format":false,"excerpt":"Por Ben Johnson Traducci\u00f3n y edici\u00f3n libre Alejandro P. de www.catolicasmexico.com Lunes, 22 de julio de 2013 12:22(LifeSiteNews.com) \u2013 Un juez de distrito de Estados Unidos ha frenado la ley que habr\u00eda prohibido el aborto a partir de seis semanas de embarazo en Dakota del Norte. La ley, que prohibe\u2026","rel":"","context":"En \u00abAborto\u00bb","img":{"alt_text":"","src":"","width":0,"height":0},"classes":[]},{"id":3111,"url":"http:\/\/catolicasmexico.com\/blog\/nueva-ley-del-d-f-quita-a-padres-de-familia-su-potestad-de-educar-comision-mexicana-de-derechos-humanos-a-c\/","url_meta":{"origin":5108,"position":2},"title":"NUEVA LEY DEL D.F. QUITA A PADRES DE FAMILIA SU POTESTAD DE EDUCAR: Comisi\u00f3n Mexicana de Derechos Humanos, A.C.","date":"24 junio 2014","format":false,"excerpt":"Presentamos el escrito que reproduce el portal CITIZENGO en el que se piden firmas para solicitar el veto a esta ley. El sitio para firmar dicha solicitud es el siguiente (haz click): http:\/\/www.citizengo.org\/es\/8642-vetar-ley-y-jovenes-del-distrito-federal COMUNICADO DE LA CMDH: LA CMDH DENUNCIA QUE -CON ESA LEY- DESDE LOS 12 A\u00d1OS, EN LA\u2026","rel":"","context":"En \u00abEducaci\u00f3n\u00bb","img":{"alt_text":"","src":"","width":0,"height":0},"classes":[]},{"id":2972,"url":"http:\/\/catolicasmexico.com\/blog\/que-mexico-viva-nuevo-leon-ama-la-vida-y-en-guerrero-la-propuesta-de-ley-proaborto-es-congelada\/","url_meta":{"origin":5108,"position":3},"title":"\u00a1Que M\u00e9xico Viva!...\u00a1Nuevo Le\u00f3n Ama la Vida\u2026 ! y En Guerrero la propuesta de ley proaborto es congelada.","date":"29 mayo 2014","format":false,"excerpt":"Nuevo Le\u00f3n en M\u00e9xico blinda la vida contra el aborto y en Guerrero el proyecto de ley de pro-aborto es detenida. M\u00e9xico: Congreso de Guerrero cancela debate sobre ley pro aborto M\u00c9XICO D.F., 15 May. 14 \/ 08:35 pm (ACI).- El Congreso del estado de Guerrero en M\u00e9xico cancel\u00f3 la\u2026","rel":"","context":"En \u00abAborto\u00bb","img":{"alt_text":"","src":"https:\/\/i0.wp.com\/catolicasmexico.com\/blog\/wp-content\/uploads\/2014\/05\/20140529-225747.jpg?resize=350%2C200","width":350,"height":200},"classes":[]},{"id":913,"url":"http:\/\/catolicasmexico.com\/blog\/prohibicion-a-nivel-nacional-del-aborto-a-partir-de-20-semanas-pasa-delante-de-la-camara-de-representantes\/","url_meta":{"origin":5108,"position":4},"title":"Prohibici\u00f3n  a nivel nacional del aborto a partir de 20 semanas pasa delante de la c\u00e1mara de representantes","date":"19 junio 2013","format":false,"excerpt":"Por Ben Johnson. Traducido y editado por Alejandro P. de wwwcatolicasmexico.com Martes, 18 de junio de 2013 17:30 EST WASHINGTON, D.C., 18 de junio de 2013 (LifeSiteNews.com) \u2013 la c\u00e1mara de representantes ha aprobado un proyecto que podr\u00eda restringir todos los abortos en todo el pa\u00eds a partir de 20\u2026","rel":"","context":"En \u00abAborto\u00bb","img":{"alt_text":"","src":"","width":0,"height":0},"classes":[]},{"id":157,"url":"http:\/\/catolicasmexico.com\/blog\/obispos-de-uruguay-alientan-referendum-contra-el-aborto\/","url_meta":{"origin":5108,"position":5},"title":"Obispos de Uruguay alientan refer\u00e9ndum contra el aborto","date":"7 mayo 2013","format":false,"excerpt":"MONTEVIDEO, 03 May. 13 \/ 05:38 pm (ACI\/EWTN Noticias) .- En un comunicado emitido hoy, la Conferencia Episcopal del Uruguay (CEU) expres\u00f3 su apoyo a la realizaci\u00f3n de un referendo que permita la derogaci\u00f3n de la legislaci\u00f3n abortista en el pa\u00eds. Los Obispos uruguayos aseguraron que con el referendo, los\u2026","rel":"","context":"En \u00abAborto\u00bb","img":{"alt_text":"","src":"","width":0,"height":0},"classes":[]}],"jetpack_likes_enabled":false,"jetpack_sharing_enabled":true,"_links":{"self":[{"href":"http:\/\/catolicasmexico.com\/blog\/wp-json\/wp\/v2\/posts\/5108"}],"collection":[{"href":"http:\/\/catolicasmexico.com\/blog\/wp-json\/wp\/v2\/posts"}],"about":[{"href":"http:\/\/catolicasmexico.com\/blog\/wp-json\/wp\/v2\/types\/post"}],"author":[{"embeddable":true,"href":"http:\/\/catolicasmexico.com\/blog\/wp-json\/wp\/v2\/users\/1"}],"replies":[{"embeddable":true,"href":"http:\/\/catolicasmexico.com\/blog\/wp-json\/wp\/v2\/comments?post=5108"}],"version-history":[{"count":1,"href":"http:\/\/catolicasmexico.com\/blog\/wp-json\/wp\/v2\/posts\/5108\/revisions"}],"predecessor-version":[{"id":5110,"href":"http:\/\/catolicasmexico.com\/blog\/wp-json\/wp\/v2\/posts\/5108\/revisions\/5110"}],"wp:featuredmedia":[{"embeddable":true,"href":"http:\/\/catolicasmexico.com\/blog\/wp-json\/wp\/v2\/media\/5109"}],"wp:attachment":[{"href":"http:\/\/catolicasmexico.com\/blog\/wp-json\/wp\/v2\/media?parent=5108"}],"wp:term":[{"taxonomy":"category","embeddable":true,"href":"http:\/\/catolicasmexico.com\/blog\/wp-json\/wp\/v2\/categories?post=5108"},{"taxonomy":"post_tag","embeddable":true,"href":"http:\/\/catolicasmexico.com\/blog\/wp-json\/wp\/v2\/tags?post=5108"}],"curies":[{"name":"wp","href":"https:\/\/api.w.org\/{rel}","templated":true}]}}