{"id":5065,"date":"2021-10-05T11:24:05","date_gmt":"2021-10-05T16:24:05","guid":{"rendered":"http:\/\/catolicasmexico.com\/blog\/?p=5065"},"modified":"2021-10-05T11:24:09","modified_gmt":"2021-10-05T16:24:09","slug":"bebes-recien-nacidos-en-belgica-y-paises-bajos-son-asesinados","status":"publish","type":"post","link":"http:\/\/catolicasmexico.com\/blog\/bebes-recien-nacidos-en-belgica-y-paises-bajos-son-asesinados\/","title":{"rendered":"Beb\u00e9s recien nacidos en B\u00e9lgica y pa\u00edses Bajos son asesinados."},"content":{"rendered":"\n<figure class=\"wp-block-image size-large\"><a href=\"http:\/\/catolicasmexico.com\/blog\/wp-content\/uploads\/2021\/10\/Bebe-pieds-hopital-rawpixel-com-adobestock.jpg\"><img data-attachment-id=\"5067\" data-permalink=\"http:\/\/catolicasmexico.com\/blog\/bebes-recien-nacidos-en-belgica-y-paises-bajos-son-asesinados\/bebe-pieds-hopital-rawpixel-com-adobestock\/\" data-orig-file=\"http:\/\/catolicasmexico.com\/blog\/wp-content\/uploads\/2021\/10\/Bebe-pieds-hopital-rawpixel-com-adobestock.jpg\" data-orig-size=\"922,613\" data-comments-opened=\"1\" data-image-meta=\"{&quot;aperture&quot;:&quot;0&quot;,&quot;credit&quot;:&quot;courielDodo&quot;,&quot;camera&quot;:&quot;&quot;,&quot;caption&quot;:&quot;&quot;,&quot;created_timestamp&quot;:&quot;1633122573&quot;,&quot;copyright&quot;:&quot;&quot;,&quot;focal_length&quot;:&quot;0&quot;,&quot;iso&quot;:&quot;0&quot;,&quot;shutter_speed&quot;:&quot;0&quot;,&quot;title&quot;:&quot;&quot;,&quot;orientation&quot;:&quot;0&quot;}\" data-image-title=\"Bebe-pieds-hopital-rawpixel-com-adobestock\" data-image-description=\"\" data-medium-file=\"http:\/\/catolicasmexico.com\/blog\/wp-content\/uploads\/2021\/10\/Bebe-pieds-hopital-rawpixel-com-adobestock-300x199.jpg\" data-large-file=\"http:\/\/catolicasmexico.com\/blog\/wp-content\/uploads\/2021\/10\/Bebe-pieds-hopital-rawpixel-com-adobestock.jpg\" width=\"922\" height=\"613\" src=\"http:\/\/catolicasmexico.com\/blog\/wp-content\/uploads\/2021\/10\/Bebe-pieds-hopital-rawpixel-com-adobestock.jpg\" alt=\"\" class=\"wp-image-5067\" srcset=\"http:\/\/catolicasmexico.com\/blog\/wp-content\/uploads\/2021\/10\/Bebe-pieds-hopital-rawpixel-com-adobestock.jpg 922w, http:\/\/catolicasmexico.com\/blog\/wp-content\/uploads\/2021\/10\/Bebe-pieds-hopital-rawpixel-com-adobestock-768x511.jpg 768w, http:\/\/catolicasmexico.com\/blog\/wp-content\/uploads\/2021\/10\/Bebe-pieds-hopital-rawpixel-com-adobestock-300x199.jpg 300w, http:\/\/catolicasmexico.com\/blog\/wp-content\/uploads\/2021\/10\/Bebe-pieds-hopital-rawpixel-com-adobestock-150x150.jpg 150w\" sizes=\"100vw\" \/> <\/a><\/figure>\n\n\n\n<p>Los beb\u00e9s reci\u00e9n nacidos son asesinados en B\u00e9lgica y  Pa\u00edses Bajos, pero los pro-muerte no lo llaman infanticidio.<br>Publicado por Augustin Hamilton el 10\/01\/2021 21:14<\/p>\n\n\n\n<p>Por Jonathon Van Maren &#8211; Traducido por Campaigne Qu\u00e9bec-Vie &#8211; Foto: Rawpixel.com\/AdobeStock<\/p>\n\n\n\n<p>27 de septiembre de 2021 (LifeSiteNews) &#8211; Durante d\u00e9cadas, los activistas pro-vida advirtieron que la introducci\u00f3n del aborto y la eutanasia conduce inevitablemente al infanticidio postuterino. Durante d\u00e9cadas, los activistas pro aborto han criticado a los pro-vida tachandoles extremistas que quieren  aterrorizar a la gente con mentiras inaceptables.  luego, cuando eso sucede, lo defienden.<\/p>\n\n\n\n<p>Lo han defendido cuando los abortistas fueron sorprendidos  matando beb\u00e9s despu\u00e9s del nacimiento o dej\u00e1ndolos morir sin tratamiento m\u00e9dico despu\u00e9s de que estos peque\u00f1os guerreros sobrevivieron a los primeros intentos de asesinato. Lo defendieron cuando les quitaban los \u00f3rganos a beb\u00e9s vivos y lo defendieron en Holanda cuando el infanticidio, fue aceptado por la pol\u00edtica de Groningen del 2004, ahora lo aplicaron a otros ni\u00f1os el a\u00f1o pasado.<\/p>\n\n\n\n<p>Por supuesto, la mayor\u00eda de la gente no defender\u00e1 estas pr\u00e1cticas como \u00abinfanticidio\u00bb per ser un t\u00e9rmino escandaloso. Estos asesinatos se defienden como sacrificios necesarios para la liberaci\u00f3n sexual, la \u00abelecci\u00f3n\u00bb, la \u00abciencia\u00bb o la \u00abcompasi\u00f3n\u00bb. El infanticidio es un t\u00e9rmino demasiado llamativo para usarlo, por lo que los activistas que lo defienden siempre tienen cuidado de usar t\u00e9rminos diferentes. Cuando los investigadores, periodistas y activistas sacan a la luz  esta pr\u00e1ctica, se les ignora. \u00bfCu\u00e1ntas personas, han o\u00eddo hablar del reciente informe del Instituto Europeo de Bio\u00e9tica, publicado a principios del verano, que revela que un 10% de las muertes de reci\u00e9n nacidos en B\u00e9lgica son muertes provocadas por la eutanasia?<\/p>\n\n\n\n<p>Seg\u00fan el estudio, los profesionales de la salud determinan que los b\u00e9bes \u00abno tienen ninguna esperanza de tener un futuro soportable\u00bb as\u00ed pues son asesesinasos frecuentemente por \u00abeutanasia de forma deliberada\u00bb, esta pr\u00e1ctica afecta al \u00ab10% de los reci\u00e9n nacidos (0-1 a\u00f1os).  De esta manera murieron en Flandes b\u00b4\u00e9bes r\u00e9cien nacidos, entre septiembre de 2016 y Diciembre de 2017 (es decir, 24 beb\u00e9s). \u00ab<\/p>\n\n\n\n<p>En Pa\u00edses Bajos, la eutanasia no es posible para las personas que no pueden dar su consentimiento, es t\u00e9cnicamente ilegal, pero las autoridades se hacen de la vista gorda. Seg\u00fan la investigadora Laure Dombrecht de la Vrije Universiteit Brussel, una comparaci\u00f3n con un estudio realizado en 1999-2000 indica que esta pr\u00e1ctica ha aumentado del 3%, al 7 % y 10%. <\/p>\n\n\n\n<p>En  Pa\u00edses Bajos, la pr\u00e1ctica est\u00e1 t\u00e9cnicamente fuera de la ley, pero existe un marco legal dentro del cual los profesionales de la salud pueden practicar el infanticidio sin temor a ser procesados. Los autores del estudio reciente muestran que algo similar sucede B\u00e9lgica.<\/p>\n\n\n\n<p>Seg\u00fan el art\u00edculo: \u201cLos m\u00e9dicos que sacrificaron a los beb\u00e9s mediante una inyecci\u00f3n letal indicaron que en el 91% de los casos la principal raz\u00f3n de su acci\u00f3n era que no hab\u00eda esperanza de un &#8216;futuro soportable&#8217; para el beb\u00e9. En otras palabras, estos ni\u00f1os ten\u00edan una posibilidad real de supervivencia, pero el equipo m\u00e9dico, sin duda con el acuerdo de los padres, consideraron que sus vidas no val\u00edan la pena de ser vividas hasta el fin. \u00ab<\/p>\n\n\n\n<p>Sabemos que los est\u00e1ndares de nuestra sociedad que determina lo que es una \u00abvida soportable\u00bb son horriblemente manipulados a medida que la mentalidad eugenista se afianza cada vez m\u00e1s en nuestra comunidad m\u00e9dica. En  Reino Unido, por ejemplo, el aborto est\u00e1 prohibido el aborto a partir de las 24 semanas de embarazo, pero si la madre descubre que est\u00e1 embarazada de un ni\u00f1o con s\u00edndrome de Down, se le permite tener un aborto hasta el nacimiento. Casi el 100% de las personas con s\u00edndrome de Down dicen que son felices en su vida, pero el gobierno del Reino Unido quiere asegurarse de que ning\u00fan padre est\u00e9 a cargo de ninguna de estas personas especiales, incluso si eso implica un asesinato grotesco en el \u00fatero a los nueve meses.<\/p>\n\n\n\n<p>Hay un lado positivo en todo esto. Heidi Crowter, una mujer de 26 a\u00f1os con s\u00edndrome de Down, ha demandado al gobierno del Reino Unido por la repugnante pol\u00edtica de discapacidad. Dos jueces fallaron recientemente en su contra, pero ella apelar\u00e1 la decisi\u00f3n. La visi\u00f3n que tiene la sociedad de personas como ella, tal como se resume en la ley del aborto, es \u00abofensiva\u00bb e irrespetuosa, declar\u00f3 en su demanda. Ella es una de las sobrevivientes y es la voz de otros sobrevivientes. Su misma existencia es una respuesta a las opiniones metastatizadas de nuestra sociedad al infanticidio. Rezamos para que Heidi tenga \u00e9xito.<\/p>\n","protected":false},"excerpt":{"rendered":"<p>Los beb\u00e9s reci\u00e9n nacidos son asesinados en B\u00e9lgica y Pa\u00edses Bajos, pero los pro-muerte no lo llaman infanticidio.Publicado por Augustin Hamilton el 10\/01\/2021 21:14 Por Jonathon Van Maren &#8211; Traducido por Campaigne Qu\u00e9bec-Vie &#8211; Foto: Rawpixel.com\/AdobeStock 27 de septiembre de 2021 (LifeSiteNews) &#8211; Durante d\u00e9cadas, los activistas pro-vida advirtieron que la introducci\u00f3n del aborto y [&hellip;]<\/p>\n","protected":false},"author":1,"featured_media":5067,"comment_status":"open","ping_status":"open","sticky":false,"template":"","format":"standard","meta":{"spay_email":"","jetpack_publicize_message":"","jetpack_is_tweetstorm":false},"categories":[9,27,32,10,975,70,1],"tags":[],"aioseo_notices":[],"jetpack_featured_media_url":"http:\/\/catolicasmexico.com\/blog\/wp-content\/uploads\/2021\/10\/Bebe-pieds-hopital-rawpixel-com-adobestock.jpg","jetpack_publicize_connections":[],"jetpack_shortlink":"https:\/\/wp.me\/p3B5XH-1jH","jetpack-related-posts":[{"id":3570,"url":"http:\/\/catolicasmexico.com\/blog\/el-consejo-de-europa-rehusa-proteger-a-los-recien-nacidos-del-infanticidio\/","url_meta":{"origin":5065,"position":0},"title":"El Consejo de Europa rechaza proteger a los reci\u00e9n nacidos del infanticidio","date":"15 diciembre 2014","format":false,"excerpt":"Publicado por Pour une Culture de Vie, 20 de noviembre de 2014. Traducci\u00f3n y edici\u00f3n libre de Jules para CM, 6 de diciembre de 2014. Del blog de Jeanne Smits, 19 de noviembre de 2014. Un art\u00edculo para leer, del cual he aqu\u00ed un extracto: (\u2026) \u00abEn ciertos pa\u00edses europeos\u2026","rel":"","context":"En \u00abAborto\u00bb","img":{"alt_text":"","src":"https:\/\/i1.wp.com\/catolicasmexico.com\/blog\/wp-content\/uploads\/2016\/04\/IMG_0517.jpg?resize=350%2C200","width":350,"height":200},"classes":[]},{"id":940,"url":"http:\/\/catolicasmexico.com\/blog\/la-eutanasia-infantil-en-belgica-y-los-paises-bajos-70-anos-despues-del-regimen-nazi\/","url_meta":{"origin":5065,"position":1},"title":"La eutanasia infantil en B\u00e9lgica y los Pa\u00edses Bajos 70 a\u00f1os despu\u00e9s del r\u00e9gimen Nazi","date":"21 junio 2013","format":false,"excerpt":"POR PETER SAUNDERS \u00a0 18 De junio del 2013 (PJSaunders) - La semana pasada B\u00e9lgica y Holanda han tomado pasos importantes para la legalizacion de la eutanasia para los ni\u00f1os. \u00a0 Seg\u00fan los informes, un acuerdo se ha formado entre los miembros del Parlamento Federal belga en apoyo a la\u2026","rel":"","context":"En \u00abEutanasia\u00bb","img":{"alt_text":"","src":"https:\/\/i1.wp.com\/catolicasmexico.com\/blog\/wp-content\/uploads\/2013\/06\/Karl_Brandt_SS-Arzt.jpg?resize=350%2C200","width":350,"height":200},"classes":[]},{"id":88,"url":"http:\/\/catolicasmexico.com\/blog\/88\/","url_meta":{"origin":5065,"position":2},"title":"Un juez federal desestimo nueve acusaciones","date":"29 abril 2013","format":false,"excerpt":"POR BEN JOHNSON FILADELFIA, \u00a023 de abril 2014 (LifeSiteNews.com\u00a0(traduction CQV)) \u2014 \u00a0Un juez federal desestimo nueve acusaciones - tres acusaciones de muerte y una acusaci\u00f3n de infanticidio- contra el Dr. de Philadelphia, Kermin Gosnell, en el proceso de esta ma\u00f1ana. Los periodicos locales, reportaron que el juez rechazo las tres\u2026","rel":"","context":"En \u00abAborto\u00bb","img":{"alt_text":"","src":"https:\/\/i2.wp.com\/catolicasmexico.com\/blog\/wp-content\/uploads\/2013\/04\/kermit-gosnell.jpg?resize=350%2C200","width":350,"height":200},"classes":[]},{"id":125,"url":"http:\/\/catolicasmexico.com\/blog\/eduard-verhagen-apunta-a-eliminar-al-nino-enfermo-tras-el-nacimiento-en-lugar-de-durante-la-gestacion-certeza-total-sobre-el-diagnostico-y-un-pronostico-mas-claro-apunta-el-medico-holandes-autor\/","url_meta":{"origin":5065,"position":3},"title":"Eduard Verhagen apunta a eliminar al ni\u00f1o enfermo tras el nacimiento en lugar de durante la gestaci\u00f3n \"Certeza total sobre el diagn\u00f3stico y un pron\u00f3stico m\u00e1s claro\", apunta el m\u00e9dico holand\u00e9s, autor del Protocolo de Groningen","date":"3 mayo 2013","format":false,"excerpt":"Certeza total sobre el\u00a0diagn\u00f3stico y un pron\u00f3stico m\u00e1s claro: es por lo que el m\u00e9dico holand\u00e9s Eduard Verhagen defiende que se opte por eliminar al ni\u00f1o enfermo tras el nacimiento, en lugar de durante la gestaci\u00f3n. \u00a0 REDACCI\u00d3N HO.- \u00a0Certeza total sobre el\u00a0diagn\u00f3stico y un pron\u00f3stico m\u00e1s claro despu\u00e9s del\u2026","rel":"","context":"En \u00abAborto\u00bb","img":{"alt_text":"","src":"https:\/\/i1.wp.com\/catolicasmexico.com\/blog\/wp-content\/uploads\/2013\/05\/imagezz-1.jpeg?resize=350%2C200","width":350,"height":200},"classes":[]},{"id":3912,"url":"http:\/\/catolicasmexico.com\/blog\/testimonio-personal-medico-explica-como-los-bebes-que-sobreviven-al-aborto-son-asesinados-o-abandonados-a-su-suerte\/","url_meta":{"origin":5065,"position":4},"title":"Testimonio: Personal m\u00e9dico explica c\u00f3mo los beb\u00e9s que sobreviven al aborto son asesinados o abandonados a su suerte","date":"21 julio 2015","format":false,"excerpt":"El ni\u00f1o naci\u00f3 vivo y para impedirle gritar, el m\u00e9dico r\u00e1pidamente cubri\u00f3 su rostro. Luego lo llev\u00f3 a otra habitaci\u00f3n... No vi ning\u00fan defecto en \u00e9l, luch\u00f3 para respirar e hizo algunos gestos leves. Estaba completamente formado, ten\u00eda pesta\u00f1as, pelo, u\u00f1as... El doctor se acerc\u00f3 y pregunt\u00f3 si a\u00fan estaba\u2026","rel":"","context":"En \u00abAborto\u00bb","img":{"alt_text":"","src":"https:\/\/i0.wp.com\/catolicasmexico.com\/blog\/wp-content\/uploads\/2015\/07\/nouveau-ne.jpg?resize=350%2C200","width":350,"height":200},"classes":[]},{"id":2021,"url":"http:\/\/catolicasmexico.com\/blog\/en-belgica-se-esta-tratando-el-tema-de-la-eutanasia-para-los-ninos\/","url_meta":{"origin":5065,"position":5},"title":"En B\u00e9lgica se est\u00e1 tratando el tema de la eutanasia para los ni\u00f1os.","date":"5 noviembre 2013","format":false,"excerpt":"Traducci\u00f3n y edici\u00f3n libre www.catolicasmexico.com Del sitio de campagne quebec-vie original del Sitio web de Radio-Canada de 02 de noviembre de 2013. (Foto: Fr\u00e9d\u00e9rique Laporte en flickr.com de Creative Commons) Mientras que en Quebec se ha comenzado a hablar de la ayuda a morir , B\u00e9lgica evoca la posibilidad de\u2026","rel":"","context":"En \u00abEutanasia\u00bb","img":{"alt_text":"","src":"https:\/\/i0.wp.com\/catolicasmexico.com\/blog\/wp-content\/uploads\/2013\/11\/20131105-125149.jpg?resize=350%2C200","width":350,"height":200},"classes":[]}],"jetpack_likes_enabled":false,"jetpack_sharing_enabled":true,"_links":{"self":[{"href":"http:\/\/catolicasmexico.com\/blog\/wp-json\/wp\/v2\/posts\/5065"}],"collection":[{"href":"http:\/\/catolicasmexico.com\/blog\/wp-json\/wp\/v2\/posts"}],"about":[{"href":"http:\/\/catolicasmexico.com\/blog\/wp-json\/wp\/v2\/types\/post"}],"author":[{"embeddable":true,"href":"http:\/\/catolicasmexico.com\/blog\/wp-json\/wp\/v2\/users\/1"}],"replies":[{"embeddable":true,"href":"http:\/\/catolicasmexico.com\/blog\/wp-json\/wp\/v2\/comments?post=5065"}],"version-history":[{"count":2,"href":"http:\/\/catolicasmexico.com\/blog\/wp-json\/wp\/v2\/posts\/5065\/revisions"}],"predecessor-version":[{"id":5068,"href":"http:\/\/catolicasmexico.com\/blog\/wp-json\/wp\/v2\/posts\/5065\/revisions\/5068"}],"wp:featuredmedia":[{"embeddable":true,"href":"http:\/\/catolicasmexico.com\/blog\/wp-json\/wp\/v2\/media\/5067"}],"wp:attachment":[{"href":"http:\/\/catolicasmexico.com\/blog\/wp-json\/wp\/v2\/media?parent=5065"}],"wp:term":[{"taxonomy":"category","embeddable":true,"href":"http:\/\/catolicasmexico.com\/blog\/wp-json\/wp\/v2\/categories?post=5065"},{"taxonomy":"post_tag","embeddable":true,"href":"http:\/\/catolicasmexico.com\/blog\/wp-json\/wp\/v2\/tags?post=5065"}],"curies":[{"name":"wp","href":"https:\/\/api.w.org\/{rel}","templated":true}]}}