{"id":4910,"date":"2020-02-03T13:29:24","date_gmt":"2020-02-03T19:29:24","guid":{"rendered":"http:\/\/catolicasmexico.com\/blog\/?p=4910"},"modified":"2020-02-03T13:30:24","modified_gmt":"2020-02-03T19:30:24","slug":"cientificos-pagaron-a-mujeres-de-escasos-recursos-en-mexico-para-que-queden-embarazadas-y-que-despues-someterlas-a-un-aborto-con-fines-de-investigacion-cientifica","status":"publish","type":"post","link":"http:\/\/catolicasmexico.com\/blog\/cientificos-pagaron-a-mujeres-de-escasos-recursos-en-mexico-para-que-queden-embarazadas-y-que-despues-someterlas-a-un-aborto-con-fines-de-investigacion-cientifica\/","title":{"rendered":"Cient\u00edficos pagaron a mujeres de escasos recursos en M\u00e9xico  para que queden embarazadas y que despu\u00e9s someterlas a un aborto con fines de investigaci\u00f3n cient\u00edfica &#8230;"},"content":{"rendered":"<p>Del Blog de Agustin Hamilton cqv.qc.ca fuente LifeSiteNews<\/p>\n<p>En un controvertido estudio cient\u00edfico, los cient\u00edficos pagaron a docenas de mujeres mexicanas para darles hiperestimulaci\u00f3n con hormonas, inseminaci\u00f3n artificial y hacerlas abortar unos d\u00edas despu\u00e9s de la concepci\u00f3n.<\/p>\n<p>En el Hospital Punta Mita, cerca de Puerto Vallarta, una ciudad en la costa del Oc\u00e9ano Pac\u00edfico de M\u00e9xico, hasta 80 mujeres fueron sometidas a inyecciones hormonales de altas y peligrosas dosis para inducir la ovulaci\u00f3n. Las mujeres fueron inseminadas artificialmente, seg\u00fan un informe de NPR, mientras que los beb\u00e9s embrionarios resultantes fueron \u00abexpulsados\u00bb de los cuerpos de las mujeres y utilizados para la investigaci\u00f3n cient\u00edfica.<\/p>\n<p>Seg\u00fan el informe, los investigadores reportaron que los beb\u00e9s embrionarios as\u00ed concebidos eran tan saludables, incluso \u00abm\u00e1s saludables\u00bb, \u00abgen\u00e9ticamente\u00bb que los concebidos por la t\u00e9cnica est\u00e1ndar de fertilizaci\u00f3n in vitro (FIV), que consiste en tomar \u00f3vulos de mujeres por medio de agujas especiales y luego las fertilizalos con esperma en condiciones de laboratorio.<\/p>\n<p>Cuando las pruebas mostraron que no todos los beb\u00e9s habian sido \u201cdesechados\u201d en algunas mujeres, entonces, las sometieron a practicarse abortos quir\u00fargicos o qu\u00edmicos. Sin embargo, algunos de los beb\u00e9s sobrevivientes fueron trasplantados al \u00fatero de otras mujeres, y otros fueron congelados.<\/p>\n<p>No olvidemos los efectos secundarios de estas inyecciones hormonales:<\/p>\n<p>El Dr. David Prentice del Instituto Charlotte Lozier tambi\u00e9n denunci\u00f3 la cuestionable \u00e9tica del estudio. En una entrevista con LifeSiteNews, el Dr. Prentice dijo que la sobreestimulaci\u00f3n hormonal puede tener efectos secundarios graves, incluyendo la p\u00e9rdida de extremidades e incluso la muerte de las mujeres.<\/p>\n","protected":false},"excerpt":{"rendered":"<p>Del Blog de Agustin Hamilton cqv.qc.ca fuente LifeSiteNews En un controvertido estudio cient\u00edfico, los cient\u00edficos pagaron a docenas de mujeres mexicanas para darles hiperestimulaci\u00f3n con hormonas, inseminaci\u00f3n artificial y hacerlas abortar unos d\u00edas despu\u00e9s de la concepci\u00f3n. En el Hospital Punta Mita, cerca de Puerto Vallarta, una ciudad en la costa del Oc\u00e9ano Pac\u00edfico de [&hellip;]<\/p>\n","protected":false},"author":2,"featured_media":4908,"comment_status":"open","ping_status":"open","sticky":false,"template":"","format":"standard","meta":{"spay_email":"","jetpack_publicize_message":"","jetpack_is_tweetstorm":false},"categories":[9,80],"tags":[718,727,951,952],"aioseo_notices":[],"jetpack_featured_media_url":"http:\/\/catolicasmexico.com\/blog\/wp-content\/uploads\/2020\/02\/497b7209-de74-463a-8818-4dd0c74b5fed-348-000000dd9446e092-1.png","jetpack_publicize_connections":[],"jetpack_shortlink":"https:\/\/wp.me\/p3B5XH-1hc","jetpack-related-posts":[{"id":4966,"url":"http:\/\/catolicasmexico.com\/blog\/estan-relacionados-la-anticoncepcion-y-el-aborto-los-hechos-hablan\/","url_meta":{"origin":4910,"position":0},"title":"\u00bfEst\u00e1n relacionados la anticoncepci\u00f3n y el aborto?... los hechos hablan","date":"28 julio 2021","format":false,"excerpt":"Foto :\u00a0bisonov\/AdobeStock Publicado por Augustin Hamilton el 27\/07\/2021 18:17 Por Anne Marie Williams (LiveActionNews) - Traducido por Campagne Qu\u00e9bec-Vie - Foto: bisonov \/ AdobeStock . traducci\u00f3n libre CM Molly Jong-Fast, autora y periodista, escribi\u00f3 un art\u00edculo en Vogue: \u201cEl movimiento contra la anticoncepci\u00f3n es el nuevo movimiento contra el aborto\u201d;\u2026","rel":"","context":"En \u00abAborto\u00bb","img":{"alt_text":"","src":"https:\/\/i1.wp.com\/catolicasmexico.com\/blog\/wp-content\/uploads\/2021\/07\/Pilules-contraception-bisonov.jpg?resize=350%2C200","width":350,"height":200},"classes":[]},{"id":2178,"url":"http:\/\/catolicasmexico.com\/blog\/quien-dice-que-el-diablo-no-existelas-feministas-pro-aborto-agreden-sexualmente-a-los-hombres-en-oracion-que-defendian-la-catedral\/","url_meta":{"origin":4910,"position":1},"title":"\u00bfQui\u00e9n dice que el diablo no existe?Las Feministas Pro-aborto agreden sexualmente a los hombres en oraci\u00f3n que defend\u00edan la catedral.","date":"5 diciembre 2013","format":false,"excerpt":"\u00a0 Del sitio www.cqv.qc.ca por Sof\u00eda V\u00e1zquez-Mellado, traducido por www.catolicasmexico.com Buenos Aires, 02 de diciembre de 2013 (LifeSiteNews.com) - extremadamente impactantes las secuencias del video filmado en la ciudad de San Juan en Argentina, que muestra una multitud de feministas, durante una reciente manifestaci\u00f3n , atacando y agrediendo sexualmente a\u2026","rel":"","context":"En \u00abAborto\u00bb","img":{"alt_text":"","src":"https:\/\/i2.wp.com\/catolicasmexico.com\/blog\/wp-content\/uploads\/2013\/12\/20131205-201311.jpg?resize=350%2C200","width":350,"height":200},"classes":[]},{"id":4091,"url":"http:\/\/catolicasmexico.com\/blog\/una-decision-mayor-esta-por-ser-tomada-por-la-suprema-corte\/","url_meta":{"origin":4910,"position":2},"title":"Una decisi\u00f3n mayor est\u00e1 por ser tomada por la Suprema Corte","date":"20 noviembre 2015","format":false,"excerpt":"\u00a0 \u00a0 \u00a0 \u00a0 \u00a0 \u00a0 \u00a0 \u00a0 \u00a0 \u00a0 Original:\u00a0Church Militant\u00a0Traducci\u00f3n libre para catolicasmexico.com WASHINGTON (Elizabeth Slattery) - A finales de junio, la Suprema Corte deliberar\u00e1 sobre uno de los casos m\u00e1s importantes relativos a la legislaci\u00f3n del aborto de los \u00faltimos a\u00f1os. Hoy, los magistrados anunciaron que decidir\u00e1n\u2026","rel":"","context":"En \u00abAborto\u00bb","img":{"alt_text":"","src":"https:\/\/i2.wp.com\/catolicasmexico.com\/blog\/wp-content\/uploads\/2015\/11\/2015-11-16-niles-a.jpg?resize=350%2C200","width":350,"height":200},"classes":[]},{"id":1048,"url":"http:\/\/catolicasmexico.com\/blog\/sin-ninguna-duda-las-primeras-feministas-eran-provida\/","url_meta":{"origin":4910,"position":3},"title":"Sin ninguna duda las primeras feministas eran provida.","date":"4 julio 2013","format":false,"excerpt":"Del blog de LifeNews. Traducci\u00f3n Monica Y.A. de wwwcatolicasmexico.com Edici\u00f3n libre Alejandro P. de www.catolicasmexico.com \"El aborto es la m\u00e1xima explotaci\u00f3n para las mujeres.\" - Alice Paul Los objetivos del feminismo fueron el derecho a votar, la educaci\u00f3n y el divorcio. Ninguno de ellos demandaba el derecho al aborto -\u2026","rel":"","context":"En \u00abAborto\u00bb","img":{"alt_text":"","src":"","width":0,"height":0},"classes":[]},{"id":3786,"url":"http:\/\/catolicasmexico.com\/blog\/su-marido-queria-un-nino-entonces-ella-aborto-18-veces-antes-de-tener-un-varon\/","url_meta":{"origin":4910,"position":4},"title":"Su marido quer\u00eda un ni\u00f1o, entonces ella abort\u00f3 18 veces antes de tener un var\u00f3n","date":"4 junio 2015","format":false,"excerpt":"El aborto selectivo es un problema internacional \u2014 y el fen\u00f3meno es m\u00e1s frecuente en el sudeste asi\u00e1tico. En naciones como China e India, las ni\u00f1as son abortadas rutinariamente porque las costumbres culturales a favorecen a los varones. Vietnam, por desgracia, no es una excepci\u00f3n. \u00a0 Y es all\u00ed donde\u2026","rel":"","context":"En \u00abAborto\u00bb","img":{"alt_text":"","src":"https:\/\/i1.wp.com\/catolicasmexico.com\/blog\/wp-content\/uploads\/2015\/06\/vietnam.jpg?resize=350%2C200","width":350,"height":200},"classes":[]},{"id":4310,"url":"http:\/\/catolicasmexico.com\/blog\/una-mujer-en-estado-grave-por-aborto-tardio-fue-trasladada-por-las-escaleras-de-una-clinica\/","url_meta":{"origin":4910,"position":5},"title":"Una mujer en estado grave por aborto tard\u00edo, fue trasladada por las escaleras de una cl\u00ednica.","date":"16 marzo 2016","format":false,"excerpt":"Unas horas despu\u00e9s de que los l\u00edderes de la coalici\u00f3n Provida emitieron un comunicado de prensa sobre una demanda contra un centro de aborto de la ciudad de Cleveland, la administraci\u00f3n de los Registros P\u00fablicos finalmente public\u00f3 la transcripci\u00f3n de una urgencia m\u00e9dica que ocurri\u00f3 tras un aborto tard\u00edo el\u2026","rel":"","context":"En \u00abAborto\u00bb","img":{"alt_text":"","src":"https:\/\/i0.wp.com\/catolicasmexico.com\/blog\/wp-content\/uploads\/2016\/03\/IMG_0476-0.png?resize=350%2C200","width":350,"height":200},"classes":[]}],"jetpack_likes_enabled":false,"jetpack_sharing_enabled":true,"_links":{"self":[{"href":"http:\/\/catolicasmexico.com\/blog\/wp-json\/wp\/v2\/posts\/4910"}],"collection":[{"href":"http:\/\/catolicasmexico.com\/blog\/wp-json\/wp\/v2\/posts"}],"about":[{"href":"http:\/\/catolicasmexico.com\/blog\/wp-json\/wp\/v2\/types\/post"}],"author":[{"embeddable":true,"href":"http:\/\/catolicasmexico.com\/blog\/wp-json\/wp\/v2\/users\/2"}],"replies":[{"embeddable":true,"href":"http:\/\/catolicasmexico.com\/blog\/wp-json\/wp\/v2\/comments?post=4910"}],"version-history":[{"count":2,"href":"http:\/\/catolicasmexico.com\/blog\/wp-json\/wp\/v2\/posts\/4910\/revisions"}],"predecessor-version":[{"id":4912,"href":"http:\/\/catolicasmexico.com\/blog\/wp-json\/wp\/v2\/posts\/4910\/revisions\/4912"}],"wp:featuredmedia":[{"embeddable":true,"href":"http:\/\/catolicasmexico.com\/blog\/wp-json\/wp\/v2\/media\/4908"}],"wp:attachment":[{"href":"http:\/\/catolicasmexico.com\/blog\/wp-json\/wp\/v2\/media?parent=4910"}],"wp:term":[{"taxonomy":"category","embeddable":true,"href":"http:\/\/catolicasmexico.com\/blog\/wp-json\/wp\/v2\/categories?post=4910"},{"taxonomy":"post_tag","embeddable":true,"href":"http:\/\/catolicasmexico.com\/blog\/wp-json\/wp\/v2\/tags?post=4910"}],"curies":[{"name":"wp","href":"https:\/\/api.w.org\/{rel}","templated":true}]}}