{"id":4864,"date":"2019-09-04T21:24:04","date_gmt":"2019-09-05T02:24:04","guid":{"rendered":"http:\/\/catolicasmexico.com\/blog\/?p=4864"},"modified":"2019-09-04T21:24:12","modified_gmt":"2019-09-05T02:24:12","slug":"un-hombre-que-se-hace-llamar-mujer-entra-al-bano-de-mujeres-y-ataca-a-una-nina-de-10-anos","status":"publish","type":"post","link":"http:\/\/catolicasmexico.com\/blog\/un-hombre-que-se-hace-llamar-mujer-entra-al-bano-de-mujeres-y-ataca-a-una-nina-de-10-anos\/","title":{"rendered":"Un hombre que se hace llamar \u00abmujer\u00bb entra al ba\u00f1o de mujeres y ataca a una ni\u00f1a de 10 a\u00f1os."},"content":{"rendered":"\n<figure class=\"wp-block-image\"><img data-attachment-id=\"4865\" data-permalink=\"http:\/\/catolicasmexico.com\/blog\/un-hombre-que-se-hace-llamar-mujer-entra-al-bano-de-mujeres-y-ataca-a-una-nina-de-10-anos\/photo-19-06-11-18-05-36\/\" data-orig-file=\"http:\/\/catolicasmexico.com\/blog\/wp-content\/uploads\/2019\/09\/Photo-19-06-11-18-05-36.jpg\" data-orig-size=\"958,569\" data-comments-opened=\"1\" data-image-meta=\"{&quot;aperture&quot;:&quot;0&quot;,&quot;credit&quot;:&quot;Augustin Morin&quot;,&quot;camera&quot;:&quot;&quot;,&quot;caption&quot;:&quot;&quot;,&quot;created_timestamp&quot;:&quot;1560276336&quot;,&quot;copyright&quot;:&quot;&quot;,&quot;focal_length&quot;:&quot;0&quot;,&quot;iso&quot;:&quot;0&quot;,&quot;shutter_speed&quot;:&quot;0&quot;,&quot;title&quot;:&quot;&quot;,&quot;orientation&quot;:&quot;0&quot;}\" data-image-title=\"Photo 19-06-11 18 05 36\" data-image-description=\"\" data-medium-file=\"http:\/\/catolicasmexico.com\/blog\/wp-content\/uploads\/2019\/09\/Photo-19-06-11-18-05-36-300x178.jpg\" data-large-file=\"http:\/\/catolicasmexico.com\/blog\/wp-content\/uploads\/2019\/09\/Photo-19-06-11-18-05-36.jpg\" width=\"958\" height=\"569\" src=\"http:\/\/catolicasmexico.com\/blog\/wp-content\/uploads\/2019\/09\/Photo-19-06-11-18-05-36.jpg\" alt=\"\" class=\"wp-image-4865\" srcset=\"http:\/\/catolicasmexico.com\/blog\/wp-content\/uploads\/2019\/09\/Photo-19-06-11-18-05-36.jpg 958w, http:\/\/catolicasmexico.com\/blog\/wp-content\/uploads\/2019\/09\/Photo-19-06-11-18-05-36-768x456.jpg 768w, http:\/\/catolicasmexico.com\/blog\/wp-content\/uploads\/2019\/09\/Photo-19-06-11-18-05-36-300x178.jpg 300w, http:\/\/catolicasmexico.com\/blog\/wp-content\/uploads\/2019\/09\/Photo-19-06-11-18-05-36-150x150.jpg 150w\" sizes=\"100vw\" \/> <\/figure>\n\n\n\n<p>(&#8230;)En el Reino Unido, \u201cThe Courier\u201dinform\u00f3 recientemente que un joven violento,  (los medios de comunicaci\u00f3n  lo han llamado \u00abella\u201d en las noticias.) fue levemente sancionado por agredir sexualmente a una ni\u00f1a de diez a\u00f1os, en los ba\u00f1os de mujeres de un supermercado en Morrisons en Kirkcaldy. El joven de 18 a\u00f1os, que actualmente se conoce como \u00abKatie Dolatowski\u00bb, agarr\u00f3 a la ni\u00f1a por delante , la empuj\u00f3 a un ba\u00f1o y le orden\u00f3 que se quitara los pantalones, y le dijo que un hombre frente al ba\u00f1o matar\u00eda a su madre. La ni\u00f1a entr\u00f3 en p\u00e1nico y comenz\u00f3 a golpear a Dolatowski,  [&#8230;] en el est\u00f3mago y la cara. Luego corri\u00f3 hacia su padre y sus hermanos, quienes la estaban esperando justo afuera del ba\u00f1o supuestamente seguro para mujeres. <\/p>\n\n\n\n<p>La ni\u00f1a de diez a\u00f1os no ha dejado de sufrir recuerdos agudos desde el incidente traum\u00e1tico, que la han vuelto hist\u00e9rica. Su madre, enfurecida, se\u00f1al\u00f3 que la agresi\u00f3n fue \u00abalgo que guardar\u00e1 en ella por el resto de su vida\u00bb.\n<\/p>\n\n\n\n<p>Estaba rondando en el ba\u00f1o. El hombre fue all\u00ed espec\u00edficamente para atacar a un ni\u00f1o. Tuvimos tanta suerte que no pas\u00f3 nada malo. Es solo la reacci\u00f3n lo que detuvo el ataque. Podr\u00eda haber sido un ni\u00f1o de cinco a\u00f1os que no hubiera podido defenderse.\n<\/p>\n\n\n\n<p>Tampoco fue el primer crimen de Dolatowski. En febrero pasado, film\u00f3 a una ni\u00f1a de 12 a\u00f1os en el inodoro en otro supermercado Dunfermline colocando su tel\u00e9fono m\u00f3vil en el lugar. A pesar de esto, Dolatowski fue designado como \u00abriesgo moderado\u00bb para la comunidad y se le orden\u00f3 mantenerse alejado de los ni\u00f1os, pero fue liberado de la Instituci\u00f3n de Delincuentes Juveniles de Polmont. El tribunal se compadeci\u00f3 de Dolatowski despu\u00e9s de enterarse de que hab\u00eda estado en el sistema de asistencia social desde la infancia y que ten\u00eda problemas de salud mental. Los padres de la ni\u00f1a que fue atacada sexualmente por Dolatowski est\u00e1n furiosos, su madre enfatiza que aunque se haga llamar \u201cella\u00bb obviamente era un \u201cel\u201d\n<\/p>\n\n\n\n<p>Hay muchos otros ejemplos de este tipo. De hecho, muchas personas ya han afirmado ser transg\u00e9nero para acceder a los ba\u00f1os de mujeres por voyeurismo y a veces peor. Estos ejemplos generalmente se ignoran por completo, e incluso mencionarlos puede hacerte ver como un fan\u00e1tico. Los directivos docentes en los Estados Unidos han declarado expl\u00edcitamente que las ni\u00f1as de secundaria que se quejan de la presencia de hombres biol\u00f3gicos * en sus duchas y vestidores o que duermen con ellas en las excursiones deben ser rehabilitadas para curarlas de su \u00abtransfobia interior \u00ab, en realidad es una adolescente y sus amigas que demandaron a su escuela secundaria por sus pol\u00edticas que permiten a los hombres biol\u00f3gicos * en sus vestidores . Desafortunadamente para ellos, nuestra sociedad ha dejado atr\u00e1s su admiraci\u00f3n por las j\u00f3venes que toman iniciativas y se defienden.  &#8230;no es tu turno, hija m\u00eda!\n<\/p>\n\n\n\n<p>Ahora c\u00e1llate, transf\u00f3bico.\n<\/p>\n\n\n\n<p>Art\u00edculo de (LifeSiteNews )traducido al franc\u00e9s por CQV traducci\u00f3n al espa\u00f1ol CM.<em>Photo : Alexas_Fotos\/Pixabay<\/em><\/p>\n","protected":false},"excerpt":{"rendered":"<p>(&#8230;)En el Reino Unido, \u201cThe Courier\u201dinform\u00f3 recientemente que un joven violento, (los medios de comunicaci\u00f3n lo han llamado \u00abella\u201d en las noticias.) fue levemente sancionado por agredir sexualmente a una ni\u00f1a de diez a\u00f1os, en los ba\u00f1os de mujeres de un supermercado en Morrisons en Kirkcaldy. El joven de 18 a\u00f1os, que actualmente se conoce [&hellip;]<\/p>\n","protected":false},"author":1,"featured_media":4865,"comment_status":"open","ping_status":"open","sticky":false,"template":"","format":"standard","meta":{"spay_email":"","jetpack_publicize_message":"","jetpack_is_tweetstorm":false},"categories":[1],"tags":[],"aioseo_notices":[],"jetpack_featured_media_url":"http:\/\/catolicasmexico.com\/blog\/wp-content\/uploads\/2019\/09\/Photo-19-06-11-18-05-36.jpg","jetpack_publicize_connections":[],"jetpack_shortlink":"https:\/\/wp.me\/p3B5XH-1gs","jetpack-related-posts":[{"id":974,"url":"http:\/\/catolicasmexico.com\/blog\/lo-ultimo-ninos-trasgenero\/","url_meta":{"origin":4864,"position":0},"title":"Lo \u00faltimo: ni\u00f1os trasg\u00e9nero.","date":"26 junio 2013","format":false,"excerpt":"Del blog de www.cqv,qc.ca Traducido y editado por www.catolicasmexico.com (Un poco de su historia) A los cinco meses sus padres empezaron a \"ver\" que Coy se sent\u00eda una ni\u00f1a - porque agarr\u00f3 la frazada rosa de una de sus hermanas. M\u00e1s tarde, mostr\u00f3 poco inter\u00e9s en los juguetes, \"masculinos\" y\u2026","rel":"","context":"En \u00abEEUU\u00bb","img":{"alt_text":"","src":"","width":0,"height":0},"classes":[]},{"id":1443,"url":"http:\/\/catolicasmexico.com\/blog\/la-administracion-obama-obliga-al-distrito-escolar-a-autorizar-que-una-adolescente-use-el-bano-de-las-duchas-y-los-dormitorios-de-varones\/","url_meta":{"origin":4864,"position":1},"title":"La administraci\u00f3n OBAMA obliga  al distrito escolar a autorizar  que una adolescente use el ba\u00f1o de las duchas y los dormitorios de varones.","date":"29 julio 2013","format":false,"excerpt":"ARCADIA, CA, 25 de julio de 2013 (LifeSiteNews.com) Traducci\u00f3n y edici\u00f3n libre Monica Y.A. de www.catolicasmexico.com El Departamento de Justicia del gobierno de Obama ha presionado a una escuela distrital de California para permitir que una estudiante de primer a\u00f1o de secundaria que es anat\u00f3micamente femenino y que se identifica\u2026","rel":"","context":"En \u00abEEUU\u00bb","img":{"alt_text":"","src":"","width":0,"height":0},"classes":[]},{"id":4472,"url":"http:\/\/catolicasmexico.com\/blog\/ahora-un-trans-edad-un-padre-de-familia-vive-como-una-nina-de-6-anos-abandonando-a-su-esposa-y-a-sus-7-hijos\/","url_meta":{"origin":4864,"position":2},"title":"Ahora \u00bfUn Trans-edad'? Un padre de familia vive como una ni\u00f1a de 6 a\u00f1os abandonando a su esposa y a sus 7 hijos.\u00a0","date":"11 enero 2017","format":false,"excerpt":"Por Dustin Siggins (LifeSiteNews) - traducido CM del sitio www.qcv.cq.ca 21 de diciembre de 2015 - siete ni\u00f1os y 23 a\u00f1os de matrimonio no impidieron que Stefonknee Wolscht abandonara a su familia. Hoy, seis a\u00f1os m\u00e1s tarde, el transexual canadiense con voz profunda y conocida bajo el nombre de \"Paul\",\u2026","rel":"","context":"En \u00abCanada.\u00bb","img":{"alt_text":"","src":"https:\/\/i0.wp.com\/catolicasmexico.com\/blog\/wp-content\/uploads\/2017\/01\/IMG_1083.jpg?resize=350%2C200","width":350,"height":200},"classes":[]},{"id":2252,"url":"http:\/\/catolicasmexico.com\/blog\/la-camara-de-diputados-aprobo-el-articulo-5-el-estado-boliviano-protegera-la-vida-desde-su-concepcion\/","url_meta":{"origin":4864,"position":3},"title":"La C\u00e1mara de Diputados aprob\u00f3 el art\u00edculo 5, el Estado boliviano proteger\u00e1 la vida desde su concepci\u00f3n.","date":"18 diciembre 2013","format":false,"excerpt":"BOLIVIA.-(AGENCIALAVOZ) La Presidenta de la C\u00e1mara de Diputados, Betty Tejada, present\u00f3 hoy la modificaci\u00f3n al art\u00edculo quinto del C\u00f3digo Ni\u00f1a, Ni\u00f1o y Adolescente que en su nueva redacci\u00f3n reconoce como sujetos de derecho a los ni\u00f1os y ni\u00f1as desde el momento de su concepci\u00f3n. En este sentido, el nuevo art\u00edculo\u2026","rel":"","context":"En \u00abAborto\u00bb","img":{"alt_text":"","src":"","width":0,"height":0},"classes":[]},{"id":4468,"url":"http:\/\/catolicasmexico.com\/blog\/aborto-post-nacimiento-una-juez-dejo-libre-a-una-mujer-que-ahogo-a-su-recien-nacido\/","url_meta":{"origin":4864,"position":4},"title":"\u00bfAborto Post nacimiento? Una juez dej\u00f3 libre a una mujer que ahog\u00f3 a su reci\u00e9n nacido\u00a0","date":"13 diciembre 2016","format":false,"excerpt":"Por Steve Weatherbe (LifeSiteNews) - del sitio www.qcv.cq.ca traducido por CM Una mujer que ahog\u00f3 a su reci\u00e9n nacido para poder hacer un examen en la Universidad de Kamloops Thompson Rivers, obtuvo libertad condicional de dos a\u00f1os por una juez provincial, porque la acusada declar\u00f3 que este beb\u00e9 era el\u2026","rel":"","context":"En \u00abAborto\u00bb","img":{"alt_text":"","src":"https:\/\/i1.wp.com\/catolicasmexico.com\/blog\/wp-content\/uploads\/2016\/12\/IMG_1006.jpg?resize=350%2C200","width":350,"height":200},"classes":[]},{"id":1175,"url":"http:\/\/catolicasmexico.com\/blog\/triunfo-pro-vida-en-chile-nina-de-11-anos-desea-tener-a-su-hijo\/","url_meta":{"origin":4864,"position":5},"title":"Triunfo pro-vida en Chile, ni\u00f1a de 11 a\u00f1os, desea tener a su hijo.","date":"10 julio 2013","format":false,"excerpt":"Del blog de www.cqv.qc.ca original del blog salon beige. Traducci\u00f3n y edici\u00f3n libre www.catolicasmexico.com (...) El tema est\u00e1 en frente del escenario como de costumbre el resultado de un doloroso caso: la violaci\u00f3n de una ni\u00f1a chilena de 11 a\u00f1os, por su padrastro. Sin embargo, la chica dijo que ella\u2026","rel":"","context":"En \u00abAborto\u00bb","img":{"alt_text":"","src":"","width":0,"height":0},"classes":[]}],"jetpack_likes_enabled":false,"jetpack_sharing_enabled":true,"_links":{"self":[{"href":"http:\/\/catolicasmexico.com\/blog\/wp-json\/wp\/v2\/posts\/4864"}],"collection":[{"href":"http:\/\/catolicasmexico.com\/blog\/wp-json\/wp\/v2\/posts"}],"about":[{"href":"http:\/\/catolicasmexico.com\/blog\/wp-json\/wp\/v2\/types\/post"}],"author":[{"embeddable":true,"href":"http:\/\/catolicasmexico.com\/blog\/wp-json\/wp\/v2\/users\/1"}],"replies":[{"embeddable":true,"href":"http:\/\/catolicasmexico.com\/blog\/wp-json\/wp\/v2\/comments?post=4864"}],"version-history":[{"count":1,"href":"http:\/\/catolicasmexico.com\/blog\/wp-json\/wp\/v2\/posts\/4864\/revisions"}],"predecessor-version":[{"id":4866,"href":"http:\/\/catolicasmexico.com\/blog\/wp-json\/wp\/v2\/posts\/4864\/revisions\/4866"}],"wp:featuredmedia":[{"embeddable":true,"href":"http:\/\/catolicasmexico.com\/blog\/wp-json\/wp\/v2\/media\/4865"}],"wp:attachment":[{"href":"http:\/\/catolicasmexico.com\/blog\/wp-json\/wp\/v2\/media?parent=4864"}],"wp:term":[{"taxonomy":"category","embeddable":true,"href":"http:\/\/catolicasmexico.com\/blog\/wp-json\/wp\/v2\/categories?post=4864"},{"taxonomy":"post_tag","embeddable":true,"href":"http:\/\/catolicasmexico.com\/blog\/wp-json\/wp\/v2\/tags?post=4864"}],"curies":[{"name":"wp","href":"https:\/\/api.w.org\/{rel}","templated":true}]}}