{"id":468,"date":"2013-05-24T17:54:47","date_gmt":"2013-05-24T22:54:47","guid":{"rendered":"http:\/\/catolicasmexico.com\/blog\/?p=468"},"modified":"2013-05-25T17:46:16","modified_gmt":"2013-05-25T22:46:16","slug":"peru-expertos-desmienten-argumentos-de-promotores-del-aborto-en-congreso","status":"publish","type":"post","link":"http:\/\/catolicasmexico.com\/blog\/peru-expertos-desmienten-argumentos-de-promotores-del-aborto-en-congreso\/","title":{"rendered":"Per\u00fa: Expertos desmienten argumentos de promotores del aborto en Congreso"},"content":{"rendered":"<div><a href=\"http:\/\/catolicasmexico.com\/blog\/wp-content\/uploads\/2013\/05\/image-61.jpeg\"><img data-attachment-id=\"469\" data-permalink=\"http:\/\/catolicasmexico.com\/blog\/peru-expertos-desmienten-argumentos-de-promotores-del-aborto-en-congreso\/image-6-3\/\" data-orig-file=\"http:\/\/catolicasmexico.com\/blog\/wp-content\/uploads\/2013\/05\/image-61.jpeg\" data-orig-size=\"320,218\" data-comments-opened=\"1\" data-image-meta=\"{&quot;aperture&quot;:&quot;0&quot;,&quot;credit&quot;:&quot;&quot;,&quot;camera&quot;:&quot;&quot;,&quot;caption&quot;:&quot;&quot;,&quot;created_timestamp&quot;:&quot;0&quot;,&quot;copyright&quot;:&quot;&quot;,&quot;focal_length&quot;:&quot;0&quot;,&quot;iso&quot;:&quot;0&quot;,&quot;shutter_speed&quot;:&quot;0&quot;,&quot;title&quot;:&quot;&quot;,&quot;orientation&quot;:&quot;0&quot;}\" data-image-title=\"image (6)\" data-image-description=\"\" data-medium-file=\"http:\/\/catolicasmexico.com\/blog\/wp-content\/uploads\/2013\/05\/image-61-300x204.jpeg\" data-large-file=\"http:\/\/catolicasmexico.com\/blog\/wp-content\/uploads\/2013\/05\/image-61.jpeg\" class=\"alignnone size-full wp-image-469\" title=\"image (6)\" src=\"http:\/\/catolicasmexico.com\/blog\/wp-content\/uploads\/2013\/05\/image-61.jpeg\" alt=\"\" width=\"320\" height=\"218\" srcset=\"http:\/\/catolicasmexico.com\/blog\/wp-content\/uploads\/2013\/05\/image-61.jpeg 320w, http:\/\/catolicasmexico.com\/blog\/wp-content\/uploads\/2013\/05\/image-61-300x204.jpeg 300w, http:\/\/catolicasmexico.com\/blog\/wp-content\/uploads\/2013\/05\/image-61-150x150.jpeg 150w\" sizes=\"100vw\" \/> <\/a><\/div>\n<div><\/div>\n<p><\/p>\n<div>En el marco de una mesa de trabajo sobre modificaciones al C\u00f3digo de la Ni\u00f1ez y Adolescencia en el Congreso de Per\u00fa, dieciocho expertos en defensa de la vida rebatieron los argumentos del lobby promotor del aborto, que pretend\u00eda introducir la anticoncepci\u00f3n y el aborto en la norma, usando t\u00e9rminos como \u201csalud sexual y reproductiva\u201d.<\/div>\n<div><\/div>\n<p><\/p>\n<div>Los defensores de la vida superaron en proporci\u00f3n de 2 a 1 a las organizaciones feministas en la mesa de trabajo realizada el 20 de mayo, convocada por la Presidenta de la Comisi\u00f3n de la Mujer y Familia del Congreso del Per\u00fa.<\/div>\n<div><\/div>\n<p><\/p>\n<div>El lobby feminista busca insertar en el C\u00f3digo del Ni\u00f1o y Adolescente el art\u00edculo 27, sobre el \u201cderecho a la salud sexual y reproductiva\u201d, con el que se intenta abrir una puerta a la anticoncepci\u00f3n en menores y el aborto.<\/div>\n<p><\/p>\n<div><\/div>\n<p><\/p>\n<div>El Director para Am\u00e9rica Latina del Population Research Institute (PRI), Carlos Polo, record\u00f3 que \u201cel Congreso ha rechazado media docena de veces proyectos de ley por estos t\u00e9rminos que acarrean\u00a0 intencionalidades ocultas. Adem\u00e1s, las cifras con que los sustentan no son correctas\u201d.<\/div>\n<div><\/div>\n<div>\n<\/p>\n<div>En el marco de una mesa de trabajo sobre modificaciones al C\u00f3digo de la Ni\u00f1ez y Adolescencia en el Congreso de Per\u00fa, dieciocho expertos en defensa de la vida rebatieron los argumentos del lobby promotor del aborto, que pretend\u00eda introducir la anticoncepci\u00f3n y el aborto en la norma, usando t\u00e9rminos como \u201csalud sexual y reproductiva\u201d.<\/div>\n<div><\/div>\n<p><\/p>\n<div>Los defensores de la vida superaron en proporci\u00f3n de 2 a 1 a las organizaciones feministas en la mesa de trabajo realizada el 20 de mayo, convocada por la Presidenta de la Comisi\u00f3n de la Mujer y Familia del Congreso del Per\u00fa.<\/div>\n<div><\/div>\n<p><\/p>\n<div>El lobby feminista busca insertar en el C\u00f3digo del Ni\u00f1o y Adolescente el art\u00edculo 27, sobre el \u201cderecho a la salud sexual y reproductiva\u201d, con el que se intenta abrir una puerta a la anticoncepci\u00f3n en menores y el aborto.<\/div>\n<div><\/div>\n<div>El Director para Am\u00e9rica Latina del Population Research Institute (PRI), Carlos Polo, record\u00f3 que \u201cel Congreso ha rechazado media docena de veces proyectos de ley por estos t\u00e9rminos que acarrean\u00a0 intencionalidades ocultas. Adem\u00e1s, las cifras con que los sustentan no son correctas\u201d.<\/div>\n<div><\/div>\n<p><\/p>\n<div>Durante su exposici\u00f3n en la mesa de trabajo, Polo demostr\u00f3 que la intenci\u00f3n de brindar \u201cservicios de salud sexual y reproductiva\u201d no tiene sustento en la realidad, pues la mayor\u00eda de adolescentes en Per\u00fa no tiene actividad sexual.<br \/>\n\n<\/div>\n<div><\/div>\n<div>Las estad\u00edsticas oficiales del pa\u00eds, citadas por el director del PRI, evidencian que solamente el 17 por ciento de escolares peruanos ha tenido relaciones sexuales.<\/div>\n<p><\/p>\n<div><\/div>\n<div>Adem\u00e1s, indic\u00f3, la Encuesta Demogr\u00e1fica y de Salud Familiar evidenci\u00f3 en 2011 que la edad media de la primera relaci\u00f3n sexual en \u00e1reas urbanas es a los 19 a\u00f1os, mientras que en \u00e1reas rurales a los 17,7 a\u00f1os.<\/div>\n<p><\/p>\n<div><\/div>\n<div>Carlos Polo se\u00f1al\u00f3 que, tal como lo muestra la encuesta \u201cEstilos de vida de los adolescentes peruanos\u201d, realizada por la Universidad de Piura, la falta de informaci\u00f3n o conocimiento de m\u00e9todos anticonceptivos no es la causa del embarazo adolescente.<\/div>\n<div><\/div>\n<p><\/p>\n<div>Por su parte, el Presidente de la Sociedad de Amantes del Pa\u00eds, Walter Brunke, calific\u00f3 el art\u00edculo promovido por las ONGs feministas como inconstitucional y asegur\u00f3 que se trata de un pretexto para introducir una ideolog\u00eda.<\/div>\n<div><\/div>\n<p><\/p>\n<div>Brunke asegur\u00f3 que \u201cmedidas de este tipo no han dado buenos resultados en otros pa\u00edses\u201d, y al mismo tiempo quitan responsabilidad\u00a0 a los padres de familias, atentando as\u00ed contra la Patria Potestad.<\/div>\n<div><\/div>\n<p><\/p>\n<div>El Dr. Manuel Quimper, m\u00e9dico y representante de la Conferencia Episcopal Peruana, se\u00f1al\u00f3 que los programas que s\u00ed han tenido eficacia como pol\u00edticas p\u00fablicas son los que promueven la abstinencia m\u00e1s que el reparto de anticonceptivos, que siempre excluyen la responsabilidad de los padres.<\/div>\n<div><\/div>\n<p><\/p>\n<div>La propuesta del Dr. Quimper fue complementada por Carmen Deza, del Instituto Interamericano de la Mujer, quien se mostr\u00f3 a favor de una \u201ceducaci\u00f3n integral y con presencia de los padres\u201d.<\/div>\n<div><\/div>\n<p><\/p>\n<div>A su turno, la m\u00e9dico psiquiatra Ma\u00edta Garc\u00eda Trovato, de la Asociaci\u00f3n Nacional de M\u00e9dicos Cat\u00f3licos del Per\u00fa, explic\u00f3 que \u201cel cerebro adolescente est\u00e1 a\u00fan en desarrollo y por lo tanto no tienen capacidad de discernir responsablemente. La aprobaci\u00f3n de este art\u00edculo solo beneficiar\u00eda a los distribuidores de anticonceptivos\u201d.<\/div>\n<div><\/div>\n<p><\/p>\n<div>Rosa S\u00e1nchez, representante del Arzobispado de Lima, advirti\u00f3 que no se puede intentar evitar los embarazos en adolescentes y buscar la prevenci\u00f3n de enfermedades promoviendo las relaciones sexuales.<\/div>\n<div><\/div>\n<p><\/p>\n<div>S\u00e1nchez adem\u00e1s que de acuerdo al art\u00edculo 13 de la Constituci\u00f3n de Per\u00fa, el Estado no puede invadir esferas \u00edntimas, y menos suplantar los deberes de los padres.<\/div>\n<div><\/div>\n<div>Por su lado, las ONGs feministas y promotoras del aborto, como la Asociaci\u00f3n Civil por el Derecho a la Salud y Manuela Ramos, argumentaron simplemente que buscan \u201celiminar barreras culturales\u201d y que \u201clas ni\u00f1as pueden decidir\u201d.<\/div>\n<p><\/p>\n<div><\/div>\n<div>Susana Ch\u00e1vez, de la ONG abortista Promsex, expres\u00f3 su apoyo al art\u00edculo 27 justificando la interferencia del Estado en la Patria Potestad en aras de la privacidad y confidencialidad de las adolescentes, mientras que Mayra Ramos, representante de la Defensor\u00eda del Pueblo, dijo que es un deber del Estado garantizar la informaci\u00f3n a los ni\u00f1os con independencia de los padres.<\/div>\n<div><\/div>\n<p><\/p>\n<div>El Presidente de la Sociedad de Amantes del Pa\u00eds, Walter Brunke, record\u00f3 que los argumentos defendidos por Promsex y la representante de la Defensor\u00eda del Pueblo son totalmente inconstitucionales.<\/div>\n<div><\/div>\n<p><\/p>\n<div>Al concluir el evento, uno de los expertos participantes en la mesa de trabajo recibi\u00f3 las impresiones de uno de los principales asesores de la Comisi\u00f3n de la Mujer, quien asegur\u00f3 que, tras la clara exposici\u00f3n de los defensores de la vida, \u201cya no nos quedan dudas acerca de la conveniencia de retirar el art\u00edculo 27\u201d.<\/div>\n<div><\/div>\n<p>\n<\/div>\n","protected":false},"excerpt":{"rendered":"<p>En el marco de una mesa de trabajo sobre modificaciones al C\u00f3digo de la Ni\u00f1ez y Adolescencia en el Congreso de Per\u00fa, dieciocho expertos en defensa de la vida rebatieron los argumentos del lobby promotor del aborto, que pretend\u00eda introducir la anticoncepci\u00f3n y el aborto en la norma, usando t\u00e9rminos como \u201csalud sexual y reproductiva\u201d. [&hellip;]<\/p>\n","protected":false},"author":2,"featured_media":469,"comment_status":"open","ping_status":"open","sticky":false,"template":"","format":"standard","meta":{"spay_email":"","jetpack_publicize_message":"","jetpack_is_tweetstorm":false},"categories":[9,16],"tags":[51,726],"aioseo_notices":[],"jetpack_featured_media_url":"http:\/\/catolicasmexico.com\/blog\/wp-content\/uploads\/2013\/05\/image-61.jpeg","jetpack_publicize_connections":[],"jetpack_shortlink":"https:\/\/wp.me\/p3B5XH-7y","jetpack-related-posts":[{"id":907,"url":"http:\/\/catolicasmexico.com\/blog\/triunfo-pro-vida-congreso-peruano-rechaza-reparto-de-anticonceptivos-a-menores\/","url_meta":{"origin":468,"position":0},"title":"Triunfo pro-vida: Congreso peruano rechaza reparto de anticonceptivos a menores","date":"19 junio 2013","format":false,"excerpt":"LIMA, 18 Jun. 13 \/ 01:45 pm (ACI).- La Comisi\u00f3n de la Mujer del Congreso de Per\u00fa rechaz\u00f3 ayer las presiones de organizaciones abortistas que buscaban que se inserte en el art\u00edculo 27 del C\u00f3digo del Ni\u00f1o y del Adolescente la entrega sin consentimiento paterno de anticonceptivos a menores desde\u2026","rel":"","context":"En \u00abContracepci\u00f3n\u00bb","img":{"alt_text":"","src":"","width":0,"height":0},"classes":[]},{"id":692,"url":"http:\/\/catolicasmexico.com\/blog\/peru-exigen-a-congresistas-no-aprobar-anticonceptivos-para-menores-sin-permiso-de-padres\/","url_meta":{"origin":468,"position":1},"title":"Per\u00fa: Exigen a congresistas no aprobar anticonceptivos para menores sin permiso de padres","date":"3 junio 2013","format":false,"excerpt":"Noticia ACI. LIMA, 29 May. 13 \/ 12:01 pm (ACI).- El Population Research Institute (PRI) lanz\u00f3 una campa\u00f1a para exigir a las congresistas peruanas Gladys Condori, Doris Oseda y Elsa Anicama que no aprueben hoy la inserci\u00f3n del \"art\u00edculo 27\" en el C\u00f3digo de la Ni\u00f1ez y la Adolescencia, pues\u2026","rel":"","context":"En \u00abContracepci\u00f3n\u00bb","img":{"alt_text":"","src":"","width":0,"height":0},"classes":[]},{"id":867,"url":"http:\/\/catolicasmexico.com\/blog\/congresista-abortista-denuncia-a-aci-prensa-por-campana-difamatoria\/","url_meta":{"origin":468,"position":2},"title":"Congresista abortista denuncia a ACI Prensa por \"campa\u00f1a difamatoria\"","date":"17 junio 2013","format":false,"excerpt":"Congresista Rosa Mavila REDACCI\u00d3N CENTRAL, 16 Jun. 13 \/ 04:02 pm (ACI).- La congresista Rosa Mavila, que ha promovido la despenalizaci\u00f3n del aborto eugen\u00e9sico y por violaci\u00f3n en Per\u00fa, acus\u00f3 a ACI Prensa de organizar, junto al Population Research Institute (PRI), una \u201ccampa\u00f1a difamatoria\u201d contra sus colegas Ver\u00f3nika Mendoza, Doris\u2026","rel":"","context":"En \u00abLegislaci\u00f3n\u00bb","img":{"alt_text":"","src":"","width":0,"height":0},"classes":[]},{"id":1979,"url":"http:\/\/catolicasmexico.com\/blog\/promotores-del-aborto-atacan-sede-de-conferencia-episcopal-de-costa-rica\/","url_meta":{"origin":468,"position":3},"title":"Promotores del aborto atacan sede de Conferencia Episcopal de Costa Rica","date":"17 octubre 2013","format":false,"excerpt":"(Foto Conferencia Episcopal Costa Rica) SAN JOS\u00c9, 17 Oct. 13 \/ 03:15 pm (ACI\/EWTN Noticias).- Un grupo de desconocidos llen\u00f3 de lemas a favor del\u00a0aborto\u00a0buena parte del exterior de la sede de la Conferencia Episcopal de Costa Rica (CECR) en San Jos\u00e9, la capital del pa\u00eds, as\u00ed como tambi\u00e9n la\u2026","rel":"","context":"En \u00abAborto\u00bb","img":{"alt_text":"","src":"https:\/\/i2.wp.com\/catolicasmexico.com\/blog\/wp-content\/uploads\/2013\/10\/Costa_Rica_aborto_CECR.jpg?resize=350%2C200","width":350,"height":200},"classes":[]},{"id":2255,"url":"http:\/\/catolicasmexico.com\/blog\/la-onu-quiere-legalizar-el-aborto-en-el-principado-de-andorra\/","url_meta":{"origin":468,"position":4},"title":"La ONU quiere legalizar el aborto en el Principado de Andorra.","date":"20 diciembre 2013","format":false,"excerpt":"EE.UU.-(AGENCIALAVOZ) El Comit\u00e9 para la eliminaci\u00f3n de la discriminaci\u00f3n contra la mujer (CEDAW) de las Naciones Unidas ha emitido recientemente un informe en el que insta al Principado de Andorra a legalizar el aborto. En su escrito, este comit\u00e9 \"hace notar con preocupaci\u00f3n\" que \"la interpretaci\u00f3n del derecho a la\u2026","rel":"","context":"En \u00abAborto\u00bb","img":{"alt_text":"","src":"https:\/\/i0.wp.com\/catolicasmexico.com\/blog\/wp-content\/uploads\/2013\/12\/20131220-103014.jpg?resize=350%2C200","width":350,"height":200},"classes":[]},{"id":2235,"url":"http:\/\/catolicasmexico.com\/blog\/mexico-el-movimiento-pro-familia-y-pro-vida-celebra-la-victoria-por-la-vida-en-coahuila\/","url_meta":{"origin":468,"position":5},"title":"M\u00e9xico: El Movimiento Pro familia y Pro-vida celebra la Victoria por la vida en Coahuila .","date":"16 diciembre 2013","format":false,"excerpt":"MEXICO.-(AGENCIALAVOZ) Expresiones de diputados del PRI como \"estoy en contra de esta iniciativa, yo estoy a favor de la vida\", de Jos\u00e9 Luis Moreno, o \"esta iniciativa pretende legalizar el asesinato\", de Fernando de la Fuente y \"que quede claro que el Partido Verde se opone al aborto en nuestro\u2026","rel":"","context":"En \u00abAborto\u00bb","img":{"alt_text":"","src":"","width":0,"height":0},"classes":[]}],"jetpack_likes_enabled":false,"jetpack_sharing_enabled":true,"_links":{"self":[{"href":"http:\/\/catolicasmexico.com\/blog\/wp-json\/wp\/v2\/posts\/468"}],"collection":[{"href":"http:\/\/catolicasmexico.com\/blog\/wp-json\/wp\/v2\/posts"}],"about":[{"href":"http:\/\/catolicasmexico.com\/blog\/wp-json\/wp\/v2\/types\/post"}],"author":[{"embeddable":true,"href":"http:\/\/catolicasmexico.com\/blog\/wp-json\/wp\/v2\/users\/2"}],"replies":[{"embeddable":true,"href":"http:\/\/catolicasmexico.com\/blog\/wp-json\/wp\/v2\/comments?post=468"}],"version-history":[{"count":6,"href":"http:\/\/catolicasmexico.com\/blog\/wp-json\/wp\/v2\/posts\/468\/revisions"}],"predecessor-version":[{"id":475,"href":"http:\/\/catolicasmexico.com\/blog\/wp-json\/wp\/v2\/posts\/468\/revisions\/475"}],"wp:featuredmedia":[{"embeddable":true,"href":"http:\/\/catolicasmexico.com\/blog\/wp-json\/wp\/v2\/media\/469"}],"wp:attachment":[{"href":"http:\/\/catolicasmexico.com\/blog\/wp-json\/wp\/v2\/media?parent=468"}],"wp:term":[{"taxonomy":"category","embeddable":true,"href":"http:\/\/catolicasmexico.com\/blog\/wp-json\/wp\/v2\/categories?post=468"},{"taxonomy":"post_tag","embeddable":true,"href":"http:\/\/catolicasmexico.com\/blog\/wp-json\/wp\/v2\/tags?post=468"}],"curies":[{"name":"wp","href":"https:\/\/api.w.org\/{rel}","templated":true}]}}