{"id":465,"date":"2013-05-23T17:16:46","date_gmt":"2013-05-23T22:16:46","guid":{"rendered":"http:\/\/catolicasmexico.com\/blog\/?p=465"},"modified":"2013-05-25T17:43:30","modified_gmt":"2013-05-25T22:43:30","slug":"campana-a-favor-de-la-vida-extendida-a-todo-el-ano","status":"publish","type":"post","link":"http:\/\/catolicasmexico.com\/blog\/campana-a-favor-de-la-vida-extendida-a-todo-el-ano\/","title":{"rendered":"Campa\u00f1a a favor de la vida \u00abextendida a todo el a\u00f1o\u00bb"},"content":{"rendered":"<div><a href=\"http:\/\/catolicasmexico.com\/blog\/wp-content\/uploads\/2013\/05\/image-51.jpeg\"><img data-attachment-id=\"466\" data-permalink=\"http:\/\/catolicasmexico.com\/blog\/campana-a-favor-de-la-vida-extendida-a-todo-el-ano\/image-5-3\/\" data-orig-file=\"http:\/\/catolicasmexico.com\/blog\/wp-content\/uploads\/2013\/05\/image-51.jpeg\" data-orig-size=\"320,218\" data-comments-opened=\"1\" data-image-meta=\"{&quot;aperture&quot;:&quot;0&quot;,&quot;credit&quot;:&quot;&quot;,&quot;camera&quot;:&quot;&quot;,&quot;caption&quot;:&quot;&quot;,&quot;created_timestamp&quot;:&quot;0&quot;,&quot;copyright&quot;:&quot;&quot;,&quot;focal_length&quot;:&quot;0&quot;,&quot;iso&quot;:&quot;0&quot;,&quot;shutter_speed&quot;:&quot;0&quot;,&quot;title&quot;:&quot;&quot;,&quot;orientation&quot;:&quot;0&quot;}\" data-image-title=\"image (5)\" data-image-description=\"\" data-medium-file=\"http:\/\/catolicasmexico.com\/blog\/wp-content\/uploads\/2013\/05\/image-51-300x204.jpeg\" data-large-file=\"http:\/\/catolicasmexico.com\/blog\/wp-content\/uploads\/2013\/05\/image-51.jpeg\" class=\"alignnone size-full wp-image-466\" title=\"image (5)\" src=\"http:\/\/catolicasmexico.com\/blog\/wp-content\/uploads\/2013\/05\/image-51.jpeg\" alt=\"\" width=\"320\" height=\"218\" srcset=\"http:\/\/catolicasmexico.com\/blog\/wp-content\/uploads\/2013\/05\/image-51.jpeg 320w, http:\/\/catolicasmexico.com\/blog\/wp-content\/uploads\/2013\/05\/image-51-300x204.jpeg 300w, http:\/\/catolicasmexico.com\/blog\/wp-content\/uploads\/2013\/05\/image-51-150x150.jpeg 150w\" sizes=\"100vw\" \/> <\/a><\/div>\n<p><\/p>\n<div>Noticia de EWTN. El Presidente de la Comisi\u00f3n de Familia e Infancia de la Conferencia Episcopal Venezolana (CEV), Mons. Rafael Conde Alfonzo, se\u00f1al\u00f3 que la 13\u00ba campa\u00f1a a favor de la vida -postergada por los \u00faltimos acontecimientos pol\u00edticos-, \u201cse ha extendido todo el a\u00f1o, con el objetivo de \u2018defender el derecho a la vida del ni\u00f1o a\u00fan no nacido, rechazando el aborto como asesinato de un ser d\u00e9bil e indefenso\u2019\u201d.<\/div>\n<p><\/p>\n<div>En un comunicado enviado a EWTN Noticias, el Prelado record\u00f3 que el 25 de marzo es desde hace a\u00f1os el inicio de la Semana por la vida. Sin embargo, este a\u00f1o no se pudo realizar debido a que esa fecha coincidi\u00f3 con el Lunes Santo y luego sucedieron los \u201cacontecimientos electorales y poselectorales que han mantenido al pa\u00eds en vilo y la atenci\u00f3n de todos se ha centrado en estos asuntos\u201d.<\/div>\n<p><\/p>\n<div>Mons. Conde Alfonzo record\u00f3 que existe una campa\u00f1a internacional para imponer el aborto bajo la excusa de ser un \u201cderecho\u201d de la mujer. A estos organismos, advirti\u00f3, no les gusta la posici\u00f3n de la Iglesia a favor de los no nacidos y preferir\u00edan que esta se adaptase \u201ca las diversas corrientes que tratan de imponerse, contraviniendo principios b\u00e1sicos no s\u00f3lo religiosos sino, en muchos casos, simplemente humanos\u201d.<\/div>\n<p><\/p>\n<div>Ante esto, afirm\u00f3 que \u201cla defensa de la vida por parte de la Iglesia se basa en las ense\u00f1anzas del Se\u00f1or, quien afirm\u00f3 que hab\u00eda venido para que tengamos vida y la tengamos en abundancia. Esta afirmaci\u00f3n de Jes\u00fas nos demuestra que la vida es un don de Dios (&#8230;). Por eso es un contrasentido que se pretenda considerar un derecho extinguir una vida que apenas comienza. S\u00f3lo Dios es el autor de la vida y s\u00f3lo \u00c9l puede disponer de la misma\u201d.<\/div>\n<p><\/p>\n<div>Mons. Conde Alfonzo llam\u00f3 a los cristianos a cumplir con su deber de \u201cser defensores y promotores del don de la vida\u201d.<\/div>\n<p><\/p>\n<div>\u201cPidamos a Dios que todos lo seres humanos, especialmente los creyentes, sepamos agradecer el regalo de la vida que Dios nos ha hecho y que los que rigen los destinos de los pueblos establezcan leyes que respeten y defiendan ese don. Jes\u00fas, que muri\u00f3 y resucit\u00f3, es Se\u00f1or de la vida y quiere que nosotros la tengamos en abundancia\u201d, finaliz\u00f3.<\/div>\n","protected":false},"excerpt":{"rendered":"<p>Noticia de EWTN. El Presidente de la Comisi\u00f3n de Familia e Infancia de la Conferencia Episcopal Venezolana (CEV), Mons. Rafael Conde Alfonzo, se\u00f1al\u00f3 que la 13\u00ba campa\u00f1a a favor de la vida -postergada por los \u00faltimos acontecimientos pol\u00edticos-, \u201cse ha extendido todo el a\u00f1o, con el objetivo de \u2018defender el derecho a la vida del [&hellip;]<\/p>\n","protected":false},"author":2,"featured_media":466,"comment_status":"open","ping_status":"open","sticky":false,"template":"","format":"standard","meta":{"spay_email":"","jetpack_publicize_message":"","jetpack_is_tweetstorm":false},"categories":[9,26],"tags":[718,51,50,725],"aioseo_notices":[],"jetpack_featured_media_url":"http:\/\/catolicasmexico.com\/blog\/wp-content\/uploads\/2013\/05\/image-51.jpeg","jetpack_publicize_connections":[],"jetpack_shortlink":"https:\/\/wp.me\/p3B5XH-7v","jetpack-related-posts":[{"id":1559,"url":"http:\/\/catolicasmexico.com\/blog\/pro-vidas-convocan-marcha-en-rechazo-al-aborto-en-bolivia\/","url_meta":{"origin":465,"position":0},"title":"Pro-vidas convocan marcha en rechazo al aborto en Bolivia","date":"9 agosto 2013","format":false,"excerpt":"Unidos en oraci\u00f3n por la causa de la vida. LA PAZ, 08 Ago. 13 \/ 11:17 pm (ACI\/EWTN Noticias).- La Plataforma por La Vida, que re\u00fane a varias entidades y personalidades de Santa Cruz (Bolivia), convoc\u00f3 para el 22 de agosto a una marcha en rechazo a la posible despenalizaci\u00f3n\u2026","rel":"","context":"En \u00abAborto\u00bb","img":{"alt_text":"","src":"","width":0,"height":0},"classes":[]},{"id":849,"url":"http:\/\/catolicasmexico.com\/blog\/estrella-del-super-bowl-rechaza-invitacion-de-obama-por-apoyo-del-mandatario-al-aborto\/","url_meta":{"origin":465,"position":1},"title":"Estrella del \u201cSuper Bowl\u201d rechaza invitaci\u00f3n de Obama por apoyo del mandatario al aborto","date":"15 junio 2013","format":false,"excerpt":"MINNEAPOLIS, 14 Jun. 13 \/ 05:17 am (ACI\/EWTN Noticias).- El quarterback Matt Brik, estrella de los Ravens de Baltimore -ganador del Super Bowl de este a\u00f1o- se neg\u00f3 a asistir a la reuni\u00f3n de su equipo con el presidente Barack Obama en rechazo a una recientes declaraciones del mandatario en\u2026","rel":"","context":"En \u00abAborto\u00bb","img":{"alt_text":"","src":"","width":0,"height":0},"classes":[]},{"id":1048,"url":"http:\/\/catolicasmexico.com\/blog\/sin-ninguna-duda-las-primeras-feministas-eran-provida\/","url_meta":{"origin":465,"position":2},"title":"Sin ninguna duda las primeras feministas eran provida.","date":"4 julio 2013","format":false,"excerpt":"Del blog de LifeNews. Traducci\u00f3n Monica Y.A. de wwwcatolicasmexico.com Edici\u00f3n libre Alejandro P. de www.catolicasmexico.com \"El aborto es la m\u00e1xima explotaci\u00f3n para las mujeres.\" - Alice Paul Los objetivos del feminismo fueron el derecho a votar, la educaci\u00f3n y el divorcio. Ninguno de ellos demandaba el derecho al aborto -\u2026","rel":"","context":"En \u00abAborto\u00bb","img":{"alt_text":"","src":"","width":0,"height":0},"classes":[]},{"id":875,"url":"http:\/\/catolicasmexico.com\/blog\/ayudemos-a-borrar-el-aborto-en-espana\/","url_meta":{"origin":465,"position":3},"title":"\u00a1Ayudemos a borrar el aborto en Espa\u00f1a!","date":"17 junio 2013","format":false,"excerpt":"Mensaje de hazte Oir: Hace ya dos meses que iniciamos la campa\u00f1a \u00abBorra el aborto\u00bb para obligar al ministro Gallard\u00f3n a que, de una vez por todas, cumpliese con el compromiso de la reforma de la ley del aborto, y que la nueva ley fuese lo m\u00e1s cercana posible a\u2026","rel":"","context":"En \u00abAborto\u00bb","img":{"alt_text":"","src":"","width":0,"height":0},"classes":[]},{"id":1979,"url":"http:\/\/catolicasmexico.com\/blog\/promotores-del-aborto-atacan-sede-de-conferencia-episcopal-de-costa-rica\/","url_meta":{"origin":465,"position":4},"title":"Promotores del aborto atacan sede de Conferencia Episcopal de Costa Rica","date":"17 octubre 2013","format":false,"excerpt":"(Foto Conferencia Episcopal Costa Rica) SAN JOS\u00c9, 17 Oct. 13 \/ 03:15 pm (ACI\/EWTN Noticias).- Un grupo de desconocidos llen\u00f3 de lemas a favor del\u00a0aborto\u00a0buena parte del exterior de la sede de la Conferencia Episcopal de Costa Rica (CECR) en San Jos\u00e9, la capital del pa\u00eds, as\u00ed como tambi\u00e9n la\u2026","rel":"","context":"En \u00abAborto\u00bb","img":{"alt_text":"","src":"https:\/\/i2.wp.com\/catolicasmexico.com\/blog\/wp-content\/uploads\/2013\/10\/Costa_Rica_aborto_CECR.jpg?resize=350%2C200","width":350,"height":200},"classes":[]},{"id":2787,"url":"http:\/\/catolicasmexico.com\/blog\/piden-frenar-abominable-crimen-del-aborto-en-mexico\/","url_meta":{"origin":465,"position":5},"title":"Piden frenar abominable crimen del aborto en M\u00e9xico","date":"31 marzo 2014","format":false,"excerpt":"Imagen referencial. Foto: Raphael Lopes Bernardino (CC BY-NY-SA 2.0) M\u00c9XICO D.F., 30 Mar. 14 \/ 10:30 pm (ACI\/EWTN Noticias).- En el marco de la festividad de Nuestra Se\u00f1ora de la Encarnaci\u00f3n, celebrada hace unos d\u00edas en M\u00e9xico, diversas organizaciones pro vida, convocadas por el movimiento social cat\u00f3lico \u201cUni\u00f3n de Voluntades\u201d,\u2026","rel":"","context":"En \u00abAborto\u00bb","img":{"alt_text":"","src":"https:\/\/i1.wp.com\/catolicasmexico.com\/blog\/wp-content\/uploads\/2014\/03\/20140331-173545.jpg?resize=350%2C200","width":350,"height":200},"classes":[]}],"jetpack_likes_enabled":false,"jetpack_sharing_enabled":true,"_links":{"self":[{"href":"http:\/\/catolicasmexico.com\/blog\/wp-json\/wp\/v2\/posts\/465"}],"collection":[{"href":"http:\/\/catolicasmexico.com\/blog\/wp-json\/wp\/v2\/posts"}],"about":[{"href":"http:\/\/catolicasmexico.com\/blog\/wp-json\/wp\/v2\/types\/post"}],"author":[{"embeddable":true,"href":"http:\/\/catolicasmexico.com\/blog\/wp-json\/wp\/v2\/users\/2"}],"replies":[{"embeddable":true,"href":"http:\/\/catolicasmexico.com\/blog\/wp-json\/wp\/v2\/comments?post=465"}],"version-history":[{"count":3,"href":"http:\/\/catolicasmexico.com\/blog\/wp-json\/wp\/v2\/posts\/465\/revisions"}],"predecessor-version":[{"id":495,"href":"http:\/\/catolicasmexico.com\/blog\/wp-json\/wp\/v2\/posts\/465\/revisions\/495"}],"wp:featuredmedia":[{"embeddable":true,"href":"http:\/\/catolicasmexico.com\/blog\/wp-json\/wp\/v2\/media\/466"}],"wp:attachment":[{"href":"http:\/\/catolicasmexico.com\/blog\/wp-json\/wp\/v2\/media?parent=465"}],"wp:term":[{"taxonomy":"category","embeddable":true,"href":"http:\/\/catolicasmexico.com\/blog\/wp-json\/wp\/v2\/categories?post=465"},{"taxonomy":"post_tag","embeddable":true,"href":"http:\/\/catolicasmexico.com\/blog\/wp-json\/wp\/v2\/tags?post=465"}],"curies":[{"name":"wp","href":"https:\/\/api.w.org\/{rel}","templated":true}]}}