{"id":462,"date":"2013-05-23T09:00:55","date_gmt":"2013-05-23T14:00:55","guid":{"rendered":"http:\/\/catolicasmexico.com\/blog\/?p=462"},"modified":"2017-07-22T01:29:25","modified_gmt":"2017-07-22T06:29:25","slug":"invitacion-a-la-manif-pour-tous-en-francia","status":"publish","type":"post","link":"http:\/\/catolicasmexico.com\/blog\/invitacion-a-la-manif-pour-tous-en-francia\/","title":{"rendered":"Invitaci\u00f3n a la \u00abManif pour tous\u00bb en Francia"},"content":{"rendered":"<p><a href=\"http:\/\/catolicasmexico.com\/blog\/wp-content\/uploads\/2013\/07\/flag-france-drapeau-bandera.jpg\"><img data-attachment-id=\"4678\" data-permalink=\"http:\/\/catolicasmexico.com\/blog\/si-no-fuera-sacerdote-le-pondria-dos-cachetadas\/flag-france-drapeau-bandera\/\" data-orig-file=\"http:\/\/catolicasmexico.com\/blog\/wp-content\/uploads\/2013\/07\/flag-france-drapeau-bandera.jpg\" data-orig-size=\"505,328\" data-comments-opened=\"1\" data-image-meta=\"{&quot;aperture&quot;:&quot;0&quot;,&quot;credit&quot;:&quot;&quot;,&quot;camera&quot;:&quot;&quot;,&quot;caption&quot;:&quot;&quot;,&quot;created_timestamp&quot;:&quot;0&quot;,&quot;copyright&quot;:&quot;&quot;,&quot;focal_length&quot;:&quot;0&quot;,&quot;iso&quot;:&quot;0&quot;,&quot;shutter_speed&quot;:&quot;0&quot;,&quot;title&quot;:&quot;&quot;,&quot;orientation&quot;:&quot;0&quot;}\" data-image-title=\"flag france drapeau bandera\" data-image-description=\"\" data-medium-file=\"http:\/\/catolicasmexico.com\/blog\/wp-content\/uploads\/2013\/07\/flag-france-drapeau-bandera-300x195.jpg\" data-large-file=\"http:\/\/catolicasmexico.com\/blog\/wp-content\/uploads\/2013\/07\/flag-france-drapeau-bandera.jpg\" src=\"http:\/\/catolicasmexico.com\/blog\/wp-content\/uploads\/2013\/07\/flag-france-drapeau-bandera.jpg\" alt=\"\" width=\"505\" height=\"328\" class=\"alignleft size-full wp-image-4678\" srcset=\"http:\/\/catolicasmexico.com\/blog\/wp-content\/uploads\/2013\/07\/flag-france-drapeau-bandera.jpg 505w, http:\/\/catolicasmexico.com\/blog\/wp-content\/uploads\/2013\/07\/flag-france-drapeau-bandera-300x195.jpg 300w, http:\/\/catolicasmexico.com\/blog\/wp-content\/uploads\/2013\/07\/flag-france-drapeau-bandera-150x150.jpg 150w\" sizes=\"100vw\" \/> <\/a><br \/>\nInvitaci\u00f3n a la \u00abManif pour tous\u00bb<\/p>\n<p>Texto \u00a0original del Sal\u00f3n Beige de Jeanne Smits publicado en\u00a0<a href=\"http:\/\/www.cqv.qc.ca\/\" target=\"_blank\">www.cqv.qc.ca<\/a><\/p>\n<p>Traducci\u00f3n libre realizada por P.G.<\/p>\n<p>Nosotros participaremos con determinaci\u00f3n a la manifestaci\u00f3n para todos este 26 de mayo, \u00a0contra \u00abel matrimonio homo\u00bb, para defender nuestra derecho moral y pol\u00edtico y apol\u00edtico, esta obligaci\u00f3n \u00a0que traspasa los intereses partidarios , en fin haremos todo para derogar la ley nihilista, Hollande-Tubira, que pretende realizar la desintegraci\u00f3n familiar y social.<br \/>\nManifestaremos impulsados por nuestra fidelidad a los valores cristianos y humanos de respeto a la vida y a la familia.<\/p>\n<p>Manifestaremos porque evidentemente , la mayor\u00eda de manifestantes desaprueba la trampa de la instrumentaci\u00f3n de los conceptos \u00abfobia\u00bb y \u00abfilo\u00bb, que puede cambiar el objetivo de esta manifestaci\u00f3n. Conocemos demasiado, la abominaci\u00f3n re-educacional de los psiquiatras en el mundo sovi\u00e9tico.<\/p>\n<p>Manifestaremos contra el racismo anti-humano que pretende substituir la humanidad de la pareja constituida de hombre y una mujer ,por una dial\u00e9ctica de identidad homosexual \u00a0o heterosexual.<\/p>\n<p>Manifestaremos tranquilos, en un clima de amistad y de libertad, seg\u00fan la fe y la sensibilidad de cada individuo y no como un camisa de fuerza, impuesta dictatorialmente.<\/p>\n<p>Claro que todos podremos manifestar con nuestras delegaciones provinciales o con otros movimientos seg\u00fan lo deseemos.<\/p>\n<p>Comentario de P.G. Cabe mencionar, que en la \u00abManif pour tous\u00bb, participan, ciudadanos socialistas, grupos gays que se oponen de manera contundente contra esta ley, musulmanes, pol\u00edticos de izquierda y de derecha, en fin, una nomenclatura heterog\u00e9nea, con un objetivo en com\u00fan, la abolici\u00f3n de ley Tubira.<br \/>\nNuestras felicitaciones, al pueblo franc\u00e9s por su valor y determinaci\u00f3n, ejemplo e inspiraci\u00f3n para muchos otros pa\u00edses.<\/p>\n<p>V\u00eddeo de la manifestaci\u00f3n (VF)<\/p>\n<p><object width=\"560\" height=\"315\" classid=\"clsid:d27cdb6e-ae6d-11cf-96b8-444553540000\" codebase=\"http:\/\/download.macromedia.com\/pub\/shockwave\/cabs\/flash\/swflash.cab#version=6,0,40,0\"><param name=\"allowFullScreen\" value=\"true\" \/><param name=\"allowscriptaccess\" value=\"always\" \/><param name=\"src\" value=\"http:\/\/www.youtube.com\/v\/JanvcRMWBuc?version=3&amp;hl=en_GB&amp;rel=0\" \/><param name=\"allowfullscreen\" value=\"true\" \/><\/object><\/p>\n","protected":false},"excerpt":{"rendered":"<p>Invitaci\u00f3n a la \u00abManif pour tous\u00bb Texto \u00a0original del Sal\u00f3n Beige de Jeanne Smits publicado en\u00a0www.cqv.qc.ca Traducci\u00f3n libre realizada por P.G. Nosotros participaremos con determinaci\u00f3n a la manifestaci\u00f3n para todos este 26 de mayo, \u00a0contra \u00abel matrimonio homo\u00bb, para defender nuestra derecho moral y pol\u00edtico y apol\u00edtico, esta obligaci\u00f3n \u00a0que traspasa los intereses partidarios , [&hellip;]<\/p>\n","protected":false},"author":2,"featured_media":4678,"comment_status":"open","ping_status":"open","sticky":false,"template":"","format":"standard","meta":{"spay_email":"","jetpack_publicize_message":"","jetpack_is_tweetstorm":false},"categories":[19,11],"tags":[],"aioseo_notices":[],"jetpack_featured_media_url":"http:\/\/catolicasmexico.com\/blog\/wp-content\/uploads\/2013\/07\/flag-france-drapeau-bandera.jpg","jetpack_publicize_connections":[],"jetpack_shortlink":"https:\/\/wp.me\/p3B5XH-7s","jetpack-related-posts":[{"id":2375,"url":"http:\/\/catolicasmexico.com\/blog\/soy-homosexual-no-gay-testimonio-de-jean-pierre-en-la-manifestacion-pro-familia-de-roma\/","url_meta":{"origin":462,"position":0},"title":"\u00abSoy homosexual, no gay\u00bb: testimonio de Jean-Pierre en la manifestaci\u00f3n pro-familia de Roma","date":"14 enero 2014","format":false,"excerpt":"Art\u00edculo editado de religi\u00f3n en libertad. El s\u00e1bado 11 de enero en Roma tuvo lugar una manifestaci\u00f3n en defensa de la familia, la primera organizada por La Manif Pour Tous Italia (www.lamanifpourtous.it) en la que participaron m\u00e1s de 4.000 personas. (...)un hombre con sentimientos homosexuales y que se define como\u2026","rel":"","context":"En \u00abFamilia\u00bb","img":{"alt_text":"","src":"https:\/\/i1.wp.com\/catolicasmexico.com\/blog\/wp-content\/uploads\/2014\/01\/20140114-151919.jpg?resize=350%2C200","width":350,"height":200},"classes":[]},{"id":2491,"url":"http:\/\/catolicasmexico.com\/blog\/el-domingo-marcha-por-la-familia-en-7-capitales-europeas\/","url_meta":{"origin":462,"position":1},"title":"El domingo, Marcha por la Familia en 7 capitales europeas.","date":"31 enero 2014","format":false,"excerpt":"Articulo de religi\u00f3n en libertad. Como habr\u00e1n comprobado los lectores de ReL que sigan la secci\u00f3n de \"Europa\" y la de \"Vida y Familia\", los lobbies anti-familia europeos en 2013 han logrado algunas victorias nacionales (redefinir el matrimonio en Francia y en Inglaterra, por ejemplo) pero en las instituciones y\u2026","rel":"","context":"En \u00abEspa\u00f1a\u00bb","img":{"alt_text":"","src":"https:\/\/i2.wp.com\/catolicasmexico.com\/blog\/wp-content\/uploads\/2014\/01\/20140131-104126.jpg?resize=350%2C200","width":350,"height":200},"classes":[]},{"id":2500,"url":"http:\/\/catolicasmexico.com\/blog\/escuelas-francesas-ensenan-la-teoria-de-genero-sin-el-conocimiento-de-los-padres\/","url_meta":{"origin":462,"position":2},"title":"Escuelas francesas ense\u00f1an la teor\u00eda de genero sin el conocimiento de los padres.","date":"31 enero 2014","format":false,"excerpt":"FRANCIA.-(AGENCIALAVOZ) Un llamamiento al boicot de las clases de una asignatura experimental sobre el \"g\u00e9nero\" introducida en el sistema escolar. Peillon asegur\u00f3 que algunos padres le preguntaron por la veracidad de un rumor seg\u00fan el cual en la escuela francesa se alienta en los ni\u00f1os la homosexualidad. El ministro franc\u00e9s\u2026","rel":"","context":"En \u00abEducaci\u00f3n\u00bb","img":{"alt_text":"","src":"","width":0,"height":0},"classes":[]},{"id":849,"url":"http:\/\/catolicasmexico.com\/blog\/estrella-del-super-bowl-rechaza-invitacion-de-obama-por-apoyo-del-mandatario-al-aborto\/","url_meta":{"origin":462,"position":3},"title":"Estrella del \u201cSuper Bowl\u201d rechaza invitaci\u00f3n de Obama por apoyo del mandatario al aborto","date":"15 junio 2013","format":false,"excerpt":"MINNEAPOLIS, 14 Jun. 13 \/ 05:17 am (ACI\/EWTN Noticias).- El quarterback Matt Brik, estrella de los Ravens de Baltimore -ganador del Super Bowl de este a\u00f1o- se neg\u00f3 a asistir a la reuni\u00f3n de su equipo con el presidente Barack Obama en rechazo a una recientes declaraciones del mandatario en\u2026","rel":"","context":"En \u00abAborto\u00bb","img":{"alt_text":"","src":"","width":0,"height":0},"classes":[]},{"id":932,"url":"http:\/\/catolicasmexico.com\/blog\/prisionero-politico-en-francia-fue-detenido-por-su-oposicion-al-matrimonio-gay\/","url_meta":{"origin":462,"position":4},"title":"Prisionero pol\u00edtico en Francia, fue detenido por su oposici\u00f3n al matrimonio gay.","date":"21 junio 2013","format":false,"excerpt":"Traducci\u00f3n y redacci\u00f3n libre de\u00a0www.catolicasmexico.com La carta de Gregory Boucher, Presidente del colectivo matrimonio , familia y los hijos de Francia , explica la situaci\u00f3n: (Nicol\u00e1s, un, joven no violento, golpeado por la polic\u00eda y metido a la c\u00e1rcel por defender la familia y los ni\u00f1os en Francia) En una\u2026","rel":"","context":"En \u00abFamilia\u00bb","img":{"alt_text":"","src":"https:\/\/i0.wp.com\/catolicasmexico.com\/blog\/wp-content\/uploads\/2013\/07\/flag-france-drapeau-bandera.jpg?resize=350%2C200","width":350,"height":200},"classes":[]},{"id":3108,"url":"http:\/\/catolicasmexico.com\/blog\/arrestados-en-paris-porque-parecian-ser-cristianos-segun-un-policia\/","url_meta":{"origin":462,"position":5},"title":"Arrestados en Par\u00eds porque parec\u00edan ser cristianos, seg\u00fan un polic\u00eda.","date":"24 junio 2014","format":false,"excerpt":"Del sitio Nouvelles de France traducci\u00f3n y edici\u00f3n libre www. catolicasmexico.com \u00abUna peque\u00f1a historia para compartir lo que le sucedi\u00f3 a uno de mis hijos, parece ser que fue una acci\u00f3n de christianofobia, por parte de la polic\u00eda de Par\u00eds\u00bb. Mi hijo estaba en Par\u00eds con un amigo. Hablaban tranquilamente\u2026","rel":"","context":"En \u00abataques contra la Iglesia Catolica\u00bb","img":{"alt_text":"","src":"","width":0,"height":0},"classes":[]}],"jetpack_likes_enabled":false,"jetpack_sharing_enabled":true,"_links":{"self":[{"href":"http:\/\/catolicasmexico.com\/blog\/wp-json\/wp\/v2\/posts\/462"}],"collection":[{"href":"http:\/\/catolicasmexico.com\/blog\/wp-json\/wp\/v2\/posts"}],"about":[{"href":"http:\/\/catolicasmexico.com\/blog\/wp-json\/wp\/v2\/types\/post"}],"author":[{"embeddable":true,"href":"http:\/\/catolicasmexico.com\/blog\/wp-json\/wp\/v2\/users\/2"}],"replies":[{"embeddable":true,"href":"http:\/\/catolicasmexico.com\/blog\/wp-json\/wp\/v2\/comments?post=462"}],"version-history":[{"count":6,"href":"http:\/\/catolicasmexico.com\/blog\/wp-json\/wp\/v2\/posts\/462\/revisions"}],"predecessor-version":[{"id":4709,"href":"http:\/\/catolicasmexico.com\/blog\/wp-json\/wp\/v2\/posts\/462\/revisions\/4709"}],"wp:featuredmedia":[{"embeddable":true,"href":"http:\/\/catolicasmexico.com\/blog\/wp-json\/wp\/v2\/media\/4678"}],"wp:attachment":[{"href":"http:\/\/catolicasmexico.com\/blog\/wp-json\/wp\/v2\/media?parent=462"}],"wp:term":[{"taxonomy":"category","embeddable":true,"href":"http:\/\/catolicasmexico.com\/blog\/wp-json\/wp\/v2\/categories?post=462"},{"taxonomy":"post_tag","embeddable":true,"href":"http:\/\/catolicasmexico.com\/blog\/wp-json\/wp\/v2\/tags?post=462"}],"curies":[{"name":"wp","href":"https:\/\/api.w.org\/{rel}","templated":true}]}}