{"id":449,"date":"2013-05-23T08:15:57","date_gmt":"2013-05-23T13:15:57","guid":{"rendered":"http:\/\/catolicasmexico.com\/blog\/?p=449"},"modified":"2013-05-22T13:48:24","modified_gmt":"2013-05-22T18:48:24","slug":"lanzan-campana-para-liberar-al-obispo-de-shanghai-en-china","status":"publish","type":"post","link":"http:\/\/catolicasmexico.com\/blog\/lanzan-campana-para-liberar-al-obispo-de-shanghai-en-china\/","title":{"rendered":"Lanzan campa\u00f1a para liberar al Obispo de Shanghai en China"},"content":{"rendered":"<p><a href=\"http:\/\/catolicasmexico.com\/blog\/wp-content\/uploads\/2013\/05\/image-34.jpeg\"><img data-attachment-id=\"450\" data-permalink=\"http:\/\/catolicasmexico.com\/blog\/lanzan-campana-para-liberar-al-obispo-de-shanghai-en-china\/image-3-3\/\" data-orig-file=\"http:\/\/catolicasmexico.com\/blog\/wp-content\/uploads\/2013\/05\/image-34.jpeg\" data-orig-size=\"500,340\" data-comments-opened=\"1\" data-image-meta=\"{&quot;aperture&quot;:&quot;0&quot;,&quot;credit&quot;:&quot;&quot;,&quot;camera&quot;:&quot;&quot;,&quot;caption&quot;:&quot;&quot;,&quot;created_timestamp&quot;:&quot;0&quot;,&quot;copyright&quot;:&quot;&quot;,&quot;focal_length&quot;:&quot;0&quot;,&quot;iso&quot;:&quot;0&quot;,&quot;shutter_speed&quot;:&quot;0&quot;,&quot;title&quot;:&quot;&quot;,&quot;orientation&quot;:&quot;0&quot;}\" data-image-title=\"image (3)\" data-image-description=\"\" data-medium-file=\"http:\/\/catolicasmexico.com\/blog\/wp-content\/uploads\/2013\/05\/image-34-300x204.jpeg\" data-large-file=\"http:\/\/catolicasmexico.com\/blog\/wp-content\/uploads\/2013\/05\/image-34.jpeg\" class=\"alignnone size-medium wp-image-450\" title=\"image (3)\" src=\"http:\/\/catolicasmexico.com\/blog\/wp-content\/uploads\/2013\/05\/image-34-300x204.jpg\" alt=\"\" width=\"300\" height=\"204\" srcset=\"http:\/\/catolicasmexico.com\/blog\/wp-content\/uploads\/2013\/05\/image-34-300x204.jpg 300w, http:\/\/catolicasmexico.com\/blog\/wp-content\/uploads\/2013\/05\/image-34-150x150.jpeg 150w\" sizes=\"100vw\" \/> <\/a><\/p>\n<p>MADRID, 22 May. 13 \/ 11:38 am (<a href=\"http:\/\/www.aciprensa.com\/\" target=\"_blank\"><strong>ACI\/Europa Press<\/strong><\/a>).- La asociaci\u00f3n Enraizados y el Observatorio para la Libertad Religiosa y de Conciencia han lanzado una campa\u00f1a para pedir la liberaci\u00f3n del Obispo cat\u00f3lico chino Mons. Tadeo Ma Daqin que fue recluido hace diez meses, al d\u00eda siguiente de ser ordenado obispo auxiliar de la di\u00f3cesis de Shanghai el pasado 7 de julio de 2012 con la aprobaci\u00f3n de\u00a0<a href=\"http:\/\/www.aciprensa.com\/benedictoxvi\/index.html\" target=\"_blank\">Benedicto XVI<\/a>, cuando declar\u00f3 que renunciar\u00eda a sus cargos en la\u00a0<a href=\"http:\/\/www.aciprensa.com\/iglesia\/index.html\" target=\"_blank\">Iglesia<\/a>\u00a0Patri\u00f3tica, controlada por el Estado chino.<\/p>\n<p>Concretamente, piden al ministro de Asuntos Exteriores de Espa\u00f1a, Jos\u00e9 Manuel Garc\u00eda-Margallo, que interceda ante el Gobierno chino para obtener la \u00abinmediata\u00bb libertad del obispo cat\u00f3lico, y al embajador de Espa\u00f1a en China, Manuel Mar\u00eda Valencia Alonso, que solicite al Gobierno de Pek\u00edn poner fin al arresto domiciliario de Mons. Ma Daqin y le restituya en sus funciones como Obispo Auxiliar de Shangai.<\/p>\n<p>Asimismo, reclaman a la embajadora espa\u00f1ola en Naciones Unidas en Ginebra, Ana Mar\u00eda Men\u00e9ndez P\u00e9rez, presente ante el Consejo de Derechos Humanos de la ONU, una declaraci\u00f3n oficial del Gobierno espa\u00f1ol solicitando la liberaci\u00f3n del obispo Ma Daqin pues consideran este arresto domiciliario \u00abun ataque directo contra un derecho fundamental como es la libertad religiosa\u00bb.<\/p>\n<p>El manifiesto para pedir la libertad de monse\u00f1or Ma Daqin puede firmarse en la p\u00e1gina\u00a0<a href=\"http:\/\/www.aciprensa.com\/noticias\/lanzan-campana-para-liberar-al-obispo-de-shanghai-en-china-91620\/www.enraizados.org\" target=\"_blank\">www.enraizados.org<\/a><\/p>\n","protected":false},"excerpt":{"rendered":"<p>MADRID, 22 May. 13 \/ 11:38 am (ACI\/Europa Press).- La asociaci\u00f3n Enraizados y el Observatorio para la Libertad Religiosa y de Conciencia han lanzado una campa\u00f1a para pedir la liberaci\u00f3n del Obispo cat\u00f3lico chino Mons. Tadeo Ma Daqin que fue recluido hace diez meses, al d\u00eda siguiente de ser ordenado obispo auxiliar de la di\u00f3cesis [&hellip;]<\/p>\n","protected":false},"author":2,"featured_media":450,"comment_status":"open","ping_status":"open","sticky":false,"template":"","format":"standard","meta":{"spay_email":"","jetpack_publicize_message":"","jetpack_is_tweetstorm":false},"categories":[25,13],"tags":[40,45,33,44],"aioseo_notices":[],"jetpack_featured_media_url":"http:\/\/catolicasmexico.com\/blog\/wp-content\/uploads\/2013\/05\/image-34.jpeg","jetpack_publicize_connections":[],"jetpack_shortlink":"https:\/\/wp.me\/p3B5XH-7f","jetpack-related-posts":[{"id":583,"url":"http:\/\/catolicasmexico.com\/blog\/policia-china-rodea-pueblo-catolico-para-impedir-procesion-mariana\/","url_meta":{"origin":449,"position":0},"title":"Polic\u00eda china rodea pueblo cat\u00f3lico para impedir procesi\u00f3n mariana","date":"28 mayo 2013","format":false,"excerpt":"Noticia de ETWN. La polic\u00eda china rode\u00f3 el domingo el pueblo de Donglu para impedir que el 90 por ciento de su poblaci\u00f3n que se declara cat\u00f3lica celebra una procesi\u00f3n a la Virgen Mar\u00eda, que seg\u00fan la tradici\u00f3n local se apareci\u00f3 en el cielo en 1900 durante la rebeli\u00f3n de\u2026","rel":"","context":"En \u00abFe\u00bb","img":{"alt_text":"","src":"","width":0,"height":0},"classes":[]},{"id":785,"url":"http:\/\/catolicasmexico.com\/blog\/obispo-resalta-coraje-de-madre-catolica-asesinada-por-joven-gay-en-eeuu\/","url_meta":{"origin":449,"position":1},"title":"Obispo resalta coraje de madre cat\u00f3lica asesinada por joven gay en EEUU","date":"10 junio 2013","format":false,"excerpt":"PHOENIX, 07 Jun. 13 \/ 08:14 pm (ACI\/EWTN Noticias).- Mons. John Paprocki, Obispo de Springfield en Estados Unidos, record\u00f3 el testimonio de una madre de familia que fue asesinada por un joven gay en el a\u00f1o 2002, y explic\u00f3Obispo resalta coraje de madre cat\u00f3lica asesinada por joven gay en EEUU\u2026","rel":"","context":"En \u00abFamilia\u00bb","img":{"alt_text":"","src":"","width":0,"height":0},"classes":[]},{"id":177,"url":"http:\/\/catolicasmexico.com\/blog\/argentina-apoyan-a-obispo-que-defiende-vida-de-joven-con-inconsciencia-permanente\/","url_meta":{"origin":449,"position":2},"title":"Argentina: Apoyan a Obispo que defiende vida de joven con inconsciencia permanente","date":"8 mayo 2013","format":false,"excerpt":"\u00a0 BUENOS AIRES, 07 May. 13 \/ 03:45 pm (ACI\/EWTN Noticias).- El director de la plataforma pro-vida\u00a0argentina Para Hacerse O\u00edr-Hablemos Claro, Martin Viano, invit\u00f3 a enviar un mensaje de apoyo al Obispo de Neuqu\u00e9n, Mons. Virginio Bressanelli, quien defendi\u00f3 el derecho a la vida del joven Marcelo Diez, quien se\u2026","rel":"","context":"En \u00abEutanasia\u00bb","img":{"alt_text":"","src":"https:\/\/i1.wp.com\/catolicasmexico.com\/blog\/wp-content\/uploads\/2013\/05\/image-2.jpeg?resize=350%2C200","width":350,"height":200},"classes":[]},{"id":3081,"url":"http:\/\/catolicasmexico.com\/blog\/paulino-de-nola-santo-obispo-junio-22\/","url_meta":{"origin":449,"position":3},"title":"Paulino de Nola, Santo Obispo, Junio 22","date":"22 junio 2014","format":false,"excerpt":"Autor: . | Fuente: Corazones.org Paulino de Nola, Santo Obispo y Confesor Nace: 353 en Burdeos, Francia. Su padre era gobernador de familia muy rica. Tuvo como maestros a los mas famosos literatos de su \u00e9poca. Lleg\u00f3 a ser un reconocido abogado con importantes cargos p\u00fablicos en el Imperio Romano,\u2026","rel":"","context":"En \u00abFe\u00bb","img":{"alt_text":"","src":"","width":0,"height":0},"classes":[]},{"id":2746,"url":"http:\/\/catolicasmexico.com\/blog\/demanda-contra-obispo-de-malaga-responderia-a-voluntad-de-mantener-popularidad-en-el-caso-de-nino-transexual\/","url_meta":{"origin":449,"position":4},"title":"Demanda contra Obispo de M\u00e1laga responder\u00eda a voluntad de mantener popularidad en el caso de \u201cni\u00f1o transexual\u201d","date":"19 marzo 2014","format":false,"excerpt":"Mons. Jes\u00fas Catal\u00e1. Foto: Sitio web diocesismalaga.es MADRID, 19 Mar. 14 \/ 06:17 am (ACI\/EWTN Noticias).- La familia del ni\u00f1o de seis a\u00f1os \u201cque se siente ni\u00f1a\u201d present\u00f3 el viernes una \u201cdemanda de conciliaci\u00f3n\u201d, paso previo a la \u201cquerella\u201d contra la directora del colegio San Patricio y contra el Obispo\u2026","rel":"","context":"En \u00abataques contra la Iglesia Catolica\u00bb","img":{"alt_text":"","src":"https:\/\/i0.wp.com\/catolicasmexico.com\/blog\/wp-content\/uploads\/2014\/03\/20140319-115445.jpg?resize=350%2C200","width":350,"height":200},"classes":[]},{"id":482,"url":"http:\/\/catolicasmexico.com\/blog\/obispo-incide-en-derecho-de-padres-a-educar-a-sus-hijos-segun-sus-conviccione\/","url_meta":{"origin":449,"position":5},"title":"Obispo incide en derecho de padres a educar a sus hijos seg\u00fan sus convicciones","date":"25 mayo 2013","format":false,"excerpt":"Noticia de ETWN. El Obispo de Huelva (Espa\u00f1a), Mons. Jos\u00e9 Vilaplana, ha incidido este jueves en el derecho de los padres a optar por una educaci\u00f3n para sus hijos \"acorde a sus convicciones\", a la par que ha recordado \"la preocupaci\u00f3n\" de los Obispos del Sur sobre la pol\u00edtica de\u2026","rel":"","context":"En \u00abEducaci\u00f3n\u00bb","img":{"alt_text":"","src":"https:\/\/i0.wp.com\/catolicasmexico.com\/blog\/wp-content\/uploads\/2013\/05\/image-92.jpeg?resize=350%2C200","width":350,"height":200},"classes":[]}],"jetpack_likes_enabled":false,"jetpack_sharing_enabled":true,"_links":{"self":[{"href":"http:\/\/catolicasmexico.com\/blog\/wp-json\/wp\/v2\/posts\/449"}],"collection":[{"href":"http:\/\/catolicasmexico.com\/blog\/wp-json\/wp\/v2\/posts"}],"about":[{"href":"http:\/\/catolicasmexico.com\/blog\/wp-json\/wp\/v2\/types\/post"}],"author":[{"embeddable":true,"href":"http:\/\/catolicasmexico.com\/blog\/wp-json\/wp\/v2\/users\/2"}],"replies":[{"embeddable":true,"href":"http:\/\/catolicasmexico.com\/blog\/wp-json\/wp\/v2\/comments?post=449"}],"version-history":[{"count":1,"href":"http:\/\/catolicasmexico.com\/blog\/wp-json\/wp\/v2\/posts\/449\/revisions"}],"predecessor-version":[{"id":451,"href":"http:\/\/catolicasmexico.com\/blog\/wp-json\/wp\/v2\/posts\/449\/revisions\/451"}],"wp:featuredmedia":[{"embeddable":true,"href":"http:\/\/catolicasmexico.com\/blog\/wp-json\/wp\/v2\/media\/450"}],"wp:attachment":[{"href":"http:\/\/catolicasmexico.com\/blog\/wp-json\/wp\/v2\/media?parent=449"}],"wp:term":[{"taxonomy":"category","embeddable":true,"href":"http:\/\/catolicasmexico.com\/blog\/wp-json\/wp\/v2\/categories?post=449"},{"taxonomy":"post_tag","embeddable":true,"href":"http:\/\/catolicasmexico.com\/blog\/wp-json\/wp\/v2\/tags?post=449"}],"curies":[{"name":"wp","href":"https:\/\/api.w.org\/{rel}","templated":true}]}}