{"id":4466,"date":"2016-12-07T12:05:46","date_gmt":"2016-12-07T18:05:46","guid":{"rendered":"http:\/\/catolicasmexico.com\/blog\/siamesas-que-tenian-solo-20-de-probabilidad-de-sobrevivir-inician-su-curso-de-pre-escolar\/"},"modified":"2016-12-07T12:05:46","modified_gmt":"2016-12-07T18:05:46","slug":"siamesas-que-tenian-solo-20-de-probabilidad-de-sobrevivir-inician-su-curso-de-pre-escolar","status":"publish","type":"post","link":"http:\/\/catolicasmexico.com\/blog\/siamesas-que-tenian-solo-20-de-probabilidad-de-sobrevivir-inician-su-curso-de-pre-escolar\/","title":{"rendered":"\u00a0Siamesas que ten\u00edan solo 20% de probabilidad de sobrevivir, inician su curso de pre-escolar.\u00a0"},"content":{"rendered":"<p>Nancy Flanders (LiveActionNews) &#8211; del sitio www.cqv.qc.ca traducci\u00f3n&nbsp;<\/p>\n<p>&nbsp;y edici\u00f3n libre CM<br \/>\nRosie y Ruby Formosa recibieron un pron\u00f3stico de solo 20% de probabilidades de sobrevivir, al ser siamesas y compartir un solo intestino, pero ahora van a comenzar el kinder. Al principio pensaron que las ni\u00f1as estaban en en la misma bolsa intrauterina su madre fue enviada al hospital \u00abking\u00bbdonde se le ense\u00f1o que sus ni\u00f1as eran siameses de 16 semanas.&nbsp;<\/p>\n<p>\u00abten\u00eda mucho miedo y estaba muy preocupada porque en ese momento supimos que hab\u00eda una probabilidad muy elevada que los beb\u00e9s no sobrevivan o siquiera llegaran a t\u00e9rmino, dijo ella a Sky News, \u00aben fin si ellas lograban llegar hasta el t\u00e9rmino del embarazo no podr\u00edan sobrevivir ni al alumbramiento ni a una intervenci\u00f3n quir\u00fargica, entonces no me prepar\u00e9 para llevarlas vivas a la casa.\u00bb<\/p>\n<p><span class=\"embed-youtube\" style=\"text-align:center; display: block;\"><iframe class='youtube-player' width='600' height='338' src='https:\/\/www.youtube.com\/embed\/miZ2h5B6NXk?version=3&#038;rel=1&#038;showsearch=0&#038;showinfo=1&#038;iv_load_policy=1&#038;fs=1&#038;hl=es-ES&#038;autohide=2&#038;wmode=transparent' allowfullscreen='true' style='border:0;' sandbox='allow-scripts allow-same-origin allow-popups allow-presentation'><\/iframe><\/span><\/p>\n<p>Despu\u00e9s de su nacimiento, los m\u00e9dicos esperaban que tuvieran unos meses de edad para que fueran m\u00e1s fuerte, en ese momento tratar\u00edan de separarlas por medio de una operaci\u00f3n muy delicada, cuando descubrieron que hab\u00eda una peligrosa obstrucci\u00f3n intestinal, tuvieron que hacer una Intervenci\u00f3n inmediatamente y la posibilidad de que una o las dos muriesen al mismo tiempo  era muy alto. Los padres esperaron a que todo saldr\u00eda bien durante las cinco horas de operaci\u00f3n estuvieron muy ansiosos la operaci\u00f3n se llev\u00f3 acabo en el Hospital Ormond de Londres.<br \/>\nEstas Hermanas Siamesas que ten\u00edan la muy poca oportunidad de sobrevivir despu\u00e9s de su nacimiento est\u00e1n listas para ir a la escuela.<br \/>\nSus padres y los m\u00e9dicos est\u00e1n asombrados como fue y cuando tengamos que lidiar con ellos m\u00e1s de largo, est\u00e1n muy bien y est\u00e1n encantada de empezar la escuela.<br \/>\n\u00abCuando estaba embarazada, no pensaba en que  un d\u00eda podr\u00edan ir a la escuela, por lo que es incre\u00edble y doy gracias al gran hospital Ormond (GHRO)  realmente!\u00bb dijo la Sra. Formosa.<\/p>\n<p>Nota CM&#8230;nosotras damos gracias a Dios!&nbsp;<\/p>\n","protected":false},"excerpt":{"rendered":"<p>Nancy Flanders (LiveActionNews) &#8211; del sitio www.cqv.qc.ca traducci\u00f3n&nbsp; &nbsp;y edici\u00f3n libre CM Rosie y Ruby Formosa recibieron un pron\u00f3stico de solo 20% de probabilidades de sobrevivir, al ser siamesas y compartir un solo intestino, pero ahora van a comenzar el kinder. Al principio pensaron que las ni\u00f1as estaban en en la misma bolsa intrauterina su [&hellip;]<\/p>\n","protected":false},"author":1,"featured_media":4465,"comment_status":"open","ping_status":"open","sticky":false,"template":"","format":"standard","meta":{"spay_email":"","jetpack_publicize_message":"","jetpack_is_tweetstorm":false},"categories":[27],"tags":[781,85,928,929,119],"aioseo_notices":[],"jetpack_featured_media_url":"http:\/\/catolicasmexico.com\/blog\/wp-content\/uploads\/2016\/12\/IMG_1001.jpg","jetpack_publicize_connections":[],"jetpack_shortlink":"https:\/\/wp.me\/p3B5XH-1a2","jetpack-related-posts":[{"id":4209,"url":"http:\/\/catolicasmexico.com\/blog\/nace-con-solo-280-gms-y-bebe-elayah-logra-sobrevivir\/","url_meta":{"origin":4466,"position":0},"title":"Nace con solo 280 gms y beb\u00e9 E'layah logra sobrevivir.","date":"21 enero 2016","format":false,"excerpt":"Presentamos la historia de esta beb\u00e9 que sobrevivi\u00f3 pesando solo 280g, beb\u00e9 E'layah. Por Nancy Flanders de LiveActionNews - traducido por CM del sitio www.cqv.ca.cq E'layah pesaba solo 283 gramos y med\u00eda 25 cent\u00edmetros cuando vino al mundo tres y medio meses antes de lo previsto. Su entrada en este\u2026","rel":"","context":"En \u00abEEUU\u00bb","img":{"alt_text":"","src":"https:\/\/i0.wp.com\/catolicasmexico.com\/blog\/wp-content\/uploads\/2016\/01\/IMG_0430.png?resize=350%2C200","width":350,"height":200},"classes":[]},{"id":4409,"url":"http:\/\/catolicasmexico.com\/blog\/nace-un-bebe-milagrosamente-al-sobrevivir-a-un-aborto-a-las-7-semanas-de-gestacion\/","url_meta":{"origin":4466,"position":1},"title":"Nace un beb\u00e9 milagrosamente al sobrevivir a un aborto a las 7 semanas de gestaci\u00f3n.","date":"9 junio 2016","format":false,"excerpt":"Vicky Harper, de 24 a\u00f1os viv\u00eda una situaci\u00f3n financiera dif\u00edcil cuando descubri\u00f3 que estaba embarazada de su tercer hijo. Preocupada y asustada, decidi\u00f3 que era mejor abortar a su beb\u00e9.\u00a0 Su novio Kennan McIvor, de 19 a\u00f1os, le asegur\u00f3 que estaba dispuesto a cuidar de ella y el beb\u00e9, pero\u2026","rel":"","context":"En \u00abAborto\u00bb","img":{"alt_text":"","src":"https:\/\/i1.wp.com\/catolicasmexico.com\/blog\/wp-content\/uploads\/2016\/06\/IMG_0689.jpg?resize=350%2C200","width":350,"height":200},"classes":[]},{"id":1658,"url":"http:\/\/catolicasmexico.com\/blog\/esme-nacida-a-las-23-semanas-de-embarazo-gracias-a-la-perseverancia-de-sus-padres\/","url_meta":{"origin":4466,"position":2},"title":"Esme, nacida a las 23 semanas de embarazo, gracias a la perseverancia de sus padres...","date":"22 agosto 2013","format":false,"excerpt":"Esme, en el hospital, pesaba s\u00f3lo 420 gramos. Del blog www.cqv.cq.ca En el sitio de Paris Match del 17 de agosto de 2013: Traducci\u00f3n y edici\u00f3n www.catolicasmexico.com Esme Poulsom naci\u00f3 con tan s\u00f3lo 23 semanas en el vientre de su madre. Los M\u00e9dicos eran pesimistas, hab\u00edan anunciado a los padres\u2026","rel":"","context":"En \u00abEEUU\u00bb","img":{"alt_text":"","src":"","width":0,"height":0},"classes":[]},{"id":3415,"url":"http:\/\/catolicasmexico.com\/blog\/gemelos-prematuros-nacidos-una-semana-antes-del-limite-legal-de-aborto-sobreviven-milagrosamente\/","url_meta":{"origin":4466,"position":3},"title":"Gemelos prematuros nacidos una semana antes del l\u00edmite legal de aborto sobreviven milagrosamente","date":"23 septiembre 2014","format":false,"excerpt":"Articulo LifeNews traducci\u00f3n y edici\u00f3n libre Martin Pacheco Apenas un d\u00eda despu\u00e9s de que los padres de un beb\u00e9 prematuro hayan publicado una foto de su neonato, con la esperanza de contrarrestar el aborto tard\u00edo legal, nos llega otra fabulosa historia. En esta nueva historia, los padres de gemelos prematuros\u2026","rel":"","context":"En \u00abAborto\u00bb","img":{"alt_text":"","src":"https:\/\/i1.wp.com\/catolicasmexico.com\/blog\/wp-content\/uploads\/2014\/09\/IMG_0014.jpg?resize=350%2C200","width":350,"height":200},"classes":[]},{"id":3782,"url":"http:\/\/catolicasmexico.com\/blog\/una-pareja-aborta-a-su-bebe-de-28-semanas-debido-a-una-malformacion-de-la-mano-izquierda\/","url_meta":{"origin":4466,"position":4},"title":"Una pareja aborta a su beb\u00e9 de 28 semanas debido a una malformaci\u00f3n de la mano izquierda","date":"28 mayo 2015","format":false,"excerpt":"Por Cassy Fiano LiveActionNews - art\u00edculo de CQV traducido por CM. (...) Una pareja australiana decidi\u00f3 abortar a su beb\u00e9 a las 28 semanas de embarazo, s\u00f3lo por esta raz\u00f3n: el ni\u00f1o fue diagnosticado que nacer\u00eda con una deformidad de la mano y ellos pensaban que el ni\u00f1o tendr\u00eda una\u2026","rel":"","context":"En \u00abAborto\u00bb","img":{"alt_text":"","src":"","width":0,"height":0},"classes":[]},{"id":4229,"url":"http:\/\/catolicasmexico.com\/blog\/bendito-sea-dios-gemelitas-sobreviven-milagrosamente-un-embarazo-ectopico\/","url_meta":{"origin":4466,"position":5},"title":"\u00a1Bendito sea Dios! Gemelitas sobreviven milagrosamente un embarazo ect\u00f3pico.","date":"29 enero 2016","format":false,"excerpt":"Por Nancy Flanders de LiveActionNews - traducido por CM del sitio www.cqv.ca.cq 05 de enero de 2016 - en enero de 2013, Natalie Whitefox estaba en su tercer embarazo ect\u00f3pico y deb\u00eda realizar una cirug\u00eda que le extirpar\u00eda la \u00faltima trompa de Falopio que le quedaba y al mismo tiempo\u2026","rel":"","context":"En \u00abEEUU\u00bb","img":{"alt_text":"","src":"https:\/\/i1.wp.com\/catolicasmexico.com\/blog\/wp-content\/uploads\/2016\/01\/IMG_0434.jpg?resize=350%2C200","width":350,"height":200},"classes":[]}],"jetpack_likes_enabled":false,"jetpack_sharing_enabled":true,"_links":{"self":[{"href":"http:\/\/catolicasmexico.com\/blog\/wp-json\/wp\/v2\/posts\/4466"}],"collection":[{"href":"http:\/\/catolicasmexico.com\/blog\/wp-json\/wp\/v2\/posts"}],"about":[{"href":"http:\/\/catolicasmexico.com\/blog\/wp-json\/wp\/v2\/types\/post"}],"author":[{"embeddable":true,"href":"http:\/\/catolicasmexico.com\/blog\/wp-json\/wp\/v2\/users\/1"}],"replies":[{"embeddable":true,"href":"http:\/\/catolicasmexico.com\/blog\/wp-json\/wp\/v2\/comments?post=4466"}],"version-history":[{"count":0,"href":"http:\/\/catolicasmexico.com\/blog\/wp-json\/wp\/v2\/posts\/4466\/revisions"}],"wp:featuredmedia":[{"embeddable":true,"href":"http:\/\/catolicasmexico.com\/blog\/wp-json\/wp\/v2\/media\/4465"}],"wp:attachment":[{"href":"http:\/\/catolicasmexico.com\/blog\/wp-json\/wp\/v2\/media?parent=4466"}],"wp:term":[{"taxonomy":"category","embeddable":true,"href":"http:\/\/catolicasmexico.com\/blog\/wp-json\/wp\/v2\/categories?post=4466"},{"taxonomy":"post_tag","embeddable":true,"href":"http:\/\/catolicasmexico.com\/blog\/wp-json\/wp\/v2\/tags?post=4466"}],"curies":[{"name":"wp","href":"https:\/\/api.w.org\/{rel}","templated":true}]}}