{"id":4456,"date":"2016-10-25T09:05:31","date_gmt":"2016-10-25T14:05:31","guid":{"rendered":"http:\/\/catolicasmexico.com\/blog\/estonia-ya-no-puede-dar-patadas-a-la-imagen-de-la-santisima-virgen-maria\/"},"modified":"2016-10-25T09:05:31","modified_gmt":"2016-10-25T14:05:31","slug":"estonia-ya-no-puede-dar-patadas-a-la-imagen-de-la-santisima-virgen-maria","status":"publish","type":"post","link":"http:\/\/catolicasmexico.com\/blog\/estonia-ya-no-puede-dar-patadas-a-la-imagen-de-la-santisima-virgen-maria\/","title":{"rendered":"Estonia: ya no puede dar patadas a la imagen de la Sant\u00edsima Virgen Mar\u00eda"},"content":{"rendered":"<p>Esa imagen que representa la Virgen Mar\u00eda y el iconoclasmo que ocurri\u00f3 durante la Reforma todav\u00eda se puede ver en el museo pero la gente no la puede patear para romperla, pero de igual manera todav\u00eda se quiebra sola  a intervalos de tiempo.<br \/>\nIr\u00f3nicamente el hecho de que ya no se pueda golpear se le debe a los pol\u00edticos conservadores protestantes. El arzobispo de la Iglesia Evang\u00e9lica Luterana, Urmas Viilma, dijo que la exhibici\u00f3n es ofensiva no solamente para los luteranos sino tambi\u00e9n para los cat\u00f3licos y ortodoxos, a\u00f1adi\u00f3 que Estonia fue consagrada a la Virgen Mar\u00eda 300 a\u00f1os antes de la reforma y que para ellos la Virgen Mar\u00eda tiene una significaci\u00f3n especial y que por eso el pa\u00eds es llamado pa\u00eds de Mar\u00eda.<\/p>\n<p>M\u00e1s informaci\u00f3n.&nbsp;<\/p>\n<p>https:\/\/www.google.ca\/url?sa=t&#038;rct=j&#038;q=&#038;esrc=s&#038;source=web&#038;cd=7&#038;cad=rja&#038;uact=8&#038;ved=0ahUKEwitzqD7gvXPAhVFxCYKHeOiCRQQFggwMAY&#038;url=http%3A%2F%2Fwww.carifilii.es%2Farticulo.asp%3Fidarticulo%3D591&#038;usg=AFQjCNGkB8RsGkvP0GB9T2z0gT90qSuMaA&#038;sig2=svX2NC0zSLqPBF138rT1HA&#038;bvm=bv.136593572,d.eWE<\/p>\n<blockquote data-secret=\"ZkP4wjO77b\" class=\"wp-embedded-content\"><p><a href=\"http:\/\/www.proyectoemaus.com\/museo-en-estonia-incita-a-profanar-imagen-de-la-virgen-maria\/\">Museo en Estonia, incita a profanar imagen de la Virgen Mar\u00eda<\/a><\/p><\/blockquote>\n<p><iframe class=\"wp-embedded-content\" sandbox=\"allow-scripts\" security=\"restricted\" style=\"position: absolute; clip: rect(1px, 1px, 1px, 1px);\" src=\"http:\/\/www.proyectoemaus.com\/museo-en-estonia-incita-a-profanar-imagen-de-la-virgen-maria\/embed\/#?secret=ZkP4wjO77b\" data-secret=\"ZkP4wjO77b\" width=\"600\" height=\"338\" title=\"&#8220;Museo en Estonia, incita a profanar imagen de la Virgen Mar\u00eda&#8221; &#8212; Proyecto Ema\u00fas\" frameborder=\"0\" marginwidth=\"0\" marginheight=\"0\" scrolling=\"no\"><\/iframe><\/p>\n","protected":false},"excerpt":{"rendered":"<p>Esa imagen que representa la Virgen Mar\u00eda y el iconoclasmo que ocurri\u00f3 durante la Reforma todav\u00eda se puede ver en el museo pero la gente no la puede patear para romperla, pero de igual manera todav\u00eda se quiebra sola a intervalos de tiempo. Ir\u00f3nicamente el hecho de que ya no se pueda golpear se le [&hellip;]<\/p>\n","protected":false},"author":1,"featured_media":4455,"comment_status":"open","ping_status":"open","sticky":false,"template":"","format":"standard","meta":{"spay_email":"","jetpack_publicize_message":"","jetpack_is_tweetstorm":false},"categories":[335,32,25],"tags":[924,926,925],"aioseo_notices":[],"jetpack_featured_media_url":"http:\/\/catolicasmexico.com\/blog\/wp-content\/uploads\/2016\/10\/IMG_0963-1.jpg","jetpack_publicize_connections":[],"jetpack_shortlink":"https:\/\/wp.me\/p3B5XH-19S","jetpack-related-posts":[{"id":1612,"url":"http:\/\/catolicasmexico.com\/blog\/hoy-celebramos-la-asuncion-de-la-santisima-virgen-maria\/","url_meta":{"origin":4456,"position":0},"title":"Hoy celebramos La Asunci\u00f3n de la Sant\u00edsima Virgen Mar\u00eda.","date":"15 agosto 2013","format":false,"excerpt":"Catholic.com Explicaci\u00f3n de la fiesta La Asunci\u00f3n es un mensaje de esperanza que nos hace pensar en la dicha de alcanzar el Cielo, la gloria de Dios y en la alegr\u00eda de tener una madre que ha alcanzado la meta a la que nosotros caminamos. Este d\u00eda, recordamos que Mar\u00eda\u2026","rel":"","context":"En \u00abSantoral\u00bb","img":{"alt_text":"","src":"","width":0,"height":0},"classes":[]},{"id":1766,"url":"http:\/\/catolicasmexico.com\/blog\/egipto-escuelas-iglesias-y-orfanatos-quemados-para-borrar-todo-rastro-de-presencia-cristiana\/","url_meta":{"origin":4456,"position":1},"title":"Egipto: escuelas, iglesias y orfanatos quemados para borrar todo rastro de presencia cristiana","date":"5 septiembre 2013","format":false,"excerpt":"EGIPTO.-(AGENCIALAVOZ) Despu\u00e9s de asaltar la Iglesia de San Tawadros el-Shatbi, los extremistas isl\u00e1micos armados dirigieron su atenci\u00f3n a dos hogares para ni\u00f1os desfavorecidos, situados cerca de la iglesia parroquial, seg\u00fan afirmaron los habitantes de la zona. Robaron las ofrendas de la iglesia, ropa y los juguetes de los ni\u00f1os antes\u2026","rel":"","context":"En \u00abFe\u00bb","img":{"alt_text":"","src":"https:\/\/i1.wp.com\/catolicasmexico.com\/blog\/wp-content\/uploads\/2013\/09\/20130905-130019.jpg?resize=350%2C200","width":350,"height":200},"classes":[]},{"id":3210,"url":"http:\/\/catolicasmexico.com\/blog\/nuestra-senora-del-rosario-de-chinquinquira\/","url_meta":{"origin":4456,"position":2},"title":"Nuestra Se\u00f1ora del Rosario de Chinquinquir\u00e1.","date":"9 julio 2014","format":false,"excerpt":"Durante siglos, el pueblo colombiano da gloria a Dios por medio de su Madre la Sant\u00edsima Virgen Mar\u00eda bajo la advocaci\u00f3n de Nuestra Se\u00f1ora del Rosario de Chinquinquir\u00e1. Es este uno de los m\u00e1s importantes y frecuentados santuarios de Colombia. La Virgen est\u00e1 representada en un lienzo, con el Ni\u00f1o\u2026","rel":"","context":"En \u00abFe\u00bb","img":{"alt_text":"","src":"","width":0,"height":0},"classes":[]},{"id":1230,"url":"http:\/\/catolicasmexico.com\/blog\/secta-ocultista-en-mexico-que-crece-dramaticamente-el-engano-de-la-santa-muerte\/","url_meta":{"origin":4456,"position":3},"title":"Secta ocult\u00edsta en Mexico  crece dram\u00e1ticamente. El enga\u00f1o de  la \"santa muerte\"","date":"11 julio 2013","format":false,"excerpt":"Catolic.net www.periodicosanmiguel.org Edicion libre www.catolicasmexico.com La santa muerte es en esencia, el ultimo disfraz de satan\u00e1s para enga\u00f1ar a todos los cat\u00f3licos ignorantes e ingenuos. Este personaje es una copia o parodia que satan\u00e1s hace de la Sant\u00edsima Virgen Mar\u00eda. Este culto se difunde en mercados populares, en tiendas esot\u00e9ricas,\u2026","rel":"","context":"En \u00abFe\u00bb","img":{"alt_text":"","src":"https:\/\/i2.wp.com\/catolicasmexico.com\/blog\/wp-content\/uploads\/2013\/07\/20130711-201653.jpg?resize=350%2C200","width":350,"height":200},"classes":[]},{"id":4413,"url":"http:\/\/catolicasmexico.com\/blog\/detengamos-la-publicacion-de-este-libro-que-blasfema-en-contra-de-la-santisima-virgen\/","url_meta":{"origin":4456,"position":4},"title":"Detengamos la publicaci\u00f3n de este libro que blasfema en contra de la Sant\u00edsima Virgen.","date":"16 junio 2016","format":false,"excerpt":"Recientemente el 13 de abril, las ediciones \"drawn and quarterly\" publicaron un libro ilustrado: Maria llorando a los pies de Jes\u00fas. En una entrevista con salon.com el autor e ilustrador Chester Brown dijo: \" mi pensamiento es que Jes\u00fas tuvo una relaci\u00f3n con la prostituci\u00f3n muy diferente de lo que\u2026","rel":"","context":"En \u00abataques contra la Iglesia Catolica\u00bb","img":{"alt_text":"","src":"https:\/\/i2.wp.com\/catolicasmexico.com\/blog\/wp-content\/uploads\/2016\/06\/IMG_0659.jpg?resize=350%2C200","width":350,"height":200},"classes":[]},{"id":2217,"url":"http:\/\/catolicasmexico.com\/blog\/hoy-la-iglesia-celebra-a-la-virgen-de-guadalupe-patrona-de-america\/","url_meta":{"origin":4456,"position":5},"title":"Hoy la Iglesia celebra a la Virgen de Guadalupe, Patrona de Am\u00e9rica","date":"12 diciembre 2013","format":false,"excerpt":"LIMA, 12 Dic. 13 \/ 12:04 am (ACI).- Hoy 12 de diciembre fieles en el mundo entero festejan a Nuestra Se\u00f1ora de Guadalupe, Patrona de M\u00e9xico y Emperatriz de Am\u00e9rica, y en el marco de esta fecha el Papa Francisco se\u00f1al\u00f3 que la aparici\u00f3n de la Madre de Dios en\u2026","rel":"","context":"En \u00abFe\u00bb","img":{"alt_text":"","src":"","width":0,"height":0},"classes":[]}],"jetpack_likes_enabled":false,"jetpack_sharing_enabled":true,"_links":{"self":[{"href":"http:\/\/catolicasmexico.com\/blog\/wp-json\/wp\/v2\/posts\/4456"}],"collection":[{"href":"http:\/\/catolicasmexico.com\/blog\/wp-json\/wp\/v2\/posts"}],"about":[{"href":"http:\/\/catolicasmexico.com\/blog\/wp-json\/wp\/v2\/types\/post"}],"author":[{"embeddable":true,"href":"http:\/\/catolicasmexico.com\/blog\/wp-json\/wp\/v2\/users\/1"}],"replies":[{"embeddable":true,"href":"http:\/\/catolicasmexico.com\/blog\/wp-json\/wp\/v2\/comments?post=4456"}],"version-history":[{"count":0,"href":"http:\/\/catolicasmexico.com\/blog\/wp-json\/wp\/v2\/posts\/4456\/revisions"}],"wp:featuredmedia":[{"embeddable":true,"href":"http:\/\/catolicasmexico.com\/blog\/wp-json\/wp\/v2\/media\/4455"}],"wp:attachment":[{"href":"http:\/\/catolicasmexico.com\/blog\/wp-json\/wp\/v2\/media?parent=4456"}],"wp:term":[{"taxonomy":"category","embeddable":true,"href":"http:\/\/catolicasmexico.com\/blog\/wp-json\/wp\/v2\/categories?post=4456"},{"taxonomy":"post_tag","embeddable":true,"href":"http:\/\/catolicasmexico.com\/blog\/wp-json\/wp\/v2\/tags?post=4456"}],"curies":[{"name":"wp","href":"https:\/\/api.w.org\/{rel}","templated":true}]}}