{"id":4422,"date":"2016-07-25T15:00:51","date_gmt":"2016-07-25T20:00:51","guid":{"rendered":"http:\/\/catolicasmexico.com\/blog\/una-ex-abortera-dice-al-senado-he-matado-a-mas-gente-que-la-mayoria-de-los-asesinos-en-serie\/"},"modified":"2016-07-25T15:00:51","modified_gmt":"2016-07-25T20:00:51","slug":"una-ex-abortera-dice-al-senado-he-matado-a-mas-gente-que-la-mayoria-de-los-asesinos-en-serie","status":"publish","type":"post","link":"http:\/\/catolicasmexico.com\/blog\/una-ex-abortera-dice-al-senado-he-matado-a-mas-gente-que-la-mayoria-de-los-asesinos-en-serie\/","title":{"rendered":"Una ex abortera dice al Senado: He matado a m\u00e1s gente que la mayor\u00eda de los asesinos en serie.\u00a0"},"content":{"rendered":"<p>&nbsp;<span id=\"img_container_731B3878-10DC-4430-8DC7-4EBE70C6FAF6\" class=\"img_container\" data-failed=\"Tap to try again!\"><progress id=\"progress_731B3878-10DC-4430-8DC7-4EBE70C6FAF6\" value=\"1\" class=\"wp_media_indicator\" contenteditable=\"false\"><\/progress><img src=\"file:\/\/\/var\/mobile\/Applications\/1C72E164-2298-47D0-8A4A-B4D9B54C74D3\/Documents\/Media\/IMG_0787-0.jpg\" alt=\"\" class=\"uploading\"  \/> <\/span>&nbsp;<br \/>\nPor Sarah LiveActionNews Terzo &#8211; del sitio www.qcv.qc.ca traducci\u00f3n y edici\u00f3n libre CM.<br \/>\nLa ex abortera, Dr. Kathi A. Aultman testific\u00f3 en una audiencia en la Comisi\u00f3n del Senado el 15 de marzo de 2016. El prop\u00f3sito de la audiencia fue hablar de dos proyectos de ley pro-vida. Un proyecto de ley que prohibir\u00eda el aborto despu\u00e9s de las 20 semanas de gestaci\u00f3n. El otro proyecto trata de que si  un beb\u00e9 accidentalmente nace vivo durante un procedimiento de aborto, recibir\u00e1  la atenci\u00f3n m\u00e9dica adecuada. La  Dr. Aultman, que practicaban abortos de primer y segundo trimestres, testific\u00f3 a favor de las leyes providas. .<br \/>\nKathi Sudheesh practic\u00f3 abortos por aspiraci\u00f3n y procedimientos de aborto D &amp; C (en el primer trimestre) y D &amp; E (en el segundo).<br \/>\nUn D &amp; C, tambi\u00e9n llamado aborto por aspiraci\u00f3n  se realiza mediante la inserci\u00f3n de un tubo de pl\u00e1stico en el \u00fatero de la mujer a trav\u00e9s del cuello unido a un dispositivo de succi\u00f3n. Cuando la unidad est\u00e1 encendida, el beb\u00e9 es destrozado por la fuerza de la succi\u00f3n. El bebe es desmembrado en el proceso, sus miembros pasan por el tubo en un frasco colector.<br \/>\nEl beb\u00e9 es desmembrado tambi\u00e9n durante el segundo trimestre durante el procedimiento D &amp; E. En un D &amp; E, el abortista tira y saca al beb\u00e9 con el f\u00f3rceps arrancando una pierna y un brazo, etc..<\/p>\n<p class=\"flex-video\"><iframe loading=\"lazy\" width=\"600\" height=\"338\" src=\"https:\/\/www.youtube.com\/embed\/5THDmys8z30?feature=oembed\" frameborder=\"0\" allowfullscreen><\/iframe><\/p>\n<p class=\"flex-video\"><iframe loading=\"lazy\" width=\"600\" height=\"338\" src=\"https:\/\/www.youtube.com\/embed\/jgw4X7Dw_3k?feature=oembed\" frameborder=\"0\" allowfullscreen><\/iframe><\/p>\n<p>Estos procedimientos de abortos se utilizan com\u00fanmente en los Estados Unidos en la actualidad.<br \/>\nDespu\u00e9s de cada aborto, Kathi Aultman ten\u00eda que examinar los restos de beb\u00e9s abortados. Ten\u00eda que ver los cuerpos desmembrados que acababa de torturar.<br \/>\n\u00abDespu\u00e9s de cada procedimiento, ten\u00eda que examinar con cuidado el tejido, contar todas las partes del cuerpo para asegurarse que no hab\u00eda nada que pudiera causar una infecci\u00f3n o un sangrado. Me fascinaba ver los intestinos &#8211; peque\u00f1os pero perfectamente formados &#8211; los ri\u00f1ones y otros \u00f3rganos me gustaba verlos en detalle con el microscopio. Me doy cuenta de que es dif\u00edcil imaginar que alguien sea capaz de hacer esto y ser indiferente, pero debido a mi formaci\u00f3n, un feto humano parec\u00eda que no era  diferente de los embriones de pollo que disecaba en el colegio. Pod\u00eda ver con un inter\u00e9s estrictamente cient\u00edfico,desprovisto de cualquier emoci\u00f3n con la que normalmente ve\u00eda a un beb\u00e9. No era insensible, yo simplemente estaba formada para separar  las cosas.<br \/>\nEl coraz\u00f3n de Kathi Sudheesh era insensible  hacia los ni\u00f1os que no eran deseados por sus madres. Se sent\u00eda triste cuando una mujer ten\u00eda un aborto espont\u00e1neo. En su mente, los beb\u00e9s deseados no eran seres humanos y no lo eran, los que no eran deseados. Ella dice:<br \/>\n\u00abSi una mujer que hab\u00eda perdido a su beb\u00e9, me ven\u00eda a ver, compart\u00eda su dolor y la comprend\u00eda. La diferencia en mi mente era si o no se quer\u00eda el beb\u00e9. \u00bb<br \/>\nKathi se comenz\u00f3 a cuestionar en se forma de pensar cuando empez\u00f3 a atender a los beb\u00e9s prematuros. Ella estaba tratando de salvar las vidas de los beb\u00e9s prematuros, mientras que condenaba a otros beb\u00e9s de la misma edad.<br \/>\n\u00abLa \u00fanica vez que sent\u00ed alg\u00fan tipo de escr\u00fapulo fue cuando estuve dado atenci\u00f3n neonatal y comprend\u00ed  que quer\u00eda salvar a los beb\u00e9s que ten\u00edan la misma edad que los beb\u00e9s que abortaba, pero racionalizaba inmediatamente y era capaz de rechazar mis sentimientos. \u00bb<br \/>\nKathi se jactaba de ser una buena abortista y continu\u00f3 realizando abortos, incluso cuando ella estaba embarazada. Pero despu\u00e9s del nacimiento de su beb\u00e9, varias cosas ocurrieron y sacudieron su fe en el aborto:<br \/>\n\u00abLa primera vez que volv\u00ed a la cl\u00ednica despu\u00e9s del nacimiento de mi hijo, viv\u00ed tres casos que me rompieron el coraz\u00f3n y cambi\u00f3 mi opini\u00f3n sobre el aborto. En el primer caso, me di cuenta de que personalmente hab\u00eda hecho 3 abortos a una muchacha que estaba esa ma\u00f1ana ah\u00ed. Cuando protest\u00e9, me dijeron que era su derecho a optar por el aborto como un m\u00e9todo anticonceptivo y que no ten\u00eda ning\u00fan derecho a juzgala o negarme a hacer el procedimiento. Le dije al personal de la cl\u00ednica que era f\u00e1cil hablar pero era yo la que realizaba la matanza. Por supuesto, consigui\u00f3 el aborto y a pesar de mi insistencia, me dijo que ella no usar\u00eda m\u00e9todos anticonceptivos. La otra situaci\u00f3n implic\u00f3 a una mujer que, cuando se le pregunt\u00f3 si quer\u00eda ver el \u00abtejido\u00bb ella respondi\u00f3: &#8216; \u00a1no! \u00a1Quiero s\u00f3lo matarlo!\u00bb Yo estaba perturbado por su hostilidad y la falta de compasi\u00f3n para con el feto.<br \/>\nConfrontandose a mujeres insensibles que utilizaban el aborto como control de natalidad o  que era una trivialidad matar a sus beb\u00e9s, ella comenz\u00f3 a darse cuenta en qu\u00e9 terrible situaci\u00f3n estuvo involucrada. Al ver los cuerpos desmembrados de los beb\u00e9s todos los d\u00edas, Kathi sab\u00eda ahora que el aborto no deb\u00eda ser tomado a la ligera. Por primera vez, ella empez\u00f3 a tener compasi\u00f3n por estos beb\u00e9s.<br \/>\nOtra mujer tuvo una reacci\u00f3n totalmente diferente:<br \/>\n\u00abEl \u00faltimo caso me hizo llorar. Era una madre de cuatro ni\u00f1os que no cre\u00eda que ella y su marido podr\u00edan sostener a otro ni\u00f1o. \u00a1C\u00f3mo me sent\u00ed mal por esta madre!Qu\u00e9 terrible decisi\u00f3n. llor\u00f3 a lo largo de su visita en la cl\u00ednica y ese fue el final de mi carrera como abortista. finalmente comprend\u00ed la relaci\u00f3n  entre el feto y el beb\u00e9.\u00bb<br \/>\nLa Dr. Autman indic\u00f3 que la mayor\u00eda de los m\u00e9dicos no practica el aborto por mucho tiempo.<br \/>\n\u00abDespu\u00e9s descubr\u00ed que pocos m\u00e9dicos son capaces de hacer abortos por un largo per\u00edodo. Los m\u00e9dicos aprenden a curar, no herir. Los Obstetras y Ginec\u00f3logos en particular, a menudo experimentan un conflicto de conciencia porque est\u00e1n normalmente preocupados por el bienestar de sus dos pacientes, pero en el aborto mata a uno de ellos.<br \/>\nTambi\u00e9n es dif\u00edcil realizar un aborto porque:<br \/>\nAunque muchas personas consideran el aborto como una simple sustracci\u00f3n de un pedazo de tejido, el abortista sabe exactamente lo que \u00e9l o ella est\u00e1 haciendo, ya que debe contar las partes del cuerpo despu\u00e9s de cada procedimiento. La verdad es revelada en un momento dado y si el abortista tiene una conciencia, ya no puede hacer esto.<br \/>\nK. Aultman termin\u00f3 su testimonio llamando a los legisladores:<br \/>\n\u00abSiempre me he considerado una buena persona, pero cuando descubr\u00ed  que hab\u00eda matado m\u00e1s gente que la mayor\u00eda de los asesinos en serie me horroric\u00e9\u00bb Hoy, cuando me encuentro con j\u00f3venes mujeres que dan a luz, la alegr\u00eda de conocer y saber que juego un papel ayudando a traer al mundo a un beb\u00e9, es eclipsado por el pensamiento de todos aquellos que nunca podr\u00e9 conocer porque les quit\u00e9 la vida. \u00abNo me gustar\u00eda estar en sus zapatos y tener la carga de saber que pude haber evitado la muerte de miles o incluso millones y que no hice nada.<br \/>\nLa historia de Kathi Aultman tiene un mensaje poderoso y persuasivo. S\u00f3lo esperamos que los legisladores est\u00e9n y conmovidos e inspirados para a votar proyectos de ley que salvar\u00e1n vidas futuras.<\/p>\n","protected":false},"excerpt":{"rendered":"<p>&nbsp; &nbsp; Por Sarah LiveActionNews Terzo &#8211; del sitio www.qcv.qc.ca traducci\u00f3n y edici\u00f3n libre CM. La ex abortera, Dr. Kathi A. Aultman testific\u00f3 en una audiencia en la Comisi\u00f3n del Senado el 15 de marzo de 2016. El prop\u00f3sito de la audiencia fue hablar de dos proyectos de ley pro-vida. Un proyecto de ley que [&hellip;]<\/p>\n","protected":false},"author":1,"featured_media":4420,"comment_status":"open","ping_status":"open","sticky":false,"template":"","format":"standard","meta":{"spay_email":"","jetpack_publicize_message":"","jetpack_is_tweetstorm":false},"categories":[9,72,27,346],"tags":[718,912,348,85],"aioseo_notices":[],"jetpack_featured_media_url":"http:\/\/catolicasmexico.com\/blog\/wp-content\/uploads\/2016\/07\/IMG_0784.jpg","jetpack_publicize_connections":[],"jetpack_shortlink":"https:\/\/wp.me\/p3B5XH-19k","jetpack-related-posts":[{"id":4363,"url":"http:\/\/catolicasmexico.com\/blog\/los-democratas-dicen-que-la-ley-que-prohibe-el-aborto-despues-de-20-semanas-es-una-guerra-contra-las-mujeres\/","url_meta":{"origin":4422,"position":0},"title":"Los dem\u00f3cratas dicen que la ley que proh\u00edbe el aborto despu\u00e9s de 20 semanas es una \"guerra contra las mujeres\".","date":"11 abril 2016","format":false,"excerpt":"El 15 de marzo una comisi\u00f3n del senado analiz\u00f3 el proyecto de ley \u00a0\" del acto de protecci\u00f3n del no nato que siente el dolor \" proh\u00edbiendo el aborto despu\u00e9s de las 20 semanas de gestaci\u00f3n. A\u00fan si la mitad de los abortos tard\u00edos asesinan a las nii\u00f1as, los dem\u00f3cratas\u2026","rel":"","context":"En \u00abAborto\u00bb","img":{"alt_text":"","src":"https:\/\/i1.wp.com\/catolicasmexico.com\/blog\/wp-content\/uploads\/2016\/04\/IMG_0524.jpg?resize=350%2C200","width":350,"height":200},"classes":[]},{"id":1278,"url":"http:\/\/catolicasmexico.com\/blog\/texas-limita-el-aborto-radio-canada-lamenta-el-progreso-de-estas-leyes-en-todas-partes-de-los-estados-unidos\/","url_meta":{"origin":4422,"position":1},"title":"Texas limita el aborto, Radio-Canada lamenta el progreso de estas leyes  en todas partes de los Estados Unidos","date":"15 julio 2013","format":false,"excerpt":"Del blog www.qcv.qc.ca del sitio Radio-Canada del 13 de julio de 2013. Traducci\u00f3n y edici\u00f3n libre www.catolicasmexico.com El Senado de Texas aprob\u00f3 el s\u00e1bado uno de los proyectos de ley m\u00e1s restrictivos de los Estados Unidos en materia de aborto. El texto proh\u00edbe abortos despu\u00e9s de 20 semanas de embarazo,\u2026","rel":"","context":"En \u00abAborto\u00bb","img":{"alt_text":"","src":"","width":0,"height":0},"classes":[]},{"id":913,"url":"http:\/\/catolicasmexico.com\/blog\/prohibicion-a-nivel-nacional-del-aborto-a-partir-de-20-semanas-pasa-delante-de-la-camara-de-representantes\/","url_meta":{"origin":4422,"position":2},"title":"Prohibici\u00f3n  a nivel nacional del aborto a partir de 20 semanas pasa delante de la c\u00e1mara de representantes","date":"19 junio 2013","format":false,"excerpt":"Por Ben Johnson. Traducido y editado por Alejandro P. de wwwcatolicasmexico.com Martes, 18 de junio de 2013 17:30 EST WASHINGTON, D.C., 18 de junio de 2013 (LifeSiteNews.com) \u2013 la c\u00e1mara de representantes ha aprobado un proyecto que podr\u00eda restringir todos los abortos en todo el pa\u00eds a partir de 20\u2026","rel":"","context":"En \u00abAborto\u00bb","img":{"alt_text":"","src":"","width":0,"height":0},"classes":[]},{"id":1334,"url":"http:\/\/catolicasmexico.com\/blog\/dios-sea-alabado-se-promulgo-la-ley-que-restringe-el-aborto-en-texas\/","url_meta":{"origin":4422,"position":3},"title":"\u00a1Dios sea alabado!.. Se promulg\u00f3 la ley que restringe el aborto en Texas","date":"18 julio 2013","format":false,"excerpt":"Del blog www.cqv.cq.ca texto original journal La Presse du 18 juillet 2013 Traducci\u00f3n y edici\u00f3n libre www.catolicasmexico.com El gobernador de Texas, Rick Perry, emiti\u00f3 el jueves una ley que restringe la pr\u00e1ctica del aborto, esto podr\u00eda conducir al cierre de la mayor\u00eda de las cl\u00ednicas de aborto. Mas de 100\u2026","rel":"","context":"En \u00abAborto\u00bb","img":{"alt_text":"","src":"","width":0,"height":0},"classes":[]},{"id":732,"url":"http:\/\/catolicasmexico.com\/blog\/la-camara-de-representantes-de-los-estados-unidos-aprueba-el-proyecto-de-ley-que-prohibe-el-aborto-luego-de-la-semana-20-de-gestacion\/","url_meta":{"origin":4422,"position":4},"title":"La C\u00e1mara de Representantes de los Estados Unidos aprueba el proyecto de ley que proh\u00edbe el aborto luego de la semana 20 de gestaci\u00f3n","date":"5 junio 2013","format":false,"excerpt":"Publicado por Steven Ertelt | Washington, DC | LifeNews.com | 6\/4\/13 2:49 PM Resumido y traducido del ingl\u00e9s por Elizabeth de la Teja Bosch para www.catolicasmexico.com Miembros de la C\u00e1mara de Representantes aprobaron el proyecto de ley congresal que proh\u00edbe el aborto luego de la semana 20 de gestaci\u00f3n. El\u2026","rel":"","context":"En \u00abAborto\u00bb","img":{"alt_text":"","src":"https:\/\/i0.wp.com\/catolicasmexico.com\/blog\/wp-content\/uploads\/2013\/06\/20130605-120416.jpg?resize=350%2C200","width":350,"height":200},"classes":[]},{"id":1455,"url":"http:\/\/catolicasmexico.com\/blog\/en-irlanda-los-senadores-no-quiere-saber-como-se-hace-un-aborto\/","url_meta":{"origin":4422,"position":5},"title":"En Irlanda los senadores no quiere saber como se hace un aborto...","date":"29 julio 2013","format":false,"excerpt":"Del blog de www.cqv.cq.ca original del blog de Jeanne Smits. Traducci\u00f3n y edici\u00f3n libre Alejandro P. de www.catolicasmexico.com Jim Walsh, senador irland\u00e9s del partido Fianna F\u00e1il ,que form\u00f3 parte de aquellos que lucharon contra la aprobaci\u00f3n de la ley de aborto en Irlanda, hace una semana fue atacado fuertemente por\u2026","rel":"","context":"En \u00abAborto\u00bb","img":{"alt_text":"","src":"","width":0,"height":0},"classes":[]}],"jetpack_likes_enabled":false,"jetpack_sharing_enabled":true,"_links":{"self":[{"href":"http:\/\/catolicasmexico.com\/blog\/wp-json\/wp\/v2\/posts\/4422"}],"collection":[{"href":"http:\/\/catolicasmexico.com\/blog\/wp-json\/wp\/v2\/posts"}],"about":[{"href":"http:\/\/catolicasmexico.com\/blog\/wp-json\/wp\/v2\/types\/post"}],"author":[{"embeddable":true,"href":"http:\/\/catolicasmexico.com\/blog\/wp-json\/wp\/v2\/users\/1"}],"replies":[{"embeddable":true,"href":"http:\/\/catolicasmexico.com\/blog\/wp-json\/wp\/v2\/comments?post=4422"}],"version-history":[{"count":0,"href":"http:\/\/catolicasmexico.com\/blog\/wp-json\/wp\/v2\/posts\/4422\/revisions"}],"wp:featuredmedia":[{"embeddable":true,"href":"http:\/\/catolicasmexico.com\/blog\/wp-json\/wp\/v2\/media\/4420"}],"wp:attachment":[{"href":"http:\/\/catolicasmexico.com\/blog\/wp-json\/wp\/v2\/media?parent=4422"}],"wp:term":[{"taxonomy":"category","embeddable":true,"href":"http:\/\/catolicasmexico.com\/blog\/wp-json\/wp\/v2\/categories?post=4422"},{"taxonomy":"post_tag","embeddable":true,"href":"http:\/\/catolicasmexico.com\/blog\/wp-json\/wp\/v2\/tags?post=4422"}],"curies":[{"name":"wp","href":"https:\/\/api.w.org\/{rel}","templated":true}]}}