{"id":4418,"date":"2016-07-08T15:01:03","date_gmt":"2016-07-08T20:01:03","guid":{"rendered":"http:\/\/catolicasmexico.com\/blog\/australia-un-padre-viola-a-su-bebe-de-10-meses-con-su-amante\/"},"modified":"2017-07-21T23:50:06","modified_gmt":"2017-07-22T04:50:06","slug":"australia-un-padre-viola-a-su-bebe-de-10-meses-con-su-amante","status":"publish","type":"post","link":"http:\/\/catolicasmexico.com\/blog\/australia-un-padre-viola-a-su-bebe-de-10-meses-con-su-amante\/","title":{"rendered":"Australia: un &#8216;padre&#8217; viola a su beb\u00e9 de 10 meses con su amante."},"content":{"rendered":"<p>El padre de una ni\u00f1a de 10 meses y su novio pronto ser\u00e1n juzgado por violar a ni\u00f1a y tomar fotos pornogr\u00e1ficas, mientras que la madre estaba ausente.<\/p>\n<p>Dos hombres, de 50 a\u00f1os, fueron detenidos en el estado de Victoria despu\u00e9s de abusar sexualmente de una ni\u00f1a de 10 meses y tomar fotos de ella desnuda, durante aproximadamente tres horas, en abril de 2015. El beb\u00e9 estaba bajo el cuidado de los dos hombres cuando la madre estaba en una formaci\u00f3n profesional por unas horas.<\/p>\n<p>La polic\u00eda dicen que el novio del pap\u00e1 del beb\u00e9 hab\u00eda tenido una  conversaci\u00f3n por Skype con uno de sus compa\u00f1eros dos d\u00edas despu\u00e9s de la violaci\u00f3n en la que afirm\u00f3: \u00absu madre se fue por un momento y No tuvimos tiempo para hacer todo lo que quisimos, lamentablemente. \u00bb<\/p>\n<p>Durante una conversaci\u00f3n anterior a la agresi\u00f3n del beb\u00e9, \u00e9l habr\u00eda dicho: \u00ab[el padre] y yo pasaremos tiempo con ella . \u00bb el Incesto me excita tanto. \u00bb<br \/>\nFuente egalit\u00e9 et R\u00e9contiliation traducci\u00f3n y edici\u00f3n libre CM.<\/p>\n","protected":false},"excerpt":{"rendered":"<p>El padre de una ni\u00f1a de 10 meses y su novio pronto ser\u00e1n juzgado por violar a ni\u00f1a y tomar fotos pornogr\u00e1ficas, mientras que la madre estaba ausente. Dos hombres, de 50 a\u00f1os, fueron detenidos en el estado de Victoria despu\u00e9s de abusar sexualmente de una ni\u00f1a de 10 meses y tomar fotos de ella [&hellip;]<\/p>\n","protected":false},"author":1,"featured_media":4417,"comment_status":"open","ping_status":"open","sticky":false,"template":"","format":"standard","meta":{"spay_email":"","jetpack_publicize_message":"","jetpack_is_tweetstorm":false},"categories":[12,95],"tags":[46,896,911,105],"aioseo_notices":[],"jetpack_featured_media_url":"http:\/\/catolicasmexico.com\/blog\/wp-content\/uploads\/2016\/07\/IMG_0750.jpg","jetpack_publicize_connections":[],"jetpack_shortlink":"https:\/\/wp.me\/p3B5XH-19g","jetpack-related-posts":[{"id":3702,"url":"http:\/\/catolicasmexico.com\/blog\/despues-de-un-intento-de-aborto-por-cloruro-de-potasio-sarah-brown-nacio-ciega-y-con-dano-cerebral-sin-embargo-logro-vivir-durante-cinco-anos\/","url_meta":{"origin":4418,"position":0},"title":"Despu\u00e9s de un intento de aborto por cloruro de potasio, Sarah Brown naci\u00f3 ciega y con da\u00f1o cerebral... sin embargo logr\u00f3 vivir durante cinco a\u00f1os. (...)","date":"17 abril 2015","format":false,"excerpt":"En julio de 1993, una madre de 15 a\u00f1os de edad fue llevada a los servicios de salud para abortar a su hija en la etapa final de su embarazo. El embarazo estaba tan avanzado que el beb\u00e9 ya estaba en posici\u00f3n para el parto. En ese tiempo todav\u00eda no\u2026","rel":"","context":"En \u00abAborto\u00bb","img":{"alt_text":"","src":"https:\/\/i1.wp.com\/catolicasmexico.com\/blog\/wp-content\/uploads\/2015\/04\/IMG_0240.jpg?resize=350%2C200","width":350,"height":200},"classes":[]},{"id":4209,"url":"http:\/\/catolicasmexico.com\/blog\/nace-con-solo-280-gms-y-bebe-elayah-logra-sobrevivir\/","url_meta":{"origin":4418,"position":1},"title":"Nace con solo 280 gms y beb\u00e9 E'layah logra sobrevivir.","date":"21 enero 2016","format":false,"excerpt":"Presentamos la historia de esta beb\u00e9 que sobrevivi\u00f3 pesando solo 280g, beb\u00e9 E'layah. Por Nancy Flanders de LiveActionNews - traducido por CM del sitio www.cqv.ca.cq E'layah pesaba solo 283 gramos y med\u00eda 25 cent\u00edmetros cuando vino al mundo tres y medio meses antes de lo previsto. Su entrada en este\u2026","rel":"","context":"En \u00abEEUU\u00bb","img":{"alt_text":"","src":"https:\/\/i0.wp.com\/catolicasmexico.com\/blog\/wp-content\/uploads\/2016\/01\/IMG_0430.png?resize=350%2C200","width":350,"height":200},"classes":[]},{"id":3649,"url":"http:\/\/catolicasmexico.com\/blog\/embarazada-a-los-17-aun-con-un-diagnostico-de-anencefalia-dijo-si-a-la-vida\/","url_meta":{"origin":4418,"position":2},"title":"Embarazada a los 17, aun con un diagn\u00f3stico de anencefalia, dijo s\u00ed a la vida","date":"12 marzo 2015","format":false,"excerpt":"Articulo original por Rebeca o ' Brien LifeSiteNews - traducido del sitio Campagne Quebec Vie para catolicasmexico.com \u00a0 MICAH ten\u00eda diecisiete a\u00f1os cuando descubri\u00f3 que estaba embarazada. Pero el aborto simplemente no era una opci\u00f3n para ella y su novio, Kyle. \u00a0 \"No est\u00e1bamos preparados en absoluto, pero ambos sentimos\u2026","rel":"","context":"En \u00abEmbarazo\u00bb","img":{"alt_text":"","src":"https:\/\/i0.wp.com\/catolicasmexico.com\/blog\/wp-content\/uploads\/2015\/03\/Ambra_333_500_55.jpg?resize=350%2C200","width":350,"height":200},"classes":[]},{"id":1233,"url":"http:\/\/catolicasmexico.com\/blog\/historia-de-una-violacion-y-un-embarazo\/","url_meta":{"origin":4418,"position":3},"title":"Historia de una violaci\u00f3n y un embarazo.","date":"11 julio 2013","format":false,"excerpt":"Del blog de www.cqv.cq.ca del blog mamanpourlavie.com 19 mayo 2010 Traducci\u00f3n y edici\u00f3n libre www.catolicasmexico.com A los 18 a\u00f1os, yo era un estudiante en la Universidad cuando fui v\u00edctima de una violaci\u00f3n. Esto fue la peor experiencia de mi vida. Fui golpeada y violada por dos hombres en un callej\u00f3n\u2026","rel":"","context":"En \u00abAborto\u00bb","img":{"alt_text":"","src":"","width":0,"height":0},"classes":[]},{"id":3806,"url":"http:\/\/catolicasmexico.com\/blog\/una-enfermera-renuncia-despues-de-asistir-un-aborto-de-2-kg-me-puse-los-guantes-esteriles-y-saque-una-nina-muerta-de-18-kg-aproximadamente-40-cm-de-largo-con-la-cabeza-cubierta-de-cabello-trat\/","url_meta":{"origin":4418,"position":4},"title":"Una enfermera renuncia despu\u00e9s de asistir un aborto de 2 Kg...\"me puse los guantes est\u00e9riles y saque una ni\u00f1a muerta de 1,8 kg, aproximadamente 40 cm de largo, con la cabeza cubierta de cabello. Trat\u00e9 de ocultar el cuerpo a la paciente, pero ella lo vio y comenz\u00f3 a gritar. \"Es un beb\u00e9! \u00a1Mi beb\u00e9! \u00a1Mi beb\u00e9!(...)\"","date":"18 junio 2015","format":false,"excerpt":"(...)La Enfermera Bonnie L. McClory trabajaba como t\u00e9cnica Obstetricia en el servicio de maternidad en un \"gran hospital Metropolitano\". Preparaba su graduaci\u00f3n como enfermera y segu\u00eda un curso de formaci\u00f3n en las salas de parto. A veces, los beb\u00e9s nac\u00edan vivos. Otras veces, los beb\u00e9s nac\u00edan muertos, v\u00edctimas de abortos\u2026","rel":"","context":"En \u00abAborto\u00bb","img":{"alt_text":"","src":"https:\/\/i2.wp.com\/catolicasmexico.com\/blog\/wp-content\/uploads\/2015\/06\/20150618-135839.jpg?resize=350%2C200","width":350,"height":200},"classes":[]},{"id":879,"url":"http:\/\/catolicasmexico.com\/blog\/celeste-una-bebe-que-nacio-a-las-22-semanas-vivio-solo-3-horas-pero-su-vida-cambio-el-mundo\/","url_meta":{"origin":4418,"position":5},"title":"Celeste, una beb\u00e9 que naci\u00f3  a las 22 semanas, vivi\u00f3 solo 3 horas, pero su vida cambi\u00f3 el mundo.","date":"17 junio 2013","format":false,"excerpt":"Escrita por Melanie Pritchard. Del blog de www.cqv.qc.ca Traducida y editada del franc\u00e9s www.catolicasmexico.com Nota del editor: Melanie Pritchard es una conferencista pro-vida y pro-castidad reconocida. Vamos a conocer a Celeste, Su nombre significa \"el cielo\". Era un nombre que le iba perfectamente a un ni\u00f1a nacida de 22 semanas\u2026","rel":"","context":"En \u00abAborto\u00bb","img":{"alt_text":"","src":"","width":0,"height":0},"classes":[]}],"jetpack_likes_enabled":false,"jetpack_sharing_enabled":true,"_links":{"self":[{"href":"http:\/\/catolicasmexico.com\/blog\/wp-json\/wp\/v2\/posts\/4418"}],"collection":[{"href":"http:\/\/catolicasmexico.com\/blog\/wp-json\/wp\/v2\/posts"}],"about":[{"href":"http:\/\/catolicasmexico.com\/blog\/wp-json\/wp\/v2\/types\/post"}],"author":[{"embeddable":true,"href":"http:\/\/catolicasmexico.com\/blog\/wp-json\/wp\/v2\/users\/1"}],"replies":[{"embeddable":true,"href":"http:\/\/catolicasmexico.com\/blog\/wp-json\/wp\/v2\/comments?post=4418"}],"version-history":[{"count":1,"href":"http:\/\/catolicasmexico.com\/blog\/wp-json\/wp\/v2\/posts\/4418\/revisions"}],"predecessor-version":[{"id":4628,"href":"http:\/\/catolicasmexico.com\/blog\/wp-json\/wp\/v2\/posts\/4418\/revisions\/4628"}],"wp:featuredmedia":[{"embeddable":true,"href":"http:\/\/catolicasmexico.com\/blog\/wp-json\/wp\/v2\/media\/4417"}],"wp:attachment":[{"href":"http:\/\/catolicasmexico.com\/blog\/wp-json\/wp\/v2\/media?parent=4418"}],"wp:term":[{"taxonomy":"category","embeddable":true,"href":"http:\/\/catolicasmexico.com\/blog\/wp-json\/wp\/v2\/categories?post=4418"},{"taxonomy":"post_tag","embeddable":true,"href":"http:\/\/catolicasmexico.com\/blog\/wp-json\/wp\/v2\/tags?post=4418"}],"curies":[{"name":"wp","href":"https:\/\/api.w.org\/{rel}","templated":true}]}}