{"id":438,"date":"2013-05-22T07:43:24","date_gmt":"2013-05-22T12:43:24","guid":{"rendered":"http:\/\/catolicasmexico.com\/blog\/?p=438"},"modified":"2014-07-08T10:42:34","modified_gmt":"2014-07-08T15:42:34","slug":"confesiones-de-los-demonios-durante-exorcismos-con-el-padre-wilson-salazar","status":"publish","type":"post","link":"http:\/\/catolicasmexico.com\/blog\/confesiones-de-los-demonios-durante-exorcismos-con-el-padre-wilson-salazar\/","title":{"rendered":"CONFESIONES DE LOS DEMONIOS DURANTE EXORCISMOS CON EL PADRE WILSON SALAZAR"},"content":{"rendered":"<div><a href=\"http:\/\/catolicasmexico.com\/blog\/wp-content\/uploads\/2013\/05\/image.gif\"><img data-attachment-id=\"439\" data-permalink=\"http:\/\/catolicasmexico.com\/blog\/confesiones-de-los-demonios-durante-exorcismos-con-el-padre-wilson-salazar\/image-28\/\" data-orig-file=\"http:\/\/catolicasmexico.com\/blog\/wp-content\/uploads\/2013\/05\/image.gif\" data-orig-size=\"417,312\" data-comments-opened=\"1\" data-image-meta=\"{&quot;aperture&quot;:&quot;0&quot;,&quot;credit&quot;:&quot;&quot;,&quot;camera&quot;:&quot;&quot;,&quot;caption&quot;:&quot;&quot;,&quot;created_timestamp&quot;:&quot;0&quot;,&quot;copyright&quot;:&quot;&quot;,&quot;focal_length&quot;:&quot;0&quot;,&quot;iso&quot;:&quot;0&quot;,&quot;shutter_speed&quot;:&quot;0&quot;,&quot;title&quot;:&quot;&quot;,&quot;orientation&quot;:&quot;0&quot;}\" data-image-title=\"image\" data-image-description=\"\" data-medium-file=\"http:\/\/catolicasmexico.com\/blog\/wp-content\/uploads\/2013\/05\/image-300x224.gif\" data-large-file=\"http:\/\/catolicasmexico.com\/blog\/wp-content\/uploads\/2013\/05\/image.gif\" class=\"alignnone size-medium wp-image-439\" title=\"image\" src=\"http:\/\/catolicasmexico.com\/blog\/wp-content\/uploads\/2013\/05\/image-300x224.gif\" alt=\"\" width=\"300\" height=\"224\"  \/> <\/a><\/div>\n<p>Dice el demonio: odio terriblemente a esos tontos que se confiesan tan seguido, que me acaban mi reino, y despu\u00e9s van a recibir a ese Crucificado con tanta devoci\u00f3n, los odio cuando se arrodillan a rendir culto a ese Cristo como Dios, los odio cuando se postran a recibirlo y adorarlo haci\u00e9ndoles reverencias y venias como a\u00a0Dios.<\/p>\n<p>Los odio, no puedo nada contra esos malditos gusanos, postrados ante su Dios. Los odio porque me acaban y le hacen da\u00f1o a mi ejercito, los odio cuando cierran sus ojos y piensan en ese Dios y abren su boca para recibirlo, no puedo mirarlos, son invensibles de rodillas y postrados sin tocarlo, con sus cochinas manos, no puedo nada contra esos malditos adoradores&#8230;<\/p>\n<p>Comentario de P.G . *El c\u00f3digo de derecho can\u00f3nico, canon 213 estipula el derecho de los fieles de recibir la comuni\u00f3n de rodillas y en la boca. *<br \/>\nDel sitio de rodillas y en la boca.<\/p>\n","protected":false},"excerpt":{"rendered":"<p>Dice el demonio: odio terriblemente a esos tontos que se confiesan tan seguido, que me acaban mi reino, y despu\u00e9s van a recibir a ese Crucificado con tanta devoci\u00f3n, los odio cuando se arrodillan a rendir culto a ese Cristo como Dios, los odio cuando se postran a recibirlo y adorarlo haci\u00e9ndoles reverencias y venias [&hellip;]<\/p>\n","protected":false},"author":2,"featured_media":439,"comment_status":"open","ping_status":"open","sticky":false,"template":"","format":"standard","meta":{"spay_email":"","jetpack_publicize_message":"","jetpack_is_tweetstorm":false},"categories":[25,13],"tags":[40,39,33],"aioseo_notices":[],"jetpack_featured_media_url":"http:\/\/catolicasmexico.com\/blog\/wp-content\/uploads\/2013\/05\/image.gif","jetpack_publicize_connections":[],"jetpack_shortlink":"https:\/\/wp.me\/p3B5XH-74","jetpack-related-posts":[{"id":1449,"url":"http:\/\/catolicasmexico.com\/blog\/catedral-en-santiago-de-chile-es-atacada-por-abortistas-monsenor-ezzati-pide-perdon-a-dios\/","url_meta":{"origin":438,"position":0},"title":"Catedral en Santiago de Chile es atacada por abortistas, Monse\u00f1or Ezzati pide perd\u00f3n a Dios.","date":"29 julio 2013","format":false,"excerpt":"Art\u00edculo editado y comentario de www.catolicasmexico.com Otro ataque infame a la Santa Iglesia, perpetrado por un grupo de abortistas, que mediante la violencia, amenazas, blasfemias, destrucci\u00f3n y odio tratan de hacer pasar ley del aborto en Chile. SANTIAGO, 26 Jul. 13 \/ 06:39 pm (ACI).- El Arzobispo de Santiago (Chile),\u2026","rel":"","context":"En \u00abAborto\u00bb","img":{"alt_text":"","src":"","width":0,"height":0},"classes":[]},{"id":2514,"url":"http:\/\/catolicasmexico.com\/blog\/revelaciones-del-demonio-al-padre-francesco-bamonte\/","url_meta":{"origin":438,"position":1},"title":"Revelaciones del demonio al padre Francesco Bamonte.","date":"3 febrero 2014","format":false,"excerpt":"El combate de un exorcista hoy: lo que el diablo revela Fuentes: Eponymous Flower, Signos de estos Tiempos Habla el presidente de los exorcistas italianos.(...) Particularmente notable es el odio del diablo contra el sacramento del matrimonio, los v\u00ednculos familiares y el afecto. \u201c\u00c9l reacciona muy violentamente cuando se bendice\u2026","rel":"","context":"En \u00abAborto\u00bb","img":{"alt_text":"","src":"https:\/\/i1.wp.com\/catolicasmexico.com\/blog\/wp-content\/uploads\/2014\/02\/20140204-130543.jpg?resize=350%2C200","width":350,"height":200},"classes":[]},{"id":3594,"url":"http:\/\/catolicasmexico.com\/blog\/la-blasfemia-es-un-crimen\/","url_meta":{"origin":438,"position":2},"title":"La blasfemia es un crimen.","date":"9 enero 2015","format":false,"excerpt":"Texto original biblioth\u00e8que de combat traducci\u00f3n y edici\u00f3n libre www.catolicasmexico.com Cristo es insultado y la blasfemia se impone con el apoyo y el financiamiento del estado y sus representantes. Sin olvidar que los blasfemos son protegidos por la polic\u00eda de un pa\u00eds el cual fue creado, tras su adhesi\u00f3n a\u2026","rel":"","context":"En \u00abataques contra la Iglesia Catolica\u00bb","img":{"alt_text":"","src":"","width":0,"height":0},"classes":[]},{"id":2740,"url":"http:\/\/catolicasmexico.com\/blog\/fue-la-bruja-mas-famosa-de-colombia-hoy-es-catolica-devota-activa-provida-y-combate-la-nueva-era-rel\/","url_meta":{"origin":438,"position":3},"title":"Fue la bruja m\u00e1s famosa de Colombia: hoy es cat\u00f3lica devota, activa provida y combate la Nueva Era - ReL","date":"18 marzo 2014","format":false,"excerpt":"Articulo de Religi\u00f3n en libertad. La bruja, la m\u00e1s famosa y poderosa bruja que ha tenido Colombia, es ahora una mujer de Dios. Atr\u00e1s quedaron los riegos, conjuros y maleficios, los entierros y brebajes que la convirtieron en la bruja de cabecera de pol\u00edticos e importantes personalidades colombianas en las\u2026","rel":"","context":"En \u00abHistorias de Conversi\u00f3n\u00bb","img":{"alt_text":"","src":"https:\/\/i2.wp.com\/catolicasmexico.com\/blog\/wp-content\/uploads\/2014\/03\/20140318-194849.jpg?resize=350%2C200","width":350,"height":200},"classes":[]},{"id":1703,"url":"http:\/\/catolicasmexico.com\/blog\/los-cristeros-y-su-viril-ideal\/","url_meta":{"origin":438,"position":4},"title":"LOS CRISTEROS Y SU VIRIL IDEAL","date":"27 agosto 2013","format":false,"excerpt":"Art\u00edculo original de\u00a0http:\/\/radiocristiandad.wordpress.com\u00a0comentario de Alejandro P. para catolicasmexico.com NECESITAMOS QUE \u00c9L REINE Aqu\u00e9l por el que M\u00e9xico luch\u00f3 y muri\u00f3 hace 84 a\u00f1os. Sus enemigos los llamaron \u201cCristeros\u201d por su grito de guerra:\u00a0\u00a1Viva Cristo Rey!\u00a0Ese bendito grito que empez\u00f3 a o\u00edrse en nuestra Patria por primera vez en 1854, cuando\u2026","rel":"","context":"En \u00abFe\u00bb","img":{"alt_text":"","src":"https:\/\/i1.wp.com\/catolicasmexico.com\/blog\/wp-content\/uploads\/2013\/08\/christusrex.jpg?resize=350%2C200","width":350,"height":200},"classes":[]},{"id":2336,"url":"http:\/\/catolicasmexico.com\/blog\/primer-articulo-de-la-seccion-siguiendo-los-pasos-de-pedro-checala-esta-genial\/","url_meta":{"origin":438,"position":5},"title":"Primer art\u00edculo de la secci\u00f3n Siguiendo los pasos de Pedro... Ch\u00e9calo esta genial.","date":"9 enero 2014","format":false,"excerpt":"Secci\u00f3n a cargo de Alejandra Mu\u00f1oz Siguiendo los pasos de Pedro. No podemos negar que la humanidad est\u00e1 pasando por uno de sus momentos m\u00e1s obscuros, ahora al mal se le llama bien y al bien mal, no podemos negar que la br\u00fajula de nuestra conciencia ha perdido en muchos\u2026","rel":"","context":"En \u00abPasos de San Pedro\u00bb","img":{"alt_text":"","src":"","width":0,"height":0},"classes":[]}],"jetpack_likes_enabled":false,"jetpack_sharing_enabled":true,"_links":{"self":[{"href":"http:\/\/catolicasmexico.com\/blog\/wp-json\/wp\/v2\/posts\/438"}],"collection":[{"href":"http:\/\/catolicasmexico.com\/blog\/wp-json\/wp\/v2\/posts"}],"about":[{"href":"http:\/\/catolicasmexico.com\/blog\/wp-json\/wp\/v2\/types\/post"}],"author":[{"embeddable":true,"href":"http:\/\/catolicasmexico.com\/blog\/wp-json\/wp\/v2\/users\/2"}],"replies":[{"embeddable":true,"href":"http:\/\/catolicasmexico.com\/blog\/wp-json\/wp\/v2\/comments?post=438"}],"version-history":[{"count":3,"href":"http:\/\/catolicasmexico.com\/blog\/wp-json\/wp\/v2\/posts\/438\/revisions"}],"predecessor-version":[{"id":3193,"href":"http:\/\/catolicasmexico.com\/blog\/wp-json\/wp\/v2\/posts\/438\/revisions\/3193"}],"wp:featuredmedia":[{"embeddable":true,"href":"http:\/\/catolicasmexico.com\/blog\/wp-json\/wp\/v2\/media\/439"}],"wp:attachment":[{"href":"http:\/\/catolicasmexico.com\/blog\/wp-json\/wp\/v2\/media?parent=438"}],"wp:term":[{"taxonomy":"category","embeddable":true,"href":"http:\/\/catolicasmexico.com\/blog\/wp-json\/wp\/v2\/categories?post=438"},{"taxonomy":"post_tag","embeddable":true,"href":"http:\/\/catolicasmexico.com\/blog\/wp-json\/wp\/v2\/tags?post=438"}],"curies":[{"name":"wp","href":"https:\/\/api.w.org\/{rel}","templated":true}]}}