{"id":432,"date":"2013-05-21T08:30:37","date_gmt":"2013-05-21T13:30:37","guid":{"rendered":"http:\/\/catolicasmexico.com\/blog\/?p=432"},"modified":"2017-07-22T01:31:07","modified_gmt":"2017-07-22T06:31:07","slug":"la-pildora-anticonceptiva-su-funcionamiento","status":"publish","type":"post","link":"http:\/\/catolicasmexico.com\/blog\/la-pildora-anticonceptiva-su-funcionamiento\/","title":{"rendered":"La p\u00edldora anticonceptiva: su funcionamiento"},"content":{"rendered":"<p><a href=\"http:\/\/catolicasmexico.com\/blog\/wp-content\/uploads\/2013\/05\/image-26.jpeg\"><img data-attachment-id=\"390\" data-permalink=\"http:\/\/catolicasmexico.com\/blog\/pildora-del-dia-siguiente-produce-aborto-y-no-es-anticoncepcion-de-emergencia-denuncian\/image-26\/\" data-orig-file=\"http:\/\/catolicasmexico.com\/blog\/wp-content\/uploads\/2013\/05\/image-26.jpeg\" data-orig-size=\"500,340\" data-comments-opened=\"1\" data-image-meta=\"{&quot;aperture&quot;:&quot;0&quot;,&quot;credit&quot;:&quot;&quot;,&quot;camera&quot;:&quot;&quot;,&quot;caption&quot;:&quot;&quot;,&quot;created_timestamp&quot;:&quot;0&quot;,&quot;copyright&quot;:&quot;&quot;,&quot;focal_length&quot;:&quot;0&quot;,&quot;iso&quot;:&quot;0&quot;,&quot;shutter_speed&quot;:&quot;0&quot;,&quot;title&quot;:&quot;&quot;,&quot;orientation&quot;:&quot;0&quot;}\" data-image-title=\"image (26)\" data-image-description=\"\" data-medium-file=\"http:\/\/catolicasmexico.com\/blog\/wp-content\/uploads\/2013\/05\/image-26-300x204.jpeg\" data-large-file=\"http:\/\/catolicasmexico.com\/blog\/wp-content\/uploads\/2013\/05\/image-26.jpeg\" src=\"http:\/\/catolicasmexico.com\/blog\/wp-content\/uploads\/2013\/05\/image-26.jpeg\" alt=\"\" width=\"500\" height=\"340\" class=\"alignleft size-full wp-image-390\" srcset=\"http:\/\/catolicasmexico.com\/blog\/wp-content\/uploads\/2013\/05\/image-26.jpeg 500w, http:\/\/catolicasmexico.com\/blog\/wp-content\/uploads\/2013\/05\/image-26-300x204.jpeg 300w, http:\/\/catolicasmexico.com\/blog\/wp-content\/uploads\/2013\/05\/image-26-150x150.jpeg 150w\" sizes=\"100vw\" \/> <\/a><br \/>\nHe aqui como funciona la p\u00edldora anticonceptiva, para nosotros cat\u00f3licos, debe ser un motivo de reflexi\u00f3n, de preocupaci\u00f3n y de acci\u00f3n:<\/p>\n<p>&nbsp;<\/p>\n<p><object width=\"420\" height=\"315\" classid=\"clsid:d27cdb6e-ae6d-11cf-96b8-444553540000\" codebase=\"http:\/\/download.macromedia.com\/pub\/shockwave\/cabs\/flash\/swflash.cab#version=6,0,40,0\"><param name=\"allowFullScreen\" value=\"true\" \/><param name=\"allowscriptaccess\" value=\"always\" \/><param name=\"src\" value=\"http:\/\/www.youtube.com\/v\/lxPqLhyt4Ew?version=3&amp;hl=en_GB&amp;rel=0\" \/><param name=\"allowfullscreen\" value=\"true\" \/><\/object><\/p>\n","protected":false},"excerpt":{"rendered":"<p>He aqui como funciona la p\u00edldora anticonceptiva, para nosotros cat\u00f3licos, debe ser un motivo de reflexi\u00f3n, de preocupaci\u00f3n y de acci\u00f3n: &nbsp;<\/p>\n","protected":false},"author":2,"featured_media":390,"comment_status":"open","ping_status":"open","sticky":false,"template":"","format":"standard","meta":{"spay_email":"","jetpack_publicize_message":"","jetpack_is_tweetstorm":false},"categories":[16,17,27,28],"tags":[37,720,38],"aioseo_notices":[],"jetpack_featured_media_url":"http:\/\/catolicasmexico.com\/blog\/wp-content\/uploads\/2013\/05\/image-26.jpeg","jetpack_publicize_connections":[],"jetpack_shortlink":"https:\/\/wp.me\/p3B5XH-6Y","jetpack-related-posts":[{"id":1352,"url":"http:\/\/catolicasmexico.com\/blog\/un-nuevo-libro-que-denuncia-los-peligros-de-la-pildora-anticonceptiva\/","url_meta":{"origin":432,"position":0},"title":"Un nuevo libro que denuncia los peligros de la p\u00edldora anticonceptiva.","date":"22 julio 2013","format":false,"excerpt":"La pilule contraceptive, \u00e9ditions du Rocher Del blog www.qcv.qc.ca Traducci\u00f3n y edici\u00f3n libre www.catolicasmexico.com \u00bfSab\u00edas que las hormonas sint\u00e9ticas causantes del c\u00e1ncer de mama es lo que el asbesto al c\u00e1ncer de la pleura? En 1975, se descubrieron 7.000 nuevos casos de c\u00e1ncer de mama cada a\u00f1o en Francia ,\u2026","rel":"","context":"En \u00abContracepci\u00f3n\u00bb","img":{"alt_text":"","src":"","width":0,"height":0},"classes":[]},{"id":4290,"url":"http:\/\/catolicasmexico.com\/blog\/una-chica-de-16-anos-muere-de-hemorragia-masiva-al-tomar-la-pildora-anticonceptiva\/","url_meta":{"origin":432,"position":1},"title":"Una chica de 16 a\u00f1os muere de hemorragia masiva al tomar la p\u00edldora anticonceptiva.","date":"9 marzo 2016","format":false,"excerpt":"Noticia de lifenews.com traduccion y edici\u00f3n libre CM por PHG. Los oficiales brit\u00e1nicos investigan la muerte de una joven adolescente que muri\u00f3 durante las vacaciones del oto\u00f1o pasado al desarrollar un raro trastorno de la coagulaci\u00f3n sangu\u00ednea por tomar la p\u00edldora anticonceptiva. El peri\u00f3dico Daily Mail report\u00f3 que une chica\u2026","rel":"","context":"En \u00abContracepci\u00f3n\u00bb","img":{"alt_text":"","src":"https:\/\/i2.wp.com\/catolicasmexico.com\/blog\/wp-content\/uploads\/2016\/03\/IMG_0466.png?resize=350%2C200","width":350,"height":200},"classes":[]},{"id":1779,"url":"http:\/\/catolicasmexico.com\/blog\/bolivia-la-pildora-abortiva-sera-entregada-gratis\/","url_meta":{"origin":432,"position":2},"title":"Bolivia: La p\u00edldora abortiva ser\u00e1 entregada gratis.","date":"7 septiembre 2013","format":false,"excerpt":"BOLIVIA.-(AGENCIALAVOZ) La p\u00edldora del d\u00eda despu\u00e9s ser\u00e1 distribuida de manera gratuita a las mujeres. Hasta octubre todos los centros de salud p\u00fablicos tendr\u00e1n el anticonceptivo. Adem\u00e1s, se podr\u00e1 acceder al implante subd\u00e9rmico y al cond\u00f3n femenino, inform\u00f3 el Ministerio de Salud. \u201cLos tres m\u00e9todos de anticoncepci\u00f3n ser\u00e1n distribuidos a hospitales\u2026","rel":"","context":"En \u00abAborto\u00bb","img":{"alt_text":"","src":"","width":0,"height":0},"classes":[]},{"id":285,"url":"http:\/\/catolicasmexico.com\/blog\/pildora-del-dia-despues-para-menores-de-14-anos-un-dia-triste-para-chile\/","url_meta":{"origin":432,"position":3},"title":"P\u00edldora del d\u00eda despu\u00e9s para menores de 14 a\u00f1os: un d\u00eda triste para Chile.","date":"13 mayo 2013","format":false,"excerpt":"A partir del pr\u00f3ximo 28 de mayo, menores desde 14 a\u00f1os podr\u00e1n recibir en Chile la p\u00edldora del d\u00eda siguiente sin permiso de los padres. Ser\u00e1 \u201cun d\u00eda triste\u201d para el pa\u00eds porque se les \u201cquita a los padres autoridad en un tema tan sensible y doloroso\u201d y este f\u00e1rmaco\u2026","rel":"","context":"En \u00abContracepci\u00f3n\u00bb","img":{"alt_text":"","src":"https:\/\/i0.wp.com\/catolicasmexico.com\/blog\/wp-content\/uploads\/2013\/05\/20120112-backpages-1-284x474.jpg?resize=350%2C200","width":350,"height":200},"classes":[]},{"id":2463,"url":"http:\/\/catolicasmexico.com\/blog\/las-hermanitas-de-los-pobres-ponen-obstaculos-a-la-reforma-sanitaria-de-obama\/","url_meta":{"origin":432,"position":4},"title":"Las Hermanitas de los Pobres ponen obst\u00e1culos a la reforma sanitaria de Obama","date":"27 enero 2014","format":false,"excerpt":"Articulo de Religi\u00f3n en libertad. (...) A petici\u00f3n de las Hermanitas de los Pobres, un grupo de monjas de Colorado, la jueza Sotomayor liber\u00f3 moment\u00e1neamente a la organizaci\u00f3n religiosa y a los colectivos que se sumaron a su demanda de la aplicaci\u00f3n de esta medida y concedi\u00f3 al Gobierno hasta\u2026","rel":"","context":"En \u00abAborto\u00bb","img":{"alt_text":"","src":"https:\/\/i1.wp.com\/catolicasmexico.com\/blog\/wp-content\/uploads\/2014\/01\/20140127-125906.jpg?resize=350%2C200","width":350,"height":200},"classes":[]},{"id":474,"url":"http:\/\/catolicasmexico.com\/blog\/vaticano-rechaza-que-onu-presente-pildora-del-dia-siguiente-como-producto-salvavidas\/","url_meta":{"origin":432,"position":5},"title":"Vaticano rechaza que ONU presente p\u00edldora del d\u00eda siguiente como \u201cproducto salvavidas\"","date":"25 mayo 2013","format":false,"excerpt":"El Jefe de la Delegaci\u00f3n de la Santa Sede para la 66\u00ba Asamblea Mundial de la Salud, Mons. Zygmunt Zimowski, se\u00f1al\u00f3 que la Iglesia \u201ccomparte plenamente el objetivo de reducir la p\u00e9rdida de vidas humanas y de prevenir las enfermedades\u201d, pero considera \u201cinaceptable\u201d que se quiera presentar a la p\u00edldora\u2026","rel":"","context":"En \u00abContracepci\u00f3n\u00bb","img":{"alt_text":"","src":"https:\/\/i1.wp.com\/catolicasmexico.com\/blog\/wp-content\/uploads\/2013\/05\/image-72.jpeg?resize=350%2C200","width":350,"height":200},"classes":[]}],"jetpack_likes_enabled":false,"jetpack_sharing_enabled":true,"_links":{"self":[{"href":"http:\/\/catolicasmexico.com\/blog\/wp-json\/wp\/v2\/posts\/432"}],"collection":[{"href":"http:\/\/catolicasmexico.com\/blog\/wp-json\/wp\/v2\/posts"}],"about":[{"href":"http:\/\/catolicasmexico.com\/blog\/wp-json\/wp\/v2\/types\/post"}],"author":[{"embeddable":true,"href":"http:\/\/catolicasmexico.com\/blog\/wp-json\/wp\/v2\/users\/2"}],"replies":[{"embeddable":true,"href":"http:\/\/catolicasmexico.com\/blog\/wp-json\/wp\/v2\/comments?post=432"}],"version-history":[{"count":3,"href":"http:\/\/catolicasmexico.com\/blog\/wp-json\/wp\/v2\/posts\/432\/revisions"}],"predecessor-version":[{"id":4713,"href":"http:\/\/catolicasmexico.com\/blog\/wp-json\/wp\/v2\/posts\/432\/revisions\/4713"}],"wp:featuredmedia":[{"embeddable":true,"href":"http:\/\/catolicasmexico.com\/blog\/wp-json\/wp\/v2\/media\/390"}],"wp:attachment":[{"href":"http:\/\/catolicasmexico.com\/blog\/wp-json\/wp\/v2\/media?parent=432"}],"wp:term":[{"taxonomy":"category","embeddable":true,"href":"http:\/\/catolicasmexico.com\/blog\/wp-json\/wp\/v2\/categories?post=432"},{"taxonomy":"post_tag","embeddable":true,"href":"http:\/\/catolicasmexico.com\/blog\/wp-json\/wp\/v2\/tags?post=432"}],"curies":[{"name":"wp","href":"https:\/\/api.w.org\/{rel}","templated":true}]}}