{"id":4302,"date":"2016-03-12T10:08:52","date_gmt":"2016-03-12T16:08:52","guid":{"rendered":"http:\/\/catolicasmexico.com\/blog\/la-comunion-en-la-mano-este-abuso-liturgico-empezo-por-la-desobediencia-y-se-ha-mantenido-por-la-desobediencia\/"},"modified":"2016-03-12T10:08:52","modified_gmt":"2016-03-12T16:08:52","slug":"la-comunion-en-la-mano-este-abuso-liturgico-empezo-por-la-desobediencia-y-se-ha-mantenido-por-la-desobediencia","status":"publish","type":"post","link":"http:\/\/catolicasmexico.com\/blog\/la-comunion-en-la-mano-este-abuso-liturgico-empezo-por-la-desobediencia-y-se-ha-mantenido-por-la-desobediencia\/","title":{"rendered":"\u00abLa comuni\u00f3n en la mano\u00bb Este abuso lit\u00fargico empez\u00f3 por la desobediencia y se ha mantenido por la desobediencia."},"content":{"rendered":"<p>La primera cosa qu\u00e9 hay que entender es que Vaticano segundo  NO instituy\u00f3 la practica de dar la communion en la mano. El cardinal Albert Malcolm Ranjith anteriormente secretario de la Congregaci\u00f3n del Divino culto disip\u00f3 este mito en la profase del libro \u00abDominus Este\u00bb &#8211; Es el Se\u00f1or\u00bb escrito por el obispo Athanasius Schneider  de Astana, Kazajist\u00e1n.<br \/>\nEn la prefacio escribi\u00f3:<\/p>\n<p>\u00bb pienso que ahora es el momento de evaluar con cuidado la pr\u00e1ctica de distribuir la Comuni\u00f3n en la mano y si necesario abandonar lo que nunca fue pedido por los documentos de Vaticano II \u00abSacrosanctum Concilium\u00bb y tampoco por los Padres conciliares pero que fue aceptado de facto (de hecho) despu\u00e9s de ser introducido por el abuso en algunos pa\u00edses.<br \/>\nEl abuso al que se refiere el cardenal fue llevado acabo principalmente en Holanda por los prelados Cardenal Leo Suenens de B\u00e9lgica y Cardenal Bernardus Alfrink de Holanda.<br \/>\nEl arzobispo Annibale Bugnini prefecto De la Congr\u00e9gation del divino culto al final de la d\u00e9cada de los a\u00f1os 60, cuando empez\u00f3 este abuso lit\u00fargico escribi\u00f3 sobre esos incidentes en un tomo de sus memorias \u00bb la reforma de la liturgia 1948-1975&#8243;.<br \/>\nEn la p\u00e1gina 640 de su trabajo Bugnini  incluye un resumen de la Comisi\u00f3n lit\u00fargica del Vaticano &#8211; el Consilium &#8211; dirigido al cardenal Alfrink en 1965:<\/p>\n<p>\u00bb La manera tradicional de distribuir la comuni\u00f3n debe ser mantenida. El Santo Padre no piensa que sea  correcto que la Hostia Consagrada sea distribuida en la mano y despu\u00e9s recibida de cualquier manera por los mismos fieles. Es por eso que pide urgentemente a la conferencia de Holanda de adoptar unas reglas apropiadas con el objetivo que la manera tradicional de recibir la comuni\u00f3n sea restaurada en todos lugares\u00bb &#8230;. eso y otros avisos no tuvieron efecto.<br \/>\nLos Cardenales de Holanda respondieron a estos avisos de obedec\u00eda al Vaticano; que ya no era posible detener la propagaci\u00f3n en sus di\u00f3cesis de pr\u00e1ctica de la distribuci\u00f3n de la comuni\u00f3n en la mano.<br \/>\nLa Iglesia Cat\u00f3lica tiene leyes lit\u00fargicas muy antiguas que dicen que la comuni\u00f3n tiene que darse sobre la lengua. Fue en ese momento que  Suenens y Alfrink pidieron un indulto ( permiso especial) para permitir la comuni\u00f3n en la mano.  hicieron esto en lugar de obedecer la Orden del Santo Padre de detener  la propagaci\u00f3n de este abuso.<br \/>\nEl obispo Juan Rodolfo Laise,  un obispo de San Luis, Argentina escribi\u00f3 en la p\u00e1gina 39 de su libro \u00bb la comuni\u00f3n en la mano documentos y historia\u00bb:<br \/>\n\u00bb el 8 de mayo 1968, 3 a\u00f1os despu\u00e9s de pedir a la jerarqu\u00eda de Holanda de detener la comuni\u00f3n en la mano, los mismos prelados pidieron otra vez el indulto. Roma dijo otra vez que no, en esta ocasi\u00f3n fue hecha, via la Congr\u00e9gation sagrada de los ritos con las palabras \u00abnon expedire\u00bb (No es conveniente).\u00bb<br \/>\nHubo mucho m\u00e1s comunicaciones entre el Vaticano y los prelados de Holanda, para detener el abuso lit\u00fargico, sin \u00e9xito.<br \/>\nEsto fue la raz\u00f3n hist\u00f3rica para que el Papa Pablo VI ordenara a la Congregaci\u00f3n del Divino culto escribir la instrucci\u00f3n \u00abMemoriale Dominio\u00bb que reafirm\u00f3 los deseos de Roma de que la pr\u00e1ctica de la comuni\u00f3n sobre la lengua se mantuviera y que el abuso de la comuni\u00f3n en la mano no fuera propagada.<br \/>\nPero en las instrucciones incluyeron una estipulaci\u00f3n que en los lugares donde la comuni\u00f3n en la mano ya estaba establecida ( principalmente en Holanda en esa \u00e9poca), que los obispos pod\u00edan por voto secreto y con el consentimiento de dos tercios de los obispos pedir a Roma la legalizaci\u00f3n de este abuso.<br \/>\nRoma permitir\u00eda la pr\u00e1ctica pero solamente si se observaban l siete condiciones . Los obispos americanos, bajo la direcci\u00f3n del cardenal Joseph Bernardo, lograron evitar esas condiciones para imponer la comuni\u00f3n en la mano en los Estados Unidos de Norteam\u00e9rica.<br \/>\nLos prelados holandeses empezaron con la pr\u00e1ctica de la comuni\u00f3n en la mano ilegalmente despu\u00e9s de Vaticano II . Los prelados americanos obtuvieron el permiso por este abuso lit\u00fargico en los a\u00f1os 70 algunos sacerdotes en el mundo violan las condiciones que fueron hechas por Roma controlar esa pr\u00e1ctica.<\/p>\n<p>Art\u00edculo de Churchmilitant.com traducci\u00f3n y edici\u00f3n libre CM<\/p>\n","protected":false},"excerpt":{"rendered":"<p>La primera cosa qu\u00e9 hay que entender es que Vaticano segundo NO instituy\u00f3 la practica de dar la communion en la mano. El cardinal Albert Malcolm Ranjith anteriormente secretario de la Congregaci\u00f3n del Divino culto disip\u00f3 este mito en la profase del libro \u00abDominus Este\u00bb &#8211; Es el Se\u00f1or\u00bb escrito por el obispo Athanasius Schneider [&hellip;]<\/p>\n","protected":false},"author":1,"featured_media":4301,"comment_status":"open","ping_status":"open","sticky":false,"template":"","format":"standard","meta":{"spay_email":"","jetpack_publicize_message":"","jetpack_is_tweetstorm":false},"categories":[335,72,32,179,197],"tags":[873,874,875,283],"aioseo_notices":[],"jetpack_featured_media_url":"http:\/\/catolicasmexico.com\/blog\/wp-content\/uploads\/2016\/03\/IMG_0474.jpg","jetpack_publicize_connections":[],"jetpack_shortlink":"https:\/\/wp.me\/p3B5XH-17o","jetpack-related-posts":[{"id":4501,"url":"http:\/\/catolicasmexico.com\/blog\/un-sacerdote-fue-acusado-de-agresion-por-defender-la-santa-eucaristia-durante-una-misa-tradicional\/","url_meta":{"origin":4302,"position":0},"title":"Un sacerdote fue acusado de agresi\u00f3n por Defender la Santa Eucarist\u00eda durante una misa tradicional.","date":"2 mayo 2017","format":false,"excerpt":"Los hechos fueron reportados por hermanos cat\u00f3licos de Brasil en la ciudad de Niteroi cerca de la ciudad de R\u00edo de Janeiro. Durante la \u00faltima misa del mi\u00e9rcoles de cenizas, celebrada por el padre Anderson Batista da Silva, entr\u00f3 un hombre y empez\u00f3 a quejarse del rito, de los cantos\u2026","rel":"","context":"En \u00abataques contra la Iglesia Catolica\u00bb","img":{"alt_text":"","src":"https:\/\/i0.wp.com\/catolicasmexico.com\/blog\/wp-content\/uploads\/2017\/05\/brazil_report_002.jpg?resize=350%2C200","width":350,"height":200},"classes":[]},{"id":1484,"url":"http:\/\/catolicasmexico.com\/blog\/diez-objeciones-a-la-misa-tradicional\/","url_meta":{"origin":4302,"position":1},"title":"Diez objeciones a la Misa Tradicional","date":"3 agosto 2013","format":false,"excerpt":"Art\u00edculo de Religi\u00f3n en Libertad Tan grande es la confusi\u00f3n y falta de conocimiento sobre la misa tradicional que hemos querido resumir en 10 puntos las objeciones m\u00e1s habituales que se oyen entre la gente. Nuestra esperanza es contribuir a la aclaraci\u00f3n de ciertos puntos. 1) Fue abolida por el\u2026","rel":"","context":"En \u00abFe\u00bb","img":{"alt_text":"","src":"https:\/\/i0.wp.com\/catolicasmexico.com\/blog\/wp-content\/uploads\/2013\/08\/Misa-Tridentina2.jpg?resize=350%2C200","width":350,"height":200},"classes":[]},{"id":184,"url":"http:\/\/catolicasmexico.com\/blog\/padre-asesinado-en-barranquilla\/","url_meta":{"origin":4302,"position":2},"title":"Padre asesinado en barranquilla.","date":"8 mayo 2013","format":false,"excerpt":"BOGOT\u00c1, 07 May. 13 \/ 04:05 pm (ACI\/EWTN Noticias).- La Conferencia Episcopal de Colombia (CEC) lament\u00f3 el \"atroz\" asesinato del P. Jos\u00e9 Antonio Valle Bayona, que recibi\u00f3 17 pu\u00f1aladas -la mayor\u00eda en la cara y el cuello- y cuyo cuerpo fue encontrado en una acequia en una zona rural de\u2026","rel":"","context":"En \u00abIglesia cat\u00f3lica\u00bb","img":{"alt_text":"","src":"https:\/\/i2.wp.com\/catolicasmexico.com\/blog\/wp-content\/uploads\/2013\/05\/image-4.jpeg?resize=350%2C200","width":350,"height":200},"classes":[]},{"id":3744,"url":"http:\/\/catolicasmexico.com\/blog\/al-sonar-con-santo-tomas-de-aquino-un-abortista-con-mas-de-40-000-abortos-se-convirtio-en-una-activista-pro-vida\/","url_meta":{"origin":4302,"position":3},"title":"Al so\u00f1ar con Santo Tom\u00e1s de Aquino Un abortista con m\u00e1s de 40 000 abortos se convirti\u00f3 en una activista pro-vida","date":"7 mayo 2015","format":false,"excerpt":"\"Saqu\u00e9 este pegote diciendo que deb\u00edan ser fragmentos de huesos y lo puse sobre la tela. Mir\u00e9 y v\u00ed un coraz\u00f3n humano, que se encog\u00eda y que lat\u00eda y lat\u00eda...Me volv\u00ed loco, V\u00ed el coraz\u00f3n batir despacio, m\u00e1s despacio, m\u00e1s lentamente, hasta que se detuvo completamente. Nadie pod\u00eda ver lo\u2026","rel":"","context":"En \u00abAborto\u00bb","img":{"alt_text":"","src":"https:\/\/i1.wp.com\/catolicasmexico.com\/blog\/wp-content\/uploads\/2015\/05\/20150507-124817.jpg?resize=350%2C200","width":350,"height":200},"classes":[]},{"id":2784,"url":"http:\/\/catolicasmexico.com\/blog\/la-beata-laura-vicuna-y-el-cardenal-kasper-por-christopher-fleming\/","url_meta":{"origin":4302,"position":4},"title":"La Beata Laura Vicu\u00f1a y el Cardenal Kasper \u2013 Por Christopher Fleming","date":"28 marzo 2014","format":false,"excerpt":"Del sitio Nacionalismo Cat\u00f3lico San Juan Bautista El jueves 6 marzo tuve la dicha de asistir a la presentaci\u00f3n en Murcia del libro Al Cielo con Calcetines Cortos de Javier Paredes. El libro es la \u201csecuela\u201d de otro, titulado Santos de Pantal\u00f3n Corto. En este librito (se lee en un\u2026","rel":"","context":"En \u00abFamilia\u00bb","img":{"alt_text":"","src":"","width":0,"height":0},"classes":[]},{"id":1562,"url":"http:\/\/catolicasmexico.com\/blog\/cardenal-invita-a-peregrinar-a-la-catedral-de-mexico-memoria-viva-de-la-fe\/","url_meta":{"origin":4302,"position":5},"title":"Cardenal invita a peregrinar a la Catedral de M\u00e9xico, \u201cmemoria viva\u201d de la fe.","date":"9 agosto 2013","format":false,"excerpt":"M\u00c9XICO D.F., 09 Ago. 13 \/ 04:29 am (ACI\/EWTN Noticias).- El Arzobispo de M\u00e9xico (M\u00e9xico), Cardenal Norberto Rivera, invit\u00f3 a los fieles a peregrinar a la Catedral Metropolitana, que este a\u00f1o celebra el jubileo por el Bicentenario de la culminaci\u00f3n de su construcci\u00f3n, y mostrar \u201cas\u00ed su comuni\u00f3n con la\u2026","rel":"","context":"En \u00abFe\u00bb","img":{"alt_text":"","src":"","width":0,"height":0},"classes":[]}],"jetpack_likes_enabled":false,"jetpack_sharing_enabled":true,"_links":{"self":[{"href":"http:\/\/catolicasmexico.com\/blog\/wp-json\/wp\/v2\/posts\/4302"}],"collection":[{"href":"http:\/\/catolicasmexico.com\/blog\/wp-json\/wp\/v2\/posts"}],"about":[{"href":"http:\/\/catolicasmexico.com\/blog\/wp-json\/wp\/v2\/types\/post"}],"author":[{"embeddable":true,"href":"http:\/\/catolicasmexico.com\/blog\/wp-json\/wp\/v2\/users\/1"}],"replies":[{"embeddable":true,"href":"http:\/\/catolicasmexico.com\/blog\/wp-json\/wp\/v2\/comments?post=4302"}],"version-history":[{"count":0,"href":"http:\/\/catolicasmexico.com\/blog\/wp-json\/wp\/v2\/posts\/4302\/revisions"}],"wp:featuredmedia":[{"embeddable":true,"href":"http:\/\/catolicasmexico.com\/blog\/wp-json\/wp\/v2\/media\/4301"}],"wp:attachment":[{"href":"http:\/\/catolicasmexico.com\/blog\/wp-json\/wp\/v2\/media?parent=4302"}],"wp:term":[{"taxonomy":"category","embeddable":true,"href":"http:\/\/catolicasmexico.com\/blog\/wp-json\/wp\/v2\/categories?post=4302"},{"taxonomy":"post_tag","embeddable":true,"href":"http:\/\/catolicasmexico.com\/blog\/wp-json\/wp\/v2\/tags?post=4302"}],"curies":[{"name":"wp","href":"https:\/\/api.w.org\/{rel}","templated":true}]}}