{"id":4273,"date":"2016-03-01T08:46:20","date_gmt":"2016-03-01T14:46:20","guid":{"rendered":"http:\/\/catolicasmexico.com\/blog\/una-madre-australiana-embarazada-de-quintillizos-se-niega-a-abortar\/"},"modified":"2016-03-01T08:46:20","modified_gmt":"2016-03-01T14:46:20","slug":"una-madre-australiana-embarazada-de-quintillizos-se-niega-a-abortar","status":"publish","type":"post","link":"http:\/\/catolicasmexico.com\/blog\/una-madre-australiana-embarazada-de-quintillizos-se-niega-a-abortar\/","title":{"rendered":"Una madre australiana embarazada de quintillizos se niega a abortar.\u00a0"},"content":{"rendered":"<p>Por Nancy Flanders de lifenews.com del sitio www.cqv.cq.ca traducci\u00f3n CM<\/p>\n<p>Kim Tucci y su marido eran padres de dos ni\u00f1as cuando decidieron tener otro beb\u00e9, con la esperanza de agregar a un ni\u00f1o a su familia. Nunca hubieran pensado que se embarazar\u00eda de  cinco beb\u00e9s: el ni\u00f1o que esperaban adem\u00e1s de cuatro ni\u00f1as.<\/p>\n<p>Tucci estaba  euf\u00f3rico al saber que estaba embarazada a pesar de la endometriosis diagnosticada previamente. Sin embargo, como relata en la historia en su Facebook, cuando se enter\u00f3 que ella estaba esperando el quinto ni\u00f1o, ella no pod\u00eda parar de re\u00edr.\u00a1\u00bbEl doctor comenzaron a contar, uno, dos, tres, cuatro, cinco! \u00bfEs lo que escuch\u00e9? \u00bfCINCO? Mis piernas comenzaron a temblar incontrolablemente y no pod\u00eda parar de re\u00edr. [\u2026] \u00abPod\u00eda leer la emoci\u00f3n de mi esposo cuando me dijo:\u00bbPodemos lograrlo\u00bb.<\/p>\n<p>&nbsp;<a href=\"http:\/\/catolicasmexico.com\/blog\/wp-content\/uploads\/2016\/03\/IMG_0458.png\"><img src=\"http:\/\/catolicasmexico.com\/blog\/wp-content\/uploads\/2016\/03\/IMG_0458.png\" alt=\"\"  \/> <\/a>&nbsp;<br \/>\nCaptura de la pantalla del video de la ecograf\u00eda en Facebook.<\/p>\n<p>Pero Tucci revel\u00f3 el 26 de septiembre que ten\u00eda &#8216;miedo a lo desconocido&#8217;, y que los m\u00e9dicos les aconsejaron de  abortar algunos de sus beb\u00e9s. \u00abDespu\u00e9s de mi primera ecograf\u00eda, me dijeron que pod\u00eda considerar el m\u00e9todo de selecci\u00f3n que le dar\u00eda una mejor oportunidad de supervivencia a dos de mis hijos, dice. Vi un video del procedimiento en YouTube y me puse a llorar. \u00a1Nunca podr\u00eda hacer eso! \u00bfEra ego\u00edsta de mi parte la oportunidad de vivir solo a los dos beb\u00e9s? Lo \u00fanico que sab\u00eda era que yo los amaba ya y que cada latido de su coraz\u00f3n nos conectaba aun m\u00e1s.<\/p>\n<p>Para m\u00ed, la vida comienza tan pronto como el coraz\u00f3n late. Todo lo que s\u00e9 es que har\u00e9 todo lo que pueda para nazcan en buen estado de salud. \u00bb<br \/>\nTucci tiene 29 semanas de embarazo. Ella se siente \u00abmuy inc\u00f3moda\u00bb y \u00abcon mucho dolor\u00bb. Pero ella est\u00e1 agradecida por los mensajes de apoyo que ha recibido su familia, as\u00ed como por la buena salud de sus beb\u00e9s.<br \/>\n\u00abMi marido siempre me recuerda que tengo que estar orgullosa de mis estr\u00edas y lo que ha hecho mi cuerpo, escribi\u00f3 en Facebook. Sin \u00e9l, probablemente hab\u00eda renunciado hace mucho tiempo. [\u2026] \u00bfesto vale la pena? \u00a1 S\u00ed! Voy a seguir a luchando. \u00bb<br \/>\n&nbsp;<\/p>\n<p>&nbsp;<\/p>\n","protected":false},"excerpt":{"rendered":"<p>Por Nancy Flanders de lifenews.com del sitio www.cqv.cq.ca traducci\u00f3n CM Kim Tucci y su marido eran padres de dos ni\u00f1as cuando decidieron tener otro beb\u00e9, con la esperanza de agregar a un ni\u00f1o a su familia. Nunca hubieran pensado que se embarazar\u00eda de cinco beb\u00e9s: el ni\u00f1o que esperaban adem\u00e1s de cuatro ni\u00f1as. Tucci estaba [&hellip;]<\/p>\n","protected":false},"author":1,"featured_media":4271,"comment_status":"open","ping_status":"open","sticky":false,"template":"","format":"standard","meta":{"spay_email":"","jetpack_publicize_message":"","jetpack_is_tweetstorm":false},"categories":[9,27,15],"tags":[864,85],"aioseo_notices":[],"jetpack_featured_media_url":"http:\/\/catolicasmexico.com\/blog\/wp-content\/uploads\/2016\/03\/IMG_0457.jpg","jetpack_publicize_connections":[],"jetpack_shortlink":"https:\/\/wp.me\/p3B5XH-16V","jetpack-related-posts":[{"id":4409,"url":"http:\/\/catolicasmexico.com\/blog\/nace-un-bebe-milagrosamente-al-sobrevivir-a-un-aborto-a-las-7-semanas-de-gestacion\/","url_meta":{"origin":4273,"position":0},"title":"Nace un beb\u00e9 milagrosamente al sobrevivir a un aborto a las 7 semanas de gestaci\u00f3n.","date":"9 junio 2016","format":false,"excerpt":"Vicky Harper, de 24 a\u00f1os viv\u00eda una situaci\u00f3n financiera dif\u00edcil cuando descubri\u00f3 que estaba embarazada de su tercer hijo. Preocupada y asustada, decidi\u00f3 que era mejor abortar a su beb\u00e9.\u00a0 Su novio Kennan McIvor, de 19 a\u00f1os, le asegur\u00f3 que estaba dispuesto a cuidar de ella y el beb\u00e9, pero\u2026","rel":"","context":"En \u00abAborto\u00bb","img":{"alt_text":"","src":"https:\/\/i1.wp.com\/catolicasmexico.com\/blog\/wp-content\/uploads\/2016\/06\/IMG_0689.jpg?resize=350%2C200","width":350,"height":200},"classes":[]},{"id":695,"url":"http:\/\/catolicasmexico.com\/blog\/tuvo-cinco-abortos-pero-luego-encontro-a-jesus-y-ahora-es-un-lider-pro-vida\/","url_meta":{"origin":4273,"position":1},"title":"Tuvo cinco abortos, pero luego encontr\u00f3 a Jes\u00fas y ahora es un l\u00edder pro-vida","date":"4 junio 2013","format":false,"excerpt":"Noticia de liveActionNews.org Por Christina Martin. Traducci\u00f3n del ingl\u00e9s y edici\u00f3n Alejandro P. de www.catolicasmexico.com Lunes, 03 de junio de 2013 9:54 EST \u00a0 3 De junio del 2013 (LiveActionNews.org) - Iman Essiet no quer\u00eda ser otra estad\u00edstica. Sin embargo, esta hermosa mujer afroamericana qued\u00f3 embarazada cuando ten\u00eda s\u00f3lo 16\u2026","rel":"","context":"En \u00abAborto\u00bb","img":{"alt_text":"","src":"https:\/\/i2.wp.com\/catolicasmexico.com\/blog\/wp-content\/uploads\/2013\/06\/Iman2-240x240.jpg?resize=350%2C200","width":350,"height":200},"classes":[]},{"id":4229,"url":"http:\/\/catolicasmexico.com\/blog\/bendito-sea-dios-gemelitas-sobreviven-milagrosamente-un-embarazo-ectopico\/","url_meta":{"origin":4273,"position":2},"title":"\u00a1Bendito sea Dios! Gemelitas sobreviven milagrosamente un embarazo ect\u00f3pico.","date":"29 enero 2016","format":false,"excerpt":"Por Nancy Flanders de LiveActionNews - traducido por CM del sitio www.cqv.ca.cq 05 de enero de 2016 - en enero de 2013, Natalie Whitefox estaba en su tercer embarazo ect\u00f3pico y deb\u00eda realizar una cirug\u00eda que le extirpar\u00eda la \u00faltima trompa de Falopio que le quedaba y al mismo tiempo\u2026","rel":"","context":"En \u00abEEUU\u00bb","img":{"alt_text":"","src":"https:\/\/i1.wp.com\/catolicasmexico.com\/blog\/wp-content\/uploads\/2016\/01\/IMG_0434.jpg?resize=350%2C200","width":350,"height":200},"classes":[]},{"id":3879,"url":"http:\/\/catolicasmexico.com\/blog\/no-abortaras-el-dia-de-hoy-la-enfermera-que-cambio-mi-vida\/","url_meta":{"origin":4273,"position":3},"title":"' No abortar\u00e1s el d\u00eda de hoy ': -la enfermera que cambi\u00f3 mi vida-","date":"15 julio 2015","format":false,"excerpt":"...\"En el piso de la sala de operaciones, no pod\u00eda imaginar el ma\u00f1ana, mucho menos nueve meses, \u00bfc\u00f3mo podr\u00eda continuar con este embarazo? riesgo de avergonzar a mi familia y decepcionar a todos aquellos me atormentaba. Por Amy Ford de PregnancyHelpNews del sitio www.qcv.qc.ca traducido por CM \"Estaba tirada en\u2026","rel":"","context":"En \u00abAborto\u00bb","img":{"alt_text":"","src":"https:\/\/i0.wp.com\/catolicasmexico.com\/blog\/wp-content\/uploads\/2015\/07\/20150715-113600.jpg?resize=350%2C200","width":350,"height":200},"classes":[]},{"id":3778,"url":"http:\/\/catolicasmexico.com\/blog\/un-pequeno-milagro-sobrevive-a-un-aborto-a-las-26-semanas\/","url_meta":{"origin":4273,"position":4},"title":"Un \"peque\u00f1o milagro\" sobrevive a un aborto a las 26 semanas","date":"27 mayo 2015","format":false,"excerpt":"Por LiveActionNews - Art\u00edculo de CQV traducci\u00f3n CM Un peque\u00f1o bebe que logr\u00f3 sobrevivir a un aborto tard\u00edo, ha sido apodado el \"peque\u00f1o milagro\" por el juez que dio la custodia a la familia paterna. El peque\u00f1o 'a.' naci\u00f3 en agosto de 2013, de 26 semanas de embarazo tras un\u2026","rel":"","context":"En \u00abAborto\u00bb","img":{"alt_text":"","src":"https:\/\/i0.wp.com\/catolicasmexico.com\/blog\/wp-content\/uploads\/2015\/05\/20150527-125316.jpg?resize=350%2C200","width":350,"height":200},"classes":[]},{"id":3786,"url":"http:\/\/catolicasmexico.com\/blog\/su-marido-queria-un-nino-entonces-ella-aborto-18-veces-antes-de-tener-un-varon\/","url_meta":{"origin":4273,"position":5},"title":"Su marido quer\u00eda un ni\u00f1o, entonces ella abort\u00f3 18 veces antes de tener un var\u00f3n","date":"4 junio 2015","format":false,"excerpt":"El aborto selectivo es un problema internacional \u2014 y el fen\u00f3meno es m\u00e1s frecuente en el sudeste asi\u00e1tico. En naciones como China e India, las ni\u00f1as son abortadas rutinariamente porque las costumbres culturales a favorecen a los varones. Vietnam, por desgracia, no es una excepci\u00f3n. \u00a0 Y es all\u00ed donde\u2026","rel":"","context":"En \u00abAborto\u00bb","img":{"alt_text":"","src":"https:\/\/i1.wp.com\/catolicasmexico.com\/blog\/wp-content\/uploads\/2015\/06\/vietnam.jpg?resize=350%2C200","width":350,"height":200},"classes":[]}],"jetpack_likes_enabled":false,"jetpack_sharing_enabled":true,"_links":{"self":[{"href":"http:\/\/catolicasmexico.com\/blog\/wp-json\/wp\/v2\/posts\/4273"}],"collection":[{"href":"http:\/\/catolicasmexico.com\/blog\/wp-json\/wp\/v2\/posts"}],"about":[{"href":"http:\/\/catolicasmexico.com\/blog\/wp-json\/wp\/v2\/types\/post"}],"author":[{"embeddable":true,"href":"http:\/\/catolicasmexico.com\/blog\/wp-json\/wp\/v2\/users\/1"}],"replies":[{"embeddable":true,"href":"http:\/\/catolicasmexico.com\/blog\/wp-json\/wp\/v2\/comments?post=4273"}],"version-history":[{"count":0,"href":"http:\/\/catolicasmexico.com\/blog\/wp-json\/wp\/v2\/posts\/4273\/revisions"}],"wp:featuredmedia":[{"embeddable":true,"href":"http:\/\/catolicasmexico.com\/blog\/wp-json\/wp\/v2\/media\/4271"}],"wp:attachment":[{"href":"http:\/\/catolicasmexico.com\/blog\/wp-json\/wp\/v2\/media?parent=4273"}],"wp:term":[{"taxonomy":"category","embeddable":true,"href":"http:\/\/catolicasmexico.com\/blog\/wp-json\/wp\/v2\/categories?post=4273"},{"taxonomy":"post_tag","embeddable":true,"href":"http:\/\/catolicasmexico.com\/blog\/wp-json\/wp\/v2\/tags?post=4273"}],"curies":[{"name":"wp","href":"https:\/\/api.w.org\/{rel}","templated":true}]}}