{"id":4231,"date":"2016-02-16T09:20:30","date_gmt":"2016-02-16T15:20:30","guid":{"rendered":"http:\/\/catolicasmexico.com\/blog\/?p=4231"},"modified":"2017-07-21T23:30:16","modified_gmt":"2017-07-22T04:30:16","slug":"por-primera-vez-el-reino-unido-subvenciona-la-modificacion-genetica-de-embriones","status":"publish","type":"post","link":"http:\/\/catolicasmexico.com\/blog\/por-primera-vez-el-reino-unido-subvenciona-la-modificacion-genetica-de-embriones\/","title":{"rendered":"Por primera vez, el Reino Unido subvenciona la modificaci\u00f3n gen\u00e9tica de embriones"},"content":{"rendered":"<p><a href=\"http:\/\/infocatolica.com\/?t=noticia&amp;cod=25881&amp;utm_medium=ic&amp;utm_source=nav&amp;utm_campaign=navnot\" target=\"_blank\">Se autoriza en Reino Unido la modificaci\u00f3n gen\u00e9tica de seres humanos<\/a>. Uno de los objetivos, dicen, es ampliar la ciencia sobre la fecundaci\u00f3n <em>in vitro<\/em> y hacerla m\u00e1s segura. Los embriones, aseguran, no se implantar\u00e1n en mujeres cuando termine el estudio de dos semanas; es decir, las personas ser\u00e1n matadas.<\/p>\n","protected":false},"excerpt":{"rendered":"<p>Se autoriza en Reino Unido la modificaci\u00f3n gen\u00e9tica de seres humanos. Uno de los objetivos, dicen, es ampliar la ciencia sobre la fecundaci\u00f3n in vitro y hacerla m\u00e1s segura. Los embriones, aseguran, no se implantar\u00e1n en mujeres cuando termine el estudio de dos semanas; es decir, las personas ser\u00e1n matadas.<\/p>\n","protected":false},"author":10,"featured_media":4248,"comment_status":"open","ping_status":"open","sticky":false,"template":"","format":"link","meta":{"spay_email":"","jetpack_publicize_message":"","jetpack_is_tweetstorm":false},"categories":[32,18],"tags":[848,846,847],"aioseo_notices":[],"jetpack_featured_media_url":"http:\/\/catolicasmexico.com\/blog\/wp-content\/uploads\/2016\/02\/IMG_0454.jpg","jetpack_publicize_connections":[],"jetpack_shortlink":"https:\/\/wp.me\/p3B5XH-16f","jetpack-related-posts":[{"id":1338,"url":"http:\/\/catolicasmexico.com\/blog\/el-gobierno-socialista-frances-ofrece-50-000-embriones-congelados-a-las-industrias-farmaceuticas\/","url_meta":{"origin":4231,"position":0},"title":"El gobierno  socialista franc\u00e9s ofrece 50.000 embriones  congelados a las industrias farmac\u00e9uticas","date":"19 julio 2013","format":false,"excerpt":"Del blog www.cqv.qc.ca Traducci\u00f3n y edici\u00f3n libre www.catolicasmexico.com El Parlamento franc\u00e9s aprob\u00f3 un proyecto de ley que permite la investigaci\u00f3n en embriones y c\u00e9lulas madres embrionarias, a pesar de la fuerte oposici\u00f3n de la derecha y de asociaciones religiosas diversas. La legislaci\u00f3n determina una prohibici\u00f3n en la investigaci\u00f3n sobre embriones\u2026","rel":"","context":"En \u00abFecundaci\u00f3n in-vitro\u00bb","img":{"alt_text":"","src":"","width":0,"height":0},"classes":[]},{"id":106,"url":"http:\/\/catolicasmexico.com\/blog\/el-derecho-a-la-vida\/","url_meta":{"origin":4231,"position":1},"title":"El DERECHO A LA VIDA.","date":"29 abril 2013","format":false,"excerpt":"HERN\u00c1N COLLADO MART\u00cdNEZ\u00a0PROFESOR EM\u00c9RITO DE LA U.C.R.\u00a012:00 A.M.\u00a006\/05\/2011 La defensa de la vida no es una opci\u00f3n religiosa o dogm\u00e1tica, sino un derecho natural de convivencia humana. La vida constituye el primero y fundamental derecho; si no logra tener vida, ninguna persona podr\u00eda disfrutar de los restantes derechos humanos. La\u2026","rel":"","context":"En \u00abAborto\u00bb","img":{"alt_text":"","src":"https:\/\/i2.wp.com\/catolicasmexico.com\/blog\/wp-content\/uploads\/2013\/05\/ppbebevientre03042013.jpg?resize=350%2C200","width":350,"height":200},"classes":[]},{"id":2972,"url":"http:\/\/catolicasmexico.com\/blog\/que-mexico-viva-nuevo-leon-ama-la-vida-y-en-guerrero-la-propuesta-de-ley-proaborto-es-congelada\/","url_meta":{"origin":4231,"position":2},"title":"\u00a1Que M\u00e9xico Viva!...\u00a1Nuevo Le\u00f3n Ama la Vida\u2026 ! y En Guerrero la propuesta de ley proaborto es congelada.","date":"29 mayo 2014","format":false,"excerpt":"Nuevo Le\u00f3n en M\u00e9xico blinda la vida contra el aborto y en Guerrero el proyecto de ley de pro-aborto es detenida. M\u00e9xico: Congreso de Guerrero cancela debate sobre ley pro aborto M\u00c9XICO D.F., 15 May. 14 \/ 08:35 pm (ACI).- El Congreso del estado de Guerrero en M\u00e9xico cancel\u00f3 la\u2026","rel":"","context":"En \u00abAborto\u00bb","img":{"alt_text":"","src":"https:\/\/i0.wp.com\/catolicasmexico.com\/blog\/wp-content\/uploads\/2014\/05\/20140529-225747.jpg?resize=350%2C200","width":350,"height":200},"classes":[]},{"id":4445,"url":"http:\/\/catolicasmexico.com\/blog\/agencias-de-la-onu-presionan-a-la-iglesia-catolica-sobre-contracepcion-homosexualidad-y-masturbacion\/","url_meta":{"origin":4231,"position":3},"title":"Agencias de la ONU presionan a la Iglesia cat\u00f3lica sobre contracepci\u00f3n, homosexualidad y masturbaci\u00f3n","date":"4 octubre 2016","format":false,"excerpt":"Austin Ruse | Nueva York | 15 de septiembre de 2016 (Atribuci\u00f3n: www.all-free-photos.com) (Nueva York, C-FAM) Tres poderosas agencias de la ONU patrocinan la publicaci\u00f3n de un documento, la semana que viene, en el que se llama a la Iglesia cat\u00f3lica a cambiar sus ense\u00f1anzas, no solo en cuanto a\u2026","rel":"","context":"En \u00abAborto\u00bb","img":{"alt_text":"","src":"https:\/\/i2.wp.com\/catolicasmexico.com\/blog\/wp-content\/uploads\/2016\/11\/PI44938-hr.jpg?resize=350%2C200","width":350,"height":200},"classes":[]},{"id":1471,"url":"http:\/\/catolicasmexico.com\/blog\/el-comercio-de-fetos-o-ninos-no-natos-para-fines-esteticos\/","url_meta":{"origin":4231,"position":4},"title":"El Comercio de fetos o  ni\u00f1os no natos  para... \u00a1fines est\u00e9ticos!  (...)","date":"31 julio 2013","format":false,"excerpt":"Del blog de www.cqv.cq.ca original del sitio fren.ruvr.ru Traducci\u00f3n y edici\u00f3n libre Monica Y. A. de www.catolicasmexico.com NEOCUTIS necesita de las c\u00e9lulas de fetos abortados para producir estos productos milagrosos. Cuando la belleza de algunas personas se basa en la muerte de otros. Hasta hace poco, la informaci\u00f3n sobre la\u2026","rel":"","context":"En \u00abAborto\u00bb","img":{"alt_text":"","src":"https:\/\/i0.wp.com\/catolicasmexico.com\/blog\/wp-content\/uploads\/2013\/07\/20130731-140928.jpg?resize=350%2C200","width":350,"height":200},"classes":[]},{"id":1018,"url":"http:\/\/catolicasmexico.com\/blog\/crece-la-hostilidad-contra-los-cristianos-en-europa\/","url_meta":{"origin":4231,"position":5},"title":"Crece la hostilidad contra los cristianos en Europa.","date":"1 julio 2013","format":false,"excerpt":"Created on Saturday, 29 June 2013 13:31 Written by Wendy Wright NUEVA YORK, 28 de junio (C-FAM) Los cristianos en Europa son v\u00edctimas de arrestos, multas, actos vand\u00e1licos, y sanciones profesionales debido a una corriente de intolerancia social y restricciones gubernamentales cada vez mayor, seg\u00fan un nuevo informe. Este vincula\u2026","rel":"","context":"En \u00abLegislaci\u00f3n\u00bb","img":{"alt_text":"","src":"","width":0,"height":0},"classes":[]}],"jetpack_likes_enabled":false,"jetpack_sharing_enabled":true,"_links":{"self":[{"href":"http:\/\/catolicasmexico.com\/blog\/wp-json\/wp\/v2\/posts\/4231"}],"collection":[{"href":"http:\/\/catolicasmexico.com\/blog\/wp-json\/wp\/v2\/posts"}],"about":[{"href":"http:\/\/catolicasmexico.com\/blog\/wp-json\/wp\/v2\/types\/post"}],"author":[{"embeddable":true,"href":"http:\/\/catolicasmexico.com\/blog\/wp-json\/wp\/v2\/users\/10"}],"replies":[{"embeddable":true,"href":"http:\/\/catolicasmexico.com\/blog\/wp-json\/wp\/v2\/comments?post=4231"}],"version-history":[{"count":2,"href":"http:\/\/catolicasmexico.com\/blog\/wp-json\/wp\/v2\/posts\/4231\/revisions"}],"predecessor-version":[{"id":4233,"href":"http:\/\/catolicasmexico.com\/blog\/wp-json\/wp\/v2\/posts\/4231\/revisions\/4233"}],"wp:featuredmedia":[{"embeddable":true,"href":"http:\/\/catolicasmexico.com\/blog\/wp-json\/wp\/v2\/media\/4248"}],"wp:attachment":[{"href":"http:\/\/catolicasmexico.com\/blog\/wp-json\/wp\/v2\/media?parent=4231"}],"wp:term":[{"taxonomy":"category","embeddable":true,"href":"http:\/\/catolicasmexico.com\/blog\/wp-json\/wp\/v2\/categories?post=4231"},{"taxonomy":"post_tag","embeddable":true,"href":"http:\/\/catolicasmexico.com\/blog\/wp-json\/wp\/v2\/tags?post=4231"}],"curies":[{"name":"wp","href":"https:\/\/api.w.org\/{rel}","templated":true}]}}