{"id":4229,"date":"2016-01-29T07:55:57","date_gmt":"2016-01-29T13:55:57","guid":{"rendered":"http:\/\/catolicasmexico.com\/blog\/bendito-sea-dios-gemelitas-sobreviven-milagrosamente-un-embarazo-ectopico\/"},"modified":"2016-01-29T07:55:57","modified_gmt":"2016-01-29T13:55:57","slug":"bendito-sea-dios-gemelitas-sobreviven-milagrosamente-un-embarazo-ectopico","status":"publish","type":"post","link":"http:\/\/catolicasmexico.com\/blog\/bendito-sea-dios-gemelitas-sobreviven-milagrosamente-un-embarazo-ectopico\/","title":{"rendered":"\u00a1Bendito sea Dios! Gemelitas sobreviven milagrosamente un embarazo ect\u00f3pico."},"content":{"rendered":"<p>Por Nancy Flanders de LiveActionNews &#8211; traducido por CM del sitio www.cqv.ca.cq<br \/>\n05 de enero de 2016 &#8211; en enero de 2013, Natalie Whitefox estaba en su tercer embarazo ect\u00f3pico y deb\u00eda realizar una cirug\u00eda que le extirpar\u00eda la \u00faltima trompa de Falopio que le quedaba y al mismo tiempo el embri\u00f3n que llevaba en su interior. Sin embargo, contra todo pron\u00f3stico, el beb\u00e9 milagro se traslad\u00f3 hasta su \u00fatero, justo antes de la cirug\u00eda, y los doctores supieron que no era solo un beb\u00e9, sino dos.<br \/>\n\u00abQued\u00e9 anonadada\u00bb, dijo al \u00abMirror\u00bb. \u00abFue la mejor noticia. Asumimos el hecho de que tendr\u00edamos que perder a nuestro hijo para despu\u00e9s descubrir que \u00edbamos a tener gemelos. Nadie sabe como, pero nuestras hijas sobrevivieron. He llorado mucho, pero en esta ocasi\u00f3n  fueron l\u00e1grimas de alegr\u00eda.\u00bb<br \/>\nWhitefox a los 18 a\u00f1os fue diagnosticada con endometriosis. A pesar del temor de no poder tener hijos, ella y su pareja Ros Whitehead estaban felices y muy contentos de que su hijo Harry nacieran, ahora \u00e9l tiene 5  a\u00f1os, naci\u00f3 en 2010.<br \/>\nDesafortunadamente, Whitefox, tuvo dos embarazos ect\u00f3picos, que condujo a la p\u00e9rdida de dos hijos y la eliminaci\u00f3n de una de sus trompas de Falopio.<br \/>\nElla fue muy fel\u00edz, cuando le informaron que estaba embarazada otra vez, en enero de 2013, pero las exploraciones y el dolor de est\u00f3mago severo demostraron que otra vez viv\u00eda. un embarazo ect\u00f3pico.<br \/>\n\u00abMe sent\u00ed como si mi mundo se derrumbara \u00ab, dijo. \u00abQuer\u00eda acurrucarme en bola y nunca abrir los ojos. Pero 24 horas m\u00e1s tarde, las pruebas de sangre revelaron que a pesar de una de las trompas de falopio hab\u00eda sido extirpada, todav\u00eda estaba embarazada. No se sabe como el embri\u00f3n se desplaz\u00f3 hasta alcanzar el \u00fatero.\u00bb<br \/>\nWhitefox y Whitehead estaban sorprendidos, al igual que los m\u00e9dicos, los cuales advirtieron a la pareja que pod\u00eda tener un aborto. La pareja dijo que sus gemelas eran como un \u00abmilagro\u00bb. Heidi y Halle nacieron en buen estado de salud.<br \/>\nA los 16 meses, los gemelos caminaron al altar mientras sus padres se casaban.<br \/>\n\u00abHemos vivido una monta\u00f1a rusa durante los \u00faltimos cinco a\u00f1os y nunca en mis sue\u00f1os m\u00e1s locos que tuve, so\u00f1\u00e9 que tuviera dos hermosas ni\u00f1as como damas de honor en el d\u00eda de mi boda. El d\u00eda era tan perfecto. No podr\u00edamos estar m\u00e1s felices. Se sent\u00eda como si todas nuestras Navidades vinieran al mismo tiempo. \u00abSomos muy bendecidos al tener tres hijos adorables, ellos nos ayudaron a celebrar este d\u00eda tan especial.\u00bb<\/p>\n","protected":false},"excerpt":{"rendered":"<p>Por Nancy Flanders de LiveActionNews &#8211; traducido por CM del sitio www.cqv.ca.cq 05 de enero de 2016 &#8211; en enero de 2013, Natalie Whitefox estaba en su tercer embarazo ect\u00f3pico y deb\u00eda realizar una cirug\u00eda que le extirpar\u00eda la \u00faltima trompa de Falopio que le quedaba y al mismo tiempo el embri\u00f3n que llevaba en [&hellip;]<\/p>\n","protected":false},"author":1,"featured_media":4228,"comment_status":"open","ping_status":"open","sticky":false,"template":"","format":"standard","meta":{"spay_email":"","jetpack_publicize_message":"","jetpack_is_tweetstorm":false},"categories":[72,27,15,25],"tags":[840,841,828],"aioseo_notices":[],"jetpack_featured_media_url":"http:\/\/catolicasmexico.com\/blog\/wp-content\/uploads\/2016\/01\/IMG_0434.jpg","jetpack_publicize_connections":[],"jetpack_shortlink":"https:\/\/wp.me\/p3B5XH-16d","jetpack-related-posts":[{"id":4759,"url":"http:\/\/catolicasmexico.com\/blog\/un-bebe-de-35-semanas-de-embarazo-sobrevive-al-aborto-fue-salvado-por-la-enfermera-que-lo-oyo-llorar-dentro-de-una-bolsa-de-plastico\/","url_meta":{"origin":4229,"position":0},"title":"Un beb\u00e9 de 35 semanas de embarazo sobrevive al aborto; fue salvado por la enfermera que lo oy\u00f3 llorar dentro de una bolsa de pl\u00e1stico","date":"30 agosto 2017","format":false,"excerpt":"Par Cassy Fiano (LiveActionNews) \u2014 traducci\u00f3n al espa\u00f1ol CM.\u00a0 Un beb\u00e9 de 35 semanas de embarazo sobrevive al aborto; fue salvado por la enfermera que lo oy\u00f3 llorar dentro de una bolsa de pl\u00e1stico.\u00a0 La noticia viene de China y nos cuenta la historia de un bebito que sobrevivi\u00f3 al\u2026","rel":"","context":"En \u00abAborto\u00bb","img":{"alt_text":"","src":"https:\/\/i0.wp.com\/catolicasmexico.com\/blog\/wp-content\/uploads\/2017\/08\/img_0146.jpg?resize=350%2C200","width":350,"height":200},"classes":[]},{"id":3863,"url":"http:\/\/catolicasmexico.com\/blog\/se-negaron-a-abortar-a-su-bebe-con-trisomia-18-ahora-el-es-su-fuente-de-alegria\/","url_meta":{"origin":4229,"position":1},"title":"Se negaron a abortar a su beb\u00e9 con trisom\u00eda 18. Ahora \u00e9l es su \u201cfuente de alegr\u00eda\u201d","date":"13 julio 2015","format":false,"excerpt":"\u00a0 \u00a0 \u00a0 \u00a0 \u00a0 Por Lisa Bourne de LifeSiteNews\u00a0Traduccion libre de M. Pacheco para catolicasmexico.com 22 de abril 2015 \u2013 Se cree que en Gales, Alfie Hilman es el \u00fanico ni\u00f1o que vive con una enfermedad gen\u00e9tica rara, la trisom\u00eda 18 (s\u00edndrome de Edwards). Debido a este s\u00edndrome poco\u2026","rel":"","context":"En \u00abAborto\u00bb","img":{"alt_text":"","src":"https:\/\/i0.wp.com\/catolicasmexico.com\/blog\/wp-content\/uploads\/2015\/07\/alfie.jpg?resize=350%2C200","width":350,"height":200},"classes":[]},{"id":4409,"url":"http:\/\/catolicasmexico.com\/blog\/nace-un-bebe-milagrosamente-al-sobrevivir-a-un-aborto-a-las-7-semanas-de-gestacion\/","url_meta":{"origin":4229,"position":2},"title":"Nace un beb\u00e9 milagrosamente al sobrevivir a un aborto a las 7 semanas de gestaci\u00f3n.","date":"9 junio 2016","format":false,"excerpt":"Vicky Harper, de 24 a\u00f1os viv\u00eda una situaci\u00f3n financiera dif\u00edcil cuando descubri\u00f3 que estaba embarazada de su tercer hijo. Preocupada y asustada, decidi\u00f3 que era mejor abortar a su beb\u00e9.\u00a0 Su novio Kennan McIvor, de 19 a\u00f1os, le asegur\u00f3 que estaba dispuesto a cuidar de ella y el beb\u00e9, pero\u2026","rel":"","context":"En \u00abAborto\u00bb","img":{"alt_text":"","src":"https:\/\/i1.wp.com\/catolicasmexico.com\/blog\/wp-content\/uploads\/2016\/06\/IMG_0689.jpg?resize=350%2C200","width":350,"height":200},"classes":[]},{"id":1658,"url":"http:\/\/catolicasmexico.com\/blog\/esme-nacida-a-las-23-semanas-de-embarazo-gracias-a-la-perseverancia-de-sus-padres\/","url_meta":{"origin":4229,"position":3},"title":"Esme, nacida a las 23 semanas de embarazo, gracias a la perseverancia de sus padres...","date":"22 agosto 2013","format":false,"excerpt":"Esme, en el hospital, pesaba s\u00f3lo 420 gramos. Del blog www.cqv.cq.ca En el sitio de Paris Match del 17 de agosto de 2013: Traducci\u00f3n y edici\u00f3n www.catolicasmexico.com Esme Poulsom naci\u00f3 con tan s\u00f3lo 23 semanas en el vientre de su madre. Los M\u00e9dicos eran pesimistas, hab\u00edan anunciado a los padres\u2026","rel":"","context":"En \u00abEEUU\u00bb","img":{"alt_text":"","src":"","width":0,"height":0},"classes":[]},{"id":4020,"url":"http:\/\/catolicasmexico.com\/blog\/el-doctor-le-dijo-que-abortara-a-dos-de-ellos-milagrosamente-los-trillizos-celebran-su-primer-aniversario\/","url_meta":{"origin":4229,"position":4},"title":"El doctor le dijo que abortara a dos de ellos. Milagrosamente los trillizos celebran su primer aniversario.","date":"8 octubre 2015","format":false,"excerpt":"....\" la t\u00e9cnica General para la reducci\u00f3n selectiva es sumergir una aguja llena de cloruro de potasio en el coraz\u00f3n del beb\u00e9.Poco despu\u00e9s de que el producto qu\u00edmico penetra en el coraz\u00f3n del beb\u00e9, ocasionando un paro cardiaco. Este tipo de aborto se practica entre 9 a 13 semanas de\u2026","rel":"","context":"En \u00abAborto\u00bb","img":{"alt_text":"","src":"https:\/\/i2.wp.com\/catolicasmexico.com\/blog\/wp-content\/uploads\/2015\/10\/IMG_0311.jpg?resize=350%2C200","width":350,"height":200},"classes":[]},{"id":3778,"url":"http:\/\/catolicasmexico.com\/blog\/un-pequeno-milagro-sobrevive-a-un-aborto-a-las-26-semanas\/","url_meta":{"origin":4229,"position":5},"title":"Un \"peque\u00f1o milagro\" sobrevive a un aborto a las 26 semanas","date":"27 mayo 2015","format":false,"excerpt":"Por LiveActionNews - Art\u00edculo de CQV traducci\u00f3n CM Un peque\u00f1o bebe que logr\u00f3 sobrevivir a un aborto tard\u00edo, ha sido apodado el \"peque\u00f1o milagro\" por el juez que dio la custodia a la familia paterna. El peque\u00f1o 'a.' naci\u00f3 en agosto de 2013, de 26 semanas de embarazo tras un\u2026","rel":"","context":"En \u00abAborto\u00bb","img":{"alt_text":"","src":"https:\/\/i0.wp.com\/catolicasmexico.com\/blog\/wp-content\/uploads\/2015\/05\/20150527-125316.jpg?resize=350%2C200","width":350,"height":200},"classes":[]}],"jetpack_likes_enabled":false,"jetpack_sharing_enabled":true,"_links":{"self":[{"href":"http:\/\/catolicasmexico.com\/blog\/wp-json\/wp\/v2\/posts\/4229"}],"collection":[{"href":"http:\/\/catolicasmexico.com\/blog\/wp-json\/wp\/v2\/posts"}],"about":[{"href":"http:\/\/catolicasmexico.com\/blog\/wp-json\/wp\/v2\/types\/post"}],"author":[{"embeddable":true,"href":"http:\/\/catolicasmexico.com\/blog\/wp-json\/wp\/v2\/users\/1"}],"replies":[{"embeddable":true,"href":"http:\/\/catolicasmexico.com\/blog\/wp-json\/wp\/v2\/comments?post=4229"}],"version-history":[{"count":0,"href":"http:\/\/catolicasmexico.com\/blog\/wp-json\/wp\/v2\/posts\/4229\/revisions"}],"wp:featuredmedia":[{"embeddable":true,"href":"http:\/\/catolicasmexico.com\/blog\/wp-json\/wp\/v2\/media\/4228"}],"wp:attachment":[{"href":"http:\/\/catolicasmexico.com\/blog\/wp-json\/wp\/v2\/media?parent=4229"}],"wp:term":[{"taxonomy":"category","embeddable":true,"href":"http:\/\/catolicasmexico.com\/blog\/wp-json\/wp\/v2\/categories?post=4229"},{"taxonomy":"post_tag","embeddable":true,"href":"http:\/\/catolicasmexico.com\/blog\/wp-json\/wp\/v2\/tags?post=4229"}],"curies":[{"name":"wp","href":"https:\/\/api.w.org\/{rel}","templated":true}]}}