{"id":4217,"date":"2016-01-26T11:03:18","date_gmt":"2016-01-26T17:03:18","guid":{"rendered":"http:\/\/catolicasmexico.com\/blog\/?p=4217"},"modified":"2016-01-26T11:03:18","modified_gmt":"2016-01-26T17:03:18","slug":"la-onu-prepara-un-impuesto-mundial","status":"publish","type":"post","link":"http:\/\/catolicasmexico.com\/blog\/la-onu-prepara-un-impuesto-mundial\/","title":{"rendered":"La ONU prepara un impuesto mundial."},"content":{"rendered":"<p><a href=\"http:\/\/catolicasmexico.com\/blog\/wp-content\/uploads\/2016\/01\/un-flag-flying-pole-blue-sky-behind-it6082.jpg\"><img data-attachment-id=\"4218\" data-permalink=\"http:\/\/catolicasmexico.com\/blog\/la-onu-prepara-un-impuesto-mundial\/un-flag-flying-pole-blue-sky-behind-it6082\/\" data-orig-file=\"http:\/\/catolicasmexico.com\/blog\/wp-content\/uploads\/2016\/01\/un-flag-flying-pole-blue-sky-behind-it6082.jpg\" data-orig-size=\"480,332\" data-comments-opened=\"1\" data-image-meta=\"{&quot;aperture&quot;:&quot;0&quot;,&quot;credit&quot;:&quot;&quot;,&quot;camera&quot;:&quot;&quot;,&quot;caption&quot;:&quot;&quot;,&quot;created_timestamp&quot;:&quot;0&quot;,&quot;copyright&quot;:&quot;&quot;,&quot;focal_length&quot;:&quot;0&quot;,&quot;iso&quot;:&quot;0&quot;,&quot;shutter_speed&quot;:&quot;0&quot;,&quot;title&quot;:&quot;&quot;,&quot;orientation&quot;:&quot;0&quot;}\" data-image-title=\"un-flag-flying-pole-blue-sky-behind-it6082\" data-image-description=\"\" data-medium-file=\"http:\/\/catolicasmexico.com\/blog\/wp-content\/uploads\/2016\/01\/un-flag-flying-pole-blue-sky-behind-it6082-300x208.jpg\" data-large-file=\"http:\/\/catolicasmexico.com\/blog\/wp-content\/uploads\/2016\/01\/un-flag-flying-pole-blue-sky-behind-it6082.jpg\" class=\"alignleft size-full wp-image-4218\" src=\"http:\/\/catolicasmexico.com\/blog\/wp-content\/uploads\/2016\/01\/un-flag-flying-pole-blue-sky-behind-it6082.jpg\" alt=\"un-flag-flying-pole-blue-sky-behind-it6082\" width=\"480\" height=\"332\" srcset=\"http:\/\/catolicasmexico.com\/blog\/wp-content\/uploads\/2016\/01\/un-flag-flying-pole-blue-sky-behind-it6082.jpg 480w, http:\/\/catolicasmexico.com\/blog\/wp-content\/uploads\/2016\/01\/un-flag-flying-pole-blue-sky-behind-it6082-300x208.jpg 300w, http:\/\/catolicasmexico.com\/blog\/wp-content\/uploads\/2016\/01\/un-flag-flying-pole-blue-sky-behind-it6082-150x150.jpg 150w\" sizes=\"100vw\" \/> <\/a><\/p>\n<p>&nbsp;<\/p>\n<p>&nbsp;<\/p>\n<p>&nbsp;<\/p>\n<p>&nbsp;<\/p>\n<p>&nbsp;<\/p>\n<p>&nbsp;<\/p>\n<p>&nbsp;<\/p>\n<p>&nbsp;<\/p>\n<p>&nbsp;<\/p>\n<p>LifeNews<\/p>\n<p>C-FAM<\/p>\n<p>Traducci\u00f3n libre para catolicasmexico.com<\/p>\n<p>22 de enero de 2016, Susan Yoshihara de C-FAM informa que durante un panel oficial de la ONU se ha emitido su informe final y parte de sus propuestas incluyen un impuesto global que ser\u00eda una fuente de ingresos independiente para las agencias de la ONU y sus bur\u00f3cratas<\/p>\n<p>La ONU ha sido financiada por los contribuciones voluntarios de los Estados miembros desde su fundaci\u00f3n. Esto ha garantizado al menos un m\u00ednimo de control por los Estados miembros. Las Naciones donantes han tenido la libertad de retirar sus fondos, como los Estados Unidos durante varios a\u00f1os despu\u00e9s del esc\u00e1ndalo del programa \u00abPetr\u00f3leo por Alimentos\u00bb. El retiro de su contribuci\u00f3n substancial hab\u00eda causado verdaderos problemas a la burocracia de la ONU.<\/p>\n<p>&nbsp;<\/p>\n<p>Los bur\u00f3cratas y agencias de la ONU desean mantener las contribuciones voluntarias de los Estados miembros pero por mucho tiempo han deseado tener su propio dinero y no rendir cuentas m\u00e1s que a s\u00ed mismos.<\/p>\n<p>&nbsp;<\/p>\n<p>El peligro es que si la Secretar\u00eda de las Naciones Unidas y los organismos tienen su propia fuente independiente de ingresos ser\u00e1n completamente libres de ser tan radicales como lo deseen. La separaci\u00f3n entre la Asamblea General, los organismos y la burocracia ha existido por mucho tiempo. La Asamblea General decidir\u00e1 sobre alguna cuesti\u00f3n la burocracia lo ignorar\u00e1 y har\u00e1 lo que quiera.<\/p>\n<p>&nbsp;<\/p>\n<p>La Asamblea General, por ejemplo, ha definido el \u00bb g\u00e9nero\u00bb dos veces, en la plataforma de Acci\u00f3n de Beijing y en el Estatuto De Roma de la Corte Penal Internacional, y ambas definiciones han sido aceptables para las delegaciones tradicionales. Sin embargo, la burocracia contin\u00faa definiendo el g\u00e9nero como una construcci\u00f3n social y ha aceptado el concepto de transgenerismo que la Asamblea General ha rechazado sistem\u00e1ticamente.<\/p>\n<p>&nbsp;<\/p>\n<p>El panel haciendo la recomendaci\u00f3n dice que es para ayuda humanitaria. Tengamos en cuenta que el concepto de ayuda humanitaria se ha vuelto extraordinariamente el\u00e1stico. El Secretario General, por ejemplo, ha argumentado que las mujeres en situaciones de conflicto tienen un derecho al aborto aunque el aborto sea ilegal en su pa\u00eds.<\/p>\n<p>&nbsp;<\/p>\n<p>Hay muy pocas dudas de que un flujo de ingresos independiente, un impuesto global, significar\u00e1 una r\u00e1pida expansi\u00f3n, no de la asistencia humanitaria, sino del militantismo radical, especialmente en el \u00e1rea de la agenda homosexual.<\/p>\n<p>&nbsp;<\/p>\n<p>La Asamblea General ha constantemente y mayoritariamente rechazado la inclusi\u00f3n de \u00aborientaci\u00f3n sexual e identidad de g\u00e9nero\u00bb en documentos de la ONU y por lo tanto una parte de las &nbsp;nuevas normas internacionales. La burocracia, dirigida por el Secretario General, sin embargo, &nbsp;est\u00e1 ejecutando una campa\u00f1a mundial para imponer esta agenda en la ONU y en el mundo. Lo \u00faltimo que necesitamos es que tengan su propio dinero, que no rindan cuentas a nadie, y que&nbsp; ejecuten una agenda anti-vida y anti-familia.<\/p>\n<p>&nbsp;<\/p>\n<p>Lo impactante es; ning\u00fan Estado miembro de las Naciones Unidas es tan poderoso como cualquier agencia de la ONU. Ni los Estados Unidos, por ejemplo, pueden modificar a voluntad el fondo de poblaci\u00f3n de las Naciones Unidas de $ 1 bill\u00f3n. A pesar de que Estados Unidos b\u00e1sicamente designa a la cabeza de la UNICEF, &nbsp;tienen poco poder en la lucha contra el creciente radicalismo de la UNICEF.<\/p>\n<p>&nbsp;<\/p>\n<p>Un flujo de ingresos independiente ser\u00e1 un desastre para las familias del mundo. Se advierte a los gobiernos, el poco poder que tienen desaparecer\u00e1 con la implantaci\u00f3n de un impuesto global. Esta cuesti\u00f3n se discutir\u00e1 en la pr\u00f3xima Cumbre Mundial Humanitaria en Estambul este mes de mayo.<\/p>\n<p>&nbsp;<\/p>\n<p>&nbsp;<\/p>\n","protected":false},"excerpt":{"rendered":"<p>&nbsp; &nbsp; &nbsp; &nbsp; &nbsp; &nbsp; &nbsp; &nbsp; &nbsp; LifeNews C-FAM Traducci\u00f3n libre para catolicasmexico.com 22 de enero de 2016, Susan Yoshihara de C-FAM informa que durante un panel oficial de la ONU se ha emitido su informe final y parte de sus propuestas incluyen un impuesto global que ser\u00eda una fuente de ingresos independiente [&hellip;]<\/p>\n","protected":false},"author":5,"featured_media":4218,"comment_status":"open","ping_status":"open","sticky":false,"template":"","format":"standard","meta":{"spay_email":"","jetpack_publicize_message":"","jetpack_is_tweetstorm":false},"categories":[9,16,72,12,21],"tags":[832,289,833],"aioseo_notices":[],"jetpack_featured_media_url":"http:\/\/catolicasmexico.com\/blog\/wp-content\/uploads\/2016\/01\/un-flag-flying-pole-blue-sky-behind-it6082.jpg","jetpack_publicize_connections":[],"jetpack_shortlink":"https:\/\/wp.me\/p3B5XH-161","jetpack-related-posts":[{"id":4330,"url":"http:\/\/catolicasmexico.com\/blog\/la-onu-quiere-imponer-un-impuesto-a-nivel-mundial\/","url_meta":{"origin":4217,"position":0},"title":"LA ONU QUIERE IMPONER UN IMPUESTO A NIVEL MUNDIAL.","date":"29 marzo 2016","format":false,"excerpt":"Un grupo de alto nivel de Naciones Unidas acaba de publicar su informe que se dar\u00e1 a conocer en la Cumbre Mundial de ayuda humanitaria que se llevar\u00e1 a cabo en mayo en Estambul. El impuesto mundial para las Naciones Unidas fue una de sus prioridades. El impuesto mundial tambi\u00e9n\u2026","rel":"","context":"En \u00abAborto\u00bb","img":{"alt_text":"","src":"https:\/\/i2.wp.com\/catolicasmexico.com\/blog\/wp-content\/uploads\/2016\/03\/IMG_0501.jpg?resize=350%2C200","width":350,"height":200},"classes":[]},{"id":2561,"url":"http:\/\/catolicasmexico.com\/blog\/pederastia-violaciones-prostitucion-genocidio-trafico-de-drogas-y-la-mayor-corrupcion-mundial-eso-es-naciones-unidas\/","url_meta":{"origin":4217,"position":1},"title":"Pederastia, violaciones, prostituci\u00f3n, genocidio, tr\u00e1fico de drogas y la mayor corrupci\u00f3n mundial. \u00a1Eso es Naciones Unidas!","date":"10 febrero 2014","format":false,"excerpt":"No a la pederastia y las violaciones de ni\u00f1os de la ONU Despues de leer el informe de la ONU sobre los supuestos abusos dentro de la iglesia, presentamos este articulo de hazteoir.org. Consideramos que la ONU deber\u00eda comenzar por hacer una limpieza a fondo y aclarar todos los casos\u2026","rel":"","context":"En \u00abPedofilia\u00bb","img":{"alt_text":"","src":"https:\/\/i1.wp.com\/catolicasmexico.com\/blog\/wp-content\/uploads\/2014\/02\/20140210-191532.jpg?resize=350%2C200","width":350,"height":200},"classes":[]},{"id":2467,"url":"http:\/\/catolicasmexico.com\/blog\/bolivia-promovera-un-orden-mundial-justo-y-sostenible\/","url_meta":{"origin":4217,"position":2},"title":"Bolivia promover\u00e1 un orden mundial justo y sostenible","date":"27 enero 2014","format":false,"excerpt":"Comentario www.catolicasmexico.com Para quien crea que el Nuevo orden Mundial es un mito, este articulo muestra claramente la intenci\u00f3n de crear un nuevo gobierno mundial, con una ideolog\u00eda \u00fanica, donde todo pensamiento contrario ser\u00e1 reprimido y suprimido... Olvid\u00f3 don Evo mencionar que en este gobierno la ideolog\u00eda de genero, el\u2026","rel":"","context":"En \u00abMasoner\u00eda\u00bb","img":{"alt_text":"","src":"https:\/\/i2.wp.com\/catolicasmexico.com\/blog\/wp-content\/uploads\/2014\/01\/20140127-130407.jpg?resize=350%2C200","width":350,"height":200},"classes":[]},{"id":2406,"url":"http:\/\/catolicasmexico.com\/blog\/correa-cuestiona-a-la-onu-por-pedir-explicaciones-sobre-no-despenalizacion-de-aborto\/","url_meta":{"origin":4217,"position":3},"title":"Correa cuestiona a la ONU por pedir explicaciones sobre no despenalizaci\u00f3n de aborto","date":"20 enero 2014","format":false,"excerpt":"ECUADOR.-(AGENCIALAVOZ) El presidente Rafael Correa cuestion\u00f3 el s\u00e1bado a la Organizaci\u00f3n de las Naciones Unidas por haber solicitado explicaciones a Ecuador sobre la no despenalizaci\u00f3n del aborto en el nuevo c\u00f3digo penal, que recibi\u00f3 73 observaciones del Ejecutivo. \u00abEllos pueden tener su ideas, pero sus valores no pueden ser universales\u2026","rel":"","context":"En \u00abAborto\u00bb","img":{"alt_text":"","src":"https:\/\/i2.wp.com\/catolicasmexico.com\/blog\/wp-content\/uploads\/2014\/01\/20140120-150256.jpg?resize=350%2C200","width":350,"height":200},"classes":[]},{"id":4445,"url":"http:\/\/catolicasmexico.com\/blog\/agencias-de-la-onu-presionan-a-la-iglesia-catolica-sobre-contracepcion-homosexualidad-y-masturbacion\/","url_meta":{"origin":4217,"position":4},"title":"Agencias de la ONU presionan a la Iglesia cat\u00f3lica sobre contracepci\u00f3n, homosexualidad y masturbaci\u00f3n","date":"4 octubre 2016","format":false,"excerpt":"Austin Ruse | Nueva York | 15 de septiembre de 2016 (Atribuci\u00f3n: www.all-free-photos.com) (Nueva York, C-FAM) Tres poderosas agencias de la ONU patrocinan la publicaci\u00f3n de un documento, la semana que viene, en el que se llama a la Iglesia cat\u00f3lica a cambiar sus ense\u00f1anzas, no solo en cuanto a\u2026","rel":"","context":"En \u00abAborto\u00bb","img":{"alt_text":"","src":"https:\/\/i2.wp.com\/catolicasmexico.com\/blog\/wp-content\/uploads\/2016\/11\/PI44938-hr.jpg?resize=350%2C200","width":350,"height":200},"classes":[]},{"id":2030,"url":"http:\/\/catolicasmexico.com\/blog\/paises-declaran-la-no-existencia-del-derecho-al-aborto-o-a-la-homosexualidad\/","url_meta":{"origin":4217,"position":5},"title":"Pa\u00edses declaran la no existencia del derecho al aborto o a la homosexualidad","date":"6 noviembre 2013","format":false,"excerpt":"Art\u00edculo de ForumVida. Rusia, Etiop\u00eda, Polonia y otros tomaron los micr\u00f3fonos en una reuni\u00f3n (transmitida en vivo v\u00eda Internet desde la sede de la ONU) para dejar claro que el aborto y la homosexualidad no son derechos humanos internacionales. Los diplom\u00e1ticos criticaron especialmente a la oficina de derechos humanos de\u2026","rel":"","context":"En \u00abAborto\u00bb","img":{"alt_text":"","src":"https:\/\/i1.wp.com\/catolicasmexico.com\/blog\/wp-content\/uploads\/2013\/11\/20131106-180029.jpg?resize=350%2C200","width":350,"height":200},"classes":[]}],"jetpack_likes_enabled":false,"jetpack_sharing_enabled":true,"_links":{"self":[{"href":"http:\/\/catolicasmexico.com\/blog\/wp-json\/wp\/v2\/posts\/4217"}],"collection":[{"href":"http:\/\/catolicasmexico.com\/blog\/wp-json\/wp\/v2\/posts"}],"about":[{"href":"http:\/\/catolicasmexico.com\/blog\/wp-json\/wp\/v2\/types\/post"}],"author":[{"embeddable":true,"href":"http:\/\/catolicasmexico.com\/blog\/wp-json\/wp\/v2\/users\/5"}],"replies":[{"embeddable":true,"href":"http:\/\/catolicasmexico.com\/blog\/wp-json\/wp\/v2\/comments?post=4217"}],"version-history":[{"count":2,"href":"http:\/\/catolicasmexico.com\/blog\/wp-json\/wp\/v2\/posts\/4217\/revisions"}],"predecessor-version":[{"id":4224,"href":"http:\/\/catolicasmexico.com\/blog\/wp-json\/wp\/v2\/posts\/4217\/revisions\/4224"}],"wp:featuredmedia":[{"embeddable":true,"href":"http:\/\/catolicasmexico.com\/blog\/wp-json\/wp\/v2\/media\/4218"}],"wp:attachment":[{"href":"http:\/\/catolicasmexico.com\/blog\/wp-json\/wp\/v2\/media?parent=4217"}],"wp:term":[{"taxonomy":"category","embeddable":true,"href":"http:\/\/catolicasmexico.com\/blog\/wp-json\/wp\/v2\/categories?post=4217"},{"taxonomy":"post_tag","embeddable":true,"href":"http:\/\/catolicasmexico.com\/blog\/wp-json\/wp\/v2\/tags?post=4217"}],"curies":[{"name":"wp","href":"https:\/\/api.w.org\/{rel}","templated":true}]}}