{"id":41,"date":"2013-04-23T20:07:40","date_gmt":"2013-04-23T20:07:40","guid":{"rendered":"http:\/\/catolicasmexico.com\/blog\/?p=41"},"modified":"2013-04-25T20:50:55","modified_gmt":"2013-04-26T01:50:55","slug":"41","status":"publish","type":"post","link":"http:\/\/catolicasmexico.com\/blog\/41\/","title":{"rendered":"Los horrores del abortorio de Gosnell"},"content":{"rendered":"<div><a href=\"http:\/\/catolicasmexico.com\/blog\/wp-content\/uploads\/2013\/04\/image-4.jpeg\"><img data-attachment-id=\"63\" data-permalink=\"http:\/\/catolicasmexico.com\/blog\/41\/image-4\/\" data-orig-file=\"http:\/\/catolicasmexico.com\/blog\/wp-content\/uploads\/2013\/04\/image-4.jpeg\" data-orig-size=\"615,345\" data-comments-opened=\"1\" data-image-meta=\"{&quot;aperture&quot;:&quot;0&quot;,&quot;credit&quot;:&quot;&quot;,&quot;camera&quot;:&quot;&quot;,&quot;caption&quot;:&quot;&quot;,&quot;created_timestamp&quot;:&quot;0&quot;,&quot;copyright&quot;:&quot;&quot;,&quot;focal_length&quot;:&quot;0&quot;,&quot;iso&quot;:&quot;0&quot;,&quot;shutter_speed&quot;:&quot;0&quot;,&quot;title&quot;:&quot;&quot;,&quot;orientation&quot;:&quot;0&quot;}\" data-image-title=\"image (4)\" data-image-description=\"\" data-medium-file=\"http:\/\/catolicasmexico.com\/blog\/wp-content\/uploads\/2013\/04\/image-4-300x168.jpeg\" data-large-file=\"http:\/\/catolicasmexico.com\/blog\/wp-content\/uploads\/2013\/04\/image-4.jpeg\" class=\"alignnone size-medium wp-image-63\" title=\"image (4)\" src=\"http:\/\/catolicasmexico.com\/blog\/wp-content\/uploads\/2013\/04\/image-4-300x168.jpg\" alt=\"\" width=\"300\" height=\"168\" srcset=\"http:\/\/catolicasmexico.com\/blog\/wp-content\/uploads\/2013\/04\/image-4-300x168.jpg 300w, http:\/\/catolicasmexico.com\/blog\/wp-content\/uploads\/2013\/04\/image-4-150x150.jpeg 150w\" sizes=\"100vw\" \/> <\/a><\/div>\n<div><\/div>\n<div><\/div>\n<div>Sigue el juicio contra el aborto convertido en infanticidio en EEUU, los cr\u00edmenes de Kermit Gosnell cada d\u00eda que pasa se muestran m\u00e1s espeluznantes.<\/div>\n<p>&nbsp;<\/p>\n<p>REDACCI\u00d3N HO.- Una antigua trabajadora del abortorio,\u00a0<strong>Kareema Cross<\/strong>, declar\u00f3 en el juicio contra Gosnell, acusado de infanticidio y de provocar la muerte de mujeres, que al menos vio a diez ni\u00f1os que respiraban despu\u00e9s de haberles perpetrado un aborto que result\u00f3 fallido.<\/p>\n<p>Cross tom\u00f3 im\u00e1genes de ni\u00f1os en el tercer trimestre de gestaci\u00f3n arrojados\u00a0<strong>vivos en cajas de zapatos<\/strong>, que respiraban y se mov\u00edan, seg\u00fan declaraciones del juicio recogidas por\u00a0<a href=\"http:\/\/www.lifenews.com\/2013\/04\/18\/gosnell-staffer-newborn-was-tossed-in-shoe-box-still-breathing\/\" target=\"_blank\"><em>LifeNews<\/em><\/a>. La ex trabajadora tambi\u00e9n declar\u00f3 que Gosnell manipulaba las ecograf\u00edas para que estas no revelasen que los ni\u00f1os que iba a abortar ten\u00edan\u00a0<strong>m\u00e1s de 24 semanas de gestaci\u00f3n<\/strong>.<\/p>\n<p>La droga digoxina que Gosnell aplicaba a los no nacidos para pararles el coraz\u00f3n, muchas veces no funcionaba, y los ni\u00f1os sobreviv\u00edan al aborto, para luego caer en las manos del abortista que los mataba cort\u00e1ndoles la m\u00e9dula espinal o arroj\u00e1ndoles vivos a contenedores de desperdicios.<\/p>\n<p>Una vez en la ausencia de Gosnell, Cross declar\u00f3 que vio a un beb\u00e9 ya muy grande que naci\u00f3 vivo y estaba\u00a0<strong>dentro del inodoro<\/strong>. Vio a\u00a0<strong>sus peque\u00f1os brazos y piernas movi\u00e9ndose<\/strong>\u00a0en un movimiento de nataci\u00f3n mientras luchaba por salir de la taza del inodoro, seg\u00fan publica en otro art\u00edculo\u00a0<a href=\"http:\/\/www.lifenews.com\/2013\/04\/19\/gosnell-worker-baby-surviving-abortion-swam-in-toilet-trying-to-live\/\" target=\"_blank\"><em>LifeNews<\/em><\/a>.\u00a0<strong>Este juicio<\/strong>\u00a0contra el abortista Gosnell est\u00e1 siendo\u00a0<strong>silenciado en los grandes medios<\/strong>\u00a0de comunicaci\u00f3n, que alineados con la cultura de la muerte, se niegan a informar de \u00e9l.<\/p>\n","protected":false},"excerpt":{"rendered":"<p>Sigue el juicio contra el aborto convertido en infanticidio en EEUU, los cr\u00edmenes de Kermit Gosnell cada d\u00eda que pasa se muestran m\u00e1s espeluznantes. &nbsp; REDACCI\u00d3N HO.- Una antigua trabajadora del abortorio,\u00a0Kareema Cross, declar\u00f3 en el juicio contra Gosnell, acusado de infanticidio y de provocar la muerte de mujeres, que al menos vio a diez [&hellip;]<\/p>\n","protected":false},"author":2,"featured_media":63,"comment_status":"open","ping_status":"open","sticky":false,"template":"","format":"standard","meta":{"spay_email":"","jetpack_publicize_message":"","jetpack_is_tweetstorm":false},"categories":[9],"tags":[],"aioseo_notices":[],"jetpack_featured_media_url":"http:\/\/catolicasmexico.com\/blog\/wp-content\/uploads\/2013\/04\/image-4.jpeg","jetpack_publicize_connections":[],"jetpack_shortlink":"https:\/\/wp.me\/s3B5XH-41","jetpack-related-posts":[{"id":331,"url":"http:\/\/catolicasmexico.com\/blog\/mike-huckabee-entrevisto-para-fox-news-a-un-reportero-con-experiencia-de-26-anos-en-tribunales-y-que-confiesa-que-es-lo-peor-que-ha-vivido\/","url_meta":{"origin":41,"position":0},"title":"Mike Huckabee entrevist\u00f3 para Fox News a un reportero con experiencia de 26 a\u00f1os en tribunales, y que confiesa que es \u00ablo peor\u00bb que ha vivido","date":"15 mayo 2013","format":false,"excerpt":"Articulo de Religi\u00f3n en\u00a0Libertad.com C.L. \/ ReL A pesar del escandaloso silencio de los grandes medios, el\u00a0establishment\u00a0proabortista no ha podido evitar que se siga el\u00a0juicio contra el doctor Kermit Gosnell, propietario de una cl\u00ednica donde se asesin\u00f3 a m\u00e1s de un centenar de beb\u00e9s\u00a0nacidos vivos del aborto. Tras agon\u00edas de\u2026","rel":"","context":"En \u00abAborto\u00bb","img":{"alt_text":"","src":"https:\/\/i1.wp.com\/catolicasmexico.com\/blog\/wp-content\/uploads\/2013\/05\/image-41.jpeg?resize=350%2C200","width":350,"height":200},"classes":[]},{"id":31,"url":"http:\/\/catolicasmexico.com\/blog\/31\/","url_meta":{"origin":41,"position":1},"title":"Juicio contra el m\u00e9dico Kermit Gosnell","date":"21 abril 2013","format":false,"excerpt":"\u00a0 Filadelfia.12 Abr. 13 \/ 06:37 pm (ACI\/EWTN Noticias).- El juicio contra el m\u00e9dico Kermit Gosnell, acusado de asesinar a beb\u00e9s que sobrevivieron a los abortos tard\u00edos que practic\u00f3 en su cl\u00ednica de Filadelfia, ha destapado el horror del negocio del\u00a0aborto\u00a0con la aparici\u00f3n de fotograf\u00edas de beb\u00e9s decapitados y cuerpos\u2026","rel":"","context":"En \u00abAborto\u00bb","img":{"alt_text":"","src":"https:\/\/i0.wp.com\/catolicasmexico.com\/blog\/wp-content\/uploads\/2013\/04\/image.jpeg?resize=350%2C200","width":350,"height":200},"classes":[]},{"id":325,"url":"http:\/\/catolicasmexico.com\/blog\/abortista-gosnell-declarado-culpable-por-el-homicidio-de-tres-bebes\/","url_meta":{"origin":41,"position":2},"title":"Abortista Gosnell, declarado culpable por el homicidio de tres bebes","date":"14 mayo 2013","format":false,"excerpt":"FILADELFIA, 13 May. 13 \/ 05:34 pm (ACI\/EWTN Noticias).- El m\u00e9dico abortista de Filadelfia (Estados Unidos) Kermit Gosnell fue declarado culpable de tres de las cuatro acusaciones de asesinar beb\u00e9s que nacieron vivos tras abortos fallidos. Gosnell, de 72 a\u00f1os, podr\u00eda enfrentar la pena de muerte por las acusaciones de\u2026","rel":"","context":"En \u00abAborto\u00bb","img":{"alt_text":"","src":"","width":0,"height":0},"classes":[]},{"id":886,"url":"http:\/\/catolicasmexico.com\/blog\/obama-la-prohibicion-del-aborto-tardio-es-una-muestra-de-desprecio-hacia-la-constitucion-y-un-ataque-a-los-derechos-de-las-mujeres\/","url_meta":{"origin":41,"position":3},"title":"Obama: La prohibici\u00f3n del aborto tard\u00edo es una muestra 'de desprecio' hacia 'la Constituci\u00f3n,\" y un ataque a \"los derechos de las mujeres\"","date":"18 junio 2013","format":false,"excerpt":"Por Ben Johnson. Traducci\u00f3n y edici\u00f3n Alejandro P. de www.catolicasmexico.com Lunes, 17 de junio de 2013 17:28 EST WASHINGTON, D.C., 17 de junio de 2013 (LifeSiteNews.com) \u2013 El Presidente Barack Obama ha anunciado que, si se aprueba la ley de Trent Franks para restringir el aborto inducido en todo el\u2026","rel":"","context":"En \u00abAborto\u00bb","img":{"alt_text":"","src":"https:\/\/i1.wp.com\/catolicasmexico.com\/blog\/wp-content\/uploads\/2013\/06\/OBAMA-articleLarge.jpg?resize=350%2C200","width":350,"height":200},"classes":[]},{"id":88,"url":"http:\/\/catolicasmexico.com\/blog\/88\/","url_meta":{"origin":41,"position":4},"title":"Un juez federal desestimo nueve acusaciones","date":"29 abril 2013","format":false,"excerpt":"POR BEN JOHNSON FILADELFIA, \u00a023 de abril 2014 (LifeSiteNews.com\u00a0(traduction CQV)) \u2014 \u00a0Un juez federal desestimo nueve acusaciones - tres acusaciones de muerte y una acusaci\u00f3n de infanticidio- contra el Dr. de Philadelphia, Kermin Gosnell, en el proceso de esta ma\u00f1ana. Los periodicos locales, reportaron que el juez rechazo las tres\u2026","rel":"","context":"En \u00abAborto\u00bb","img":{"alt_text":"","src":"https:\/\/i2.wp.com\/catolicasmexico.com\/blog\/wp-content\/uploads\/2013\/04\/kermit-gosnell.jpg?resize=350%2C200","width":350,"height":200},"classes":[]},{"id":732,"url":"http:\/\/catolicasmexico.com\/blog\/la-camara-de-representantes-de-los-estados-unidos-aprueba-el-proyecto-de-ley-que-prohibe-el-aborto-luego-de-la-semana-20-de-gestacion\/","url_meta":{"origin":41,"position":5},"title":"La C\u00e1mara de Representantes de los Estados Unidos aprueba el proyecto de ley que proh\u00edbe el aborto luego de la semana 20 de gestaci\u00f3n","date":"5 junio 2013","format":false,"excerpt":"Publicado por Steven Ertelt | Washington, DC | LifeNews.com | 6\/4\/13 2:49 PM Resumido y traducido del ingl\u00e9s por Elizabeth de la Teja Bosch para www.catolicasmexico.com Miembros de la C\u00e1mara de Representantes aprobaron el proyecto de ley congresal que proh\u00edbe el aborto luego de la semana 20 de gestaci\u00f3n. El\u2026","rel":"","context":"En \u00abAborto\u00bb","img":{"alt_text":"","src":"https:\/\/i0.wp.com\/catolicasmexico.com\/blog\/wp-content\/uploads\/2013\/06\/20130605-120416.jpg?resize=350%2C200","width":350,"height":200},"classes":[]}],"jetpack_likes_enabled":false,"jetpack_sharing_enabled":true,"_links":{"self":[{"href":"http:\/\/catolicasmexico.com\/blog\/wp-json\/wp\/v2\/posts\/41"}],"collection":[{"href":"http:\/\/catolicasmexico.com\/blog\/wp-json\/wp\/v2\/posts"}],"about":[{"href":"http:\/\/catolicasmexico.com\/blog\/wp-json\/wp\/v2\/types\/post"}],"author":[{"embeddable":true,"href":"http:\/\/catolicasmexico.com\/blog\/wp-json\/wp\/v2\/users\/2"}],"replies":[{"embeddable":true,"href":"http:\/\/catolicasmexico.com\/blog\/wp-json\/wp\/v2\/comments?post=41"}],"version-history":[{"count":3,"href":"http:\/\/catolicasmexico.com\/blog\/wp-json\/wp\/v2\/posts\/41\/revisions"}],"predecessor-version":[{"id":74,"href":"http:\/\/catolicasmexico.com\/blog\/wp-json\/wp\/v2\/posts\/41\/revisions\/74"}],"wp:featuredmedia":[{"embeddable":true,"href":"http:\/\/catolicasmexico.com\/blog\/wp-json\/wp\/v2\/media\/63"}],"wp:attachment":[{"href":"http:\/\/catolicasmexico.com\/blog\/wp-json\/wp\/v2\/media?parent=41"}],"wp:term":[{"taxonomy":"category","embeddable":true,"href":"http:\/\/catolicasmexico.com\/blog\/wp-json\/wp\/v2\/categories?post=41"},{"taxonomy":"post_tag","embeddable":true,"href":"http:\/\/catolicasmexico.com\/blog\/wp-json\/wp\/v2\/tags?post=41"}],"curies":[{"name":"wp","href":"https:\/\/api.w.org\/{rel}","templated":true}]}}