{"id":4091,"date":"2015-11-20T11:32:06","date_gmt":"2015-11-20T17:32:06","guid":{"rendered":"http:\/\/catolicasmexico.com\/blog\/?p=4091"},"modified":"2015-11-20T11:32:07","modified_gmt":"2015-11-20T17:32:07","slug":"una-decision-mayor-esta-por-ser-tomada-por-la-suprema-corte","status":"publish","type":"post","link":"http:\/\/catolicasmexico.com\/blog\/una-decision-mayor-esta-por-ser-tomada-por-la-suprema-corte\/","title":{"rendered":"Una decisi\u00f3n mayor est\u00e1 por ser tomada por la Suprema Corte"},"content":{"rendered":"<p><a href=\"http:\/\/catolicasmexico.com\/blog\/wp-content\/uploads\/2015\/11\/2015-11-16-niles-a.jpg\"><img data-attachment-id=\"4092\" data-permalink=\"http:\/\/catolicasmexico.com\/blog\/una-decision-mayor-esta-por-ser-tomada-por-la-suprema-corte\/anti-abortion-protestors-hold-up-signs-as-they-celebrate-u-s-supreme-court-ruling-against-protective-buffer-zones-around-abortion-clinics-outside-the-court-in-washington\/\" data-orig-file=\"http:\/\/catolicasmexico.com\/blog\/wp-content\/uploads\/2015\/11\/2015-11-16-niles-a.jpg\" data-orig-size=\"1100,733\" data-comments-opened=\"1\" data-image-meta=\"{&quot;aperture&quot;:&quot;0&quot;,&quot;credit&quot;:&quot;REUTERS&quot;,&quot;camera&quot;:&quot;&quot;,&quot;caption&quot;:&quot;Anti-abortion protestors celebrate the U.S. Supreme Court&#039;s ruling striking down a Massachusetts law that mandated a protective buffer zone around abortion clinics,  outside the Court in Washington June 26, 2014. On a 9-0 vote, the court said the 2007 law violated the freedom of speech rights of anti-abortion protesters under the First Amendment of the U.S. Constitution in preventing them from standing on the sidewalk and speaking to people entering the clinics. REUTERS\\\/Jim Bourg  (UNITED STATES - Tags: POLITICS CRIME LAW HEALTH CIVIL UNREST)&quot;,&quot;created_timestamp&quot;:&quot;0&quot;,&quot;copyright&quot;:&quot;&quot;,&quot;focal_length&quot;:&quot;0&quot;,&quot;iso&quot;:&quot;0&quot;,&quot;shutter_speed&quot;:&quot;0&quot;,&quot;title&quot;:&quot;Anti-abortion protestors hold up signs as they celebrate U.S. Supreme Court ruling against protective buffer zones around abortion clinics, outside the Court in Washington&quot;,&quot;orientation&quot;:&quot;0&quot;}\" data-image-title=\"Anti-abortion protestors hold up signs as they celebrate U.S. Supreme Court ruling against protective buffer zones around abortion clinics, outside the Court in Washington\" data-image-description=\"\" data-medium-file=\"http:\/\/catolicasmexico.com\/blog\/wp-content\/uploads\/2015\/11\/2015-11-16-niles-a-300x200.jpg\" data-large-file=\"http:\/\/catolicasmexico.com\/blog\/wp-content\/uploads\/2015\/11\/2015-11-16-niles-a-1024x682.jpg\" class=\"size-full wp-image-4092\" src=\"http:\/\/catolicasmexico.com\/blog\/wp-content\/uploads\/2015\/11\/2015-11-16-niles-a.jpg\" alt=\"Anti-abortion protestors celebrate the U.S. Supreme Court's ruling striking down a Massachusetts law that mandated a protective buffer zone around abortion clinics,  outside the Court in Washington June 26, 2014. On a 9-0 vote, the court said the 2007 law violated the freedom of speech rights of anti-abortion protesters under the First Amendment of the U.S. Constitution in preventing them from standing on the sidewalk and speaking to people entering the clinics. REUTERS\/Jim Bourg  (UNITED STATES - Tags: POLITICS CRIME LAW HEALTH CIVIL UNREST)\" width=\"1100\" height=\"733\" srcset=\"http:\/\/catolicasmexico.com\/blog\/wp-content\/uploads\/2015\/11\/2015-11-16-niles-a.jpg 1100w, http:\/\/catolicasmexico.com\/blog\/wp-content\/uploads\/2015\/11\/2015-11-16-niles-a-1024x682.jpg 1024w, http:\/\/catolicasmexico.com\/blog\/wp-content\/uploads\/2015\/11\/2015-11-16-niles-a.jpg 768w, http:\/\/catolicasmexico.com\/blog\/wp-content\/uploads\/2015\/11\/2015-11-16-niles-a-300x200.jpg 300w, http:\/\/catolicasmexico.com\/blog\/wp-content\/uploads\/2015\/11\/2015-11-16-niles-a-150x150.jpg 150w\" sizes=\"100vw\" \/> <\/a><\/p>\n<p>&nbsp;<\/p>\n<p>&nbsp;<\/p>\n<p>&nbsp;<\/p>\n<p>&nbsp;<\/p>\n<p>&nbsp;<\/p>\n<p>&nbsp;<\/p>\n<p>&nbsp;<\/p>\n<p>&nbsp;<\/p>\n<p>&nbsp;<\/p>\n<p>&nbsp;<\/p>\n<p>Original:&nbsp;<span class=\"author\"><a href=\"http:\/\/www.churchmilitant.com\/news\/author\/newschurchmilitant.com\">Church Militant<\/a><\/span>&nbsp;Traducci\u00f3n libre para catolicasmexico.com<\/p>\n<p>WASHINGTON (Elizabeth Slattery) &#8211; A finales de junio, la Suprema Corte deliberar\u00e1 sobre uno de los casos m\u00e1s importantes relativos a la legislaci\u00f3n del aborto de los \u00faltimos a\u00f1os. Hoy, los magistrados anunciaron que decidir\u00e1n si mantendr\u00e1n las partes de una ley de Texas que exigen que las cl\u00ednicas de aborto cumplan con las normas b\u00e1sicas de seguridad y salud y sobre privilegios de admisi\u00f3n de los m\u00e9dicos del aborto en los hospitales locales.<\/p>\n<p>&nbsp;<\/p>\n<p>H.B. 2 es el nombre de la ley de Texas que requiere, entre otras cosas, que las cl\u00ednicas de aborto cumplan las mismas normas de limpieza y seguridad que otros servicios quir\u00fargicos y que los m\u00e9dicos que trabajan en las cl\u00ednicas tengan privilegios de admisi\u00f3n en los hospitales cercanos. Estas disposiciones ayudar\u00e1n a asegurar que las mujeres no est\u00e9n expuestas a condiciones subest\u00e1ndares o pr\u00e1cticas que podr\u00edan poner en peligro su salud o sus vidas.<\/p>\n<p>&nbsp;<\/p>\n<p><strong>Malas condiciones<\/strong><\/p>\n<p>&nbsp;<\/p>\n<p>Estas reformas son de sentido com\u00fan y contienen regulaciones muy necesarias. Las condiciones peligrosas, insalubres de la \u00abcasa de horrores\u00bb del abortista Kermit Gosnell en Filadelfia fueron como un choque el\u00e9ctrico a la naci\u00f3n cuando salieron a la luz durante el caso de homicidio en 2013. Sin embargo, la cl\u00ednica de Gosnell, aunque es una de las m\u00e1s terribles, no es \u00fanica en la industria del aborto.<\/p>\n<p>&nbsp;<\/p>\n<p>Docenas de otras cl\u00ednicas del aborto en todo el pa\u00eds han sido investigadas, denunciadas y han recibido acusaciones penales. Muchos contin\u00faan su trabajo homicida con poca o ninguna supervisi\u00f3n o inspecci\u00f3n.<\/p>\n<p>&nbsp;<\/p>\n<p>Aun cundo la industria del aborto afirma abogar por las mujeres, a menudo lucha contra las legislaciones razonables para garantizar la seguridad y salud de sus pacientes.<\/p>\n<p>&nbsp;<\/p>\n<p>En Texas, la cl\u00ednicas de aborto han desafiado partes de la H.B 2, alegando que la ley es una carga inconstitucional sobre el acceso de las mujeres al aborto porque resultar\u00e1 en el cierre, al menos temporalmente, de una serie de cl\u00ednicas de aborto que no cumplan con las nuevas normas de seguridad.<\/p>\n<p>&nbsp;<\/p>\n<p>Aun cuando la Suprema Corte invent\u00f3 el derecho constitucional al aborto en el caso Roe v. Wade de 1973, los jueces fueron claros en que la decisi\u00f3n no excluir\u00eda que los Estados estableciesen requisitos razonables para los m\u00e9dicos y las cl\u00ednicas de aborto:<\/p>\n<p>&nbsp;<\/p>\n<p style=\"padding-left: 30px;\">El estado tiene un inter\u00e9s leg\u00edtimo en ver que el aborto, como cualquier otro procedimiento m\u00e9dico, se realice bajo circunstancias que aseguran la m\u00e1xima seguridad para el paciente. Esto obviamente &nbsp;abarca, &nbsp;como m\u00ednimo, las capacitaci\u00f3n m\u00e9dica y la del personal, las instalaciones involucradas, la disponibilidad de asistencia y las provisiones adecuadas para cualquier complicaci\u00f3n o emergencia que pudiera surgir.<\/p>\n<p style=\"padding-left: 30px;\">\n<p><strong>Normas jur\u00eddicas<\/strong><\/p>\n<p>&nbsp;<\/p>\n<p>Cuando la Suprema Corte fabric\u00f3 el derecho al aborto en 1973, arrebat\u00f3 el tema de las manos de los estadounidenses, evitando que los ciudadanos y las legislaturas razonables pudiesen medir el impacto del aborto en la vida de las mujeres y de los ni\u00f1os por nacer. El resultado es que pol\u00edtica de aborto de Estados Unidos se ha convertido en una de las m\u00e1s radicales entre las naciones desarrolladas al promover abortos selectivos, tard\u00edos y una industria lucrativa, sin embargo, un gran n\u00famero, a\u00fan desconocido, de abortos pone en peligro la vida y la salud de las mujeres diariamente.<\/p>\n<p>&nbsp;<\/p>\n<p><strong>Garantizar la seguridad y la salud de las mujeres<\/strong><\/p>\n<p>&nbsp;<\/p>\n<p>Durante m\u00e1s de 40 a\u00f1os, la industria del aborto ha evadido y combatido normas de sentido com\u00fan. La Suprema Corte tiene ahora la oportunidad de mostrar que los Estados tienen un inter\u00e9s leg\u00edtimo y convincente para garantizar la seguridad y la salud de las mujeres que ingresan a cl\u00ednicas de aborto.<\/p>\n<p>&nbsp;<\/p>\n<p>Aunque&nbsp; este caso no presente directamente la oportunidad de anular la decisi\u00f3n de Roe v. Wade, Arkansas present\u00f3 recientemente una petici\u00f3n pidiendo que la Corte anule una parte clave de la jurisprudencia creada por Roe y que fue refinada m\u00e1s tarde en el caso Casey.<\/p>\n<p>Mientras tanto, la Suprema Corte escuchar\u00e1 los argumentos en el caso de Texas esta primavera y deber\u00e1 publicar su decisi\u00f3n a finales de junio. Los jueces har\u00edan bien en implantar una ley razonable en Texas y reconsiderar la sombra larga y mortal que sus decisiones sobre el aborto han puesto sobre el derecho, la medicina y la sociedad.<\/p>\n","protected":false},"excerpt":{"rendered":"<p>&nbsp; &nbsp; &nbsp; &nbsp; &nbsp; &nbsp; &nbsp; &nbsp; &nbsp; &nbsp; Original:&nbsp;Church Militant&nbsp;Traducci\u00f3n libre para catolicasmexico.com WASHINGTON (Elizabeth Slattery) &#8211; A finales de junio, la Suprema Corte deliberar\u00e1 sobre uno de los casos m\u00e1s importantes relativos a la legislaci\u00f3n del aborto de los \u00faltimos a\u00f1os. Hoy, los magistrados anunciaron que decidir\u00e1n si mantendr\u00e1n las partes de [&hellip;]<\/p>\n","protected":false},"author":5,"featured_media":4092,"comment_status":"open","ping_status":"open","sticky":false,"template":"","format":"standard","meta":{"spay_email":"","jetpack_publicize_message":"","jetpack_is_tweetstorm":false},"categories":[9,72,70],"tags":[],"aioseo_notices":[],"jetpack_featured_media_url":"http:\/\/catolicasmexico.com\/blog\/wp-content\/uploads\/2015\/11\/2015-11-16-niles-a.jpg","jetpack_publicize_connections":[],"jetpack_shortlink":"https:\/\/wp.me\/p3B5XH-13Z","jetpack-related-posts":[{"id":1519,"url":"http:\/\/catolicasmexico.com\/blog\/oracion-para-que-los-sacerdotes-respondan-al-amor-de-dios\/","url_meta":{"origin":4091,"position":0},"title":"Oraci\u00f3n para que los Sacerdotes respondan al amor de Dios.","date":"4 agosto 2013","format":false,"excerpt":"\u00a1Oh Jes\u00fas! Te pido por los sacerdotes fieles y fervientes; Por los sacerdotes tibios e infieles; Por lo sacerdotes que trabajan entre nosotros o en misiones lejanas; Por tus sacerdotes tentados; por tus sacerdotes que sufren por La soledad o el abandono; por los sacerdotes j\u00f3venes, Por lo sacerdotes ancianos;\u2026","rel":"","context":"En \u00abOraciones\u00bb","img":{"alt_text":"","src":"","width":0,"height":0},"classes":[]},{"id":2902,"url":"http:\/\/catolicasmexico.com\/blog\/feliz-dia-de-las-madres\/","url_meta":{"origin":4091,"position":1},"title":"\u00a1Feliz dia de las madres!","date":"10 mayo 2014","format":false,"excerpt":"Hoy 10 de mayo celebramos el d\u00eda de las madres, si tienes a tu mamita \u00e1mala y ora por ella todos los d\u00edas, si ya no esta contigo ora tambi\u00e9n por el descanso de su alma. Pidamos por todas las madres, por vivas y difuntas, por las buenas para que\u2026","rel":"","context":"En \u00abFamilia\u00bb","img":{"alt_text":"","src":"","width":0,"height":0},"classes":[]},{"id":1679,"url":"http:\/\/catolicasmexico.com\/blog\/catolicas-por-el-derecho-a-decidir-en-relidad-anticatolicas-por-el-derecho-a-matar\/","url_meta":{"origin":4091,"position":2},"title":"\"Cat\u00f3licas por el derecho a Decidir\": En relidad anticat\u00f3licas por el derecho a MATAR","date":"26 agosto 2013","format":"video","excerpt":"\u00a0 Gracias a Esteban Arce por desenmascarar a este grupo que confunde a los cat\u00f3licos: \u00a0","rel":"","context":"En \u00abAborto\u00bb","img":{"alt_text":"","src":"","width":0,"height":0},"classes":[]},{"id":2817,"url":"http:\/\/catolicasmexico.com\/blog\/urgente-pedimos-oraciones-y-sacrificios-por-la-vida-de-un-bebe-de-tres-meses-y-una-semana\/","url_meta":{"origin":4091,"position":3},"title":"Urgente: pedimos oraciones y sacrificios por la vida de un beb\u00e9 de tres meses y una semana","date":"11 abril 2014","format":false,"excerpt":"Hoy en la vigilia de los 40 d\u00edas por la vida se present\u00f3 una joven llamada Paola, despu\u00e9s de visitar la cl\u00ednica de aborto Morgantaler, desesperada pidi\u00f3 nuestra ayuda, pues su madre la presiona para abortar. Ella sabe que el aborto es el peor de los pecados y que ser\u00eda\u2026","rel":"","context":"En \u00ab40 D\u00edas por la vida\u00bb","img":{"alt_text":"","src":"https:\/\/i0.wp.com\/catolicasmexico.com\/blog\/wp-content\/uploads\/2014\/04\/20140411-181017.jpg?resize=350%2C200","width":350,"height":200},"classes":[]},{"id":1860,"url":"http:\/\/catolicasmexico.com\/blog\/el-dr-dor-condenado-por-un-rosario-y-una-medalla-milagrosa\/","url_meta":{"origin":4091,"position":4},"title":"El Dr. Dor: condenado por un Rosario y una Medalla Milagrosa...","date":"19 septiembre 2013","format":false,"excerpt":"Traducci\u00f3n libre y edici\u00f3n de Alejandro P. para catolicasmexico.com Por un par de zapatos y una Medalla Milagrosa a una mujer que deseaba un aborto, nuestro m\u00e9dico amigo el doctor Xavier Dor fue condenado a une multa de 8.000 euros y a 2.000 euros por da\u00f1os y perjuicios este 16\u2026","rel":"","context":"En \u00abAborto\u00bb","img":{"alt_text":"","src":"https:\/\/i0.wp.com\/catolicasmexico.com\/blog\/wp-content\/uploads\/2013\/09\/media-388952-2.jpg?resize=350%2C200","width":350,"height":200},"classes":[]},{"id":1769,"url":"http:\/\/catolicasmexico.com\/blog\/los-democratas-agradecen-a-dios-por-el-aborto\/","url_meta":{"origin":4091,"position":5},"title":"Los dem\u00f3cratas agradecen a Dios por el aborto.","date":"5 septiembre 2013","format":false,"excerpt":"Midge Slater, una activista pro-aborto, acompa\u00f1ada por dos candidatos dem\u00f3cratas para gobernador de Iowa, agradecieron a Dios por el aborto y rezaron para que haya a\u00fan m\u00e1s, puesto que el aborto por \"telemedicina\" ha sido prohibido en el estado y su pr\u00e1ctica a disminuido en un 30% en cinco a\u00f1os\u2026","rel":"","context":"En \u00abAborto\u00bb","img":{"alt_text":"","src":"","width":0,"height":0},"classes":[]}],"jetpack_likes_enabled":false,"jetpack_sharing_enabled":true,"_links":{"self":[{"href":"http:\/\/catolicasmexico.com\/blog\/wp-json\/wp\/v2\/posts\/4091"}],"collection":[{"href":"http:\/\/catolicasmexico.com\/blog\/wp-json\/wp\/v2\/posts"}],"about":[{"href":"http:\/\/catolicasmexico.com\/blog\/wp-json\/wp\/v2\/types\/post"}],"author":[{"embeddable":true,"href":"http:\/\/catolicasmexico.com\/blog\/wp-json\/wp\/v2\/users\/5"}],"replies":[{"embeddable":true,"href":"http:\/\/catolicasmexico.com\/blog\/wp-json\/wp\/v2\/comments?post=4091"}],"version-history":[{"count":4,"href":"http:\/\/catolicasmexico.com\/blog\/wp-json\/wp\/v2\/posts\/4091\/revisions"}],"predecessor-version":[{"id":4096,"href":"http:\/\/catolicasmexico.com\/blog\/wp-json\/wp\/v2\/posts\/4091\/revisions\/4096"}],"wp:featuredmedia":[{"embeddable":true,"href":"http:\/\/catolicasmexico.com\/blog\/wp-json\/wp\/v2\/media\/4092"}],"wp:attachment":[{"href":"http:\/\/catolicasmexico.com\/blog\/wp-json\/wp\/v2\/media?parent=4091"}],"wp:term":[{"taxonomy":"category","embeddable":true,"href":"http:\/\/catolicasmexico.com\/blog\/wp-json\/wp\/v2\/categories?post=4091"},{"taxonomy":"post_tag","embeddable":true,"href":"http:\/\/catolicasmexico.com\/blog\/wp-json\/wp\/v2\/tags?post=4091"}],"curies":[{"name":"wp","href":"https:\/\/api.w.org\/{rel}","templated":true}]}}