{"id":4084,"date":"2015-11-13T15:32:11","date_gmt":"2015-11-13T21:32:11","guid":{"rendered":"http:\/\/catolicasmexico.com\/blog\/?p=4084"},"modified":"2015-11-13T15:32:10","modified_gmt":"2015-11-13T21:32:10","slug":"estaba-a-punto-de-abortar-cuando-dios-le-hablo","status":"publish","type":"post","link":"http:\/\/catolicasmexico.com\/blog\/estaba-a-punto-de-abortar-cuando-dios-le-hablo\/","title":{"rendered":"Estaba a punto de abortar cuando Dios le habl\u00f3"},"content":{"rendered":"<p>&nbsp;<\/p>\n<p><a href=\"http:\/\/catolicasmexico.com\/blog\/wp-content\/uploads\/2015\/11\/jamiejeffries.png\"><img data-attachment-id=\"4085\" data-permalink=\"http:\/\/catolicasmexico.com\/blog\/estaba-a-punto-de-abortar-cuando-dios-le-hablo\/jamiejeffries\/\" data-orig-file=\"http:\/\/catolicasmexico.com\/blog\/wp-content\/uploads\/2015\/11\/jamiejeffries.png\" data-orig-size=\"599,383\" data-comments-opened=\"1\" data-image-meta=\"{&quot;aperture&quot;:&quot;0&quot;,&quot;credit&quot;:&quot;&quot;,&quot;camera&quot;:&quot;&quot;,&quot;caption&quot;:&quot;&quot;,&quot;created_timestamp&quot;:&quot;0&quot;,&quot;copyright&quot;:&quot;&quot;,&quot;focal_length&quot;:&quot;0&quot;,&quot;iso&quot;:&quot;0&quot;,&quot;shutter_speed&quot;:&quot;0&quot;,&quot;title&quot;:&quot;&quot;,&quot;orientation&quot;:&quot;0&quot;}\" data-image-title=\"jamiejeffries\" data-image-description=\"\" data-medium-file=\"http:\/\/catolicasmexico.com\/blog\/wp-content\/uploads\/2015\/11\/jamiejeffries-300x192.png\" data-large-file=\"http:\/\/catolicasmexico.com\/blog\/wp-content\/uploads\/2015\/11\/jamiejeffries.png\" class=\"alignleft size-full wp-image-4085\" src=\"http:\/\/catolicasmexico.com\/blog\/wp-content\/uploads\/2015\/11\/jamiejeffries.png\" alt=\"jamiejeffries\" width=\"599\" height=\"383\" srcset=\"http:\/\/catolicasmexico.com\/blog\/wp-content\/uploads\/2015\/11\/jamiejeffries.png 599w, http:\/\/catolicasmexico.com\/blog\/wp-content\/uploads\/2015\/11\/jamiejeffries-300x192.png 300w, http:\/\/catolicasmexico.com\/blog\/wp-content\/uploads\/2015\/11\/jamiejeffries-150x150.png 150w\" sizes=\"100vw\" \/> <\/a><\/p>\n<p>\u00bfC\u00f3mo es tener 16 a\u00f1os y estar embarazada?<\/p>\n<p>Jamie Jeffries, autora del blog <em>Esposa Provida<\/em>, comparte c\u00f3mo una amiga abri\u00f3 los ojos ante las dificultades y las tentaciones de una adolescente embarazada.<\/p>\n<p>La amiga de Jeffries, Donanne, comparti\u00f3 su experiencia en el blog:<\/p>\n<p style=\"padding-left: 30px;\">Ten\u00eda 15 cuando qued\u00e9 embarazada de Sean. No estaba en una buena relaci\u00f3n; le gustaba mucho la manipulaci\u00f3n. Nunca pens\u00e9 que pondr\u00eda soportar eso, pero lo hice y no fue bueno. Cuando me enter\u00e9 de que estaba embarazada hab\u00eda acabado de cumplir 16. Me dijo que abortase y yo estaba muy asustada. Pens\u00e9 que nunca contemplar\u00eda eso&#8230; pero lo hice.<\/p>\n<p style=\"padding-left: 30px;\">Fui a Planned Parenthood.<\/p>\n<p>Donanne cuenta que nunca le dijo a sus padres sobre ir al abortorio. Caminaba e iba llorando asustada. Cuando la llamaron e hizo un ultrasonido, Donanne dijo que que quer\u00eda ver la pantalla.<\/p>\n<p style=\"padding-left: 30px;\">\u2026 \u00abNo, ser\u00e1 mejor [para usted] que no vea.\u00bb<\/p>\n<p style=\"padding-left: 30px;\">En ese momento estaba llorando a\u00fan m\u00e1s y comenc\u00e9 a orar.<\/p>\n<p style=\"padding-left: 30px;\">De repente el tiempo se detuvo y Dios me estaba diciendo que me levantase y que me fuese y que todo estar\u00eda bien. Y as\u00ed lo hice.<\/p>\n<p style=\"padding-left: 30px;\">Le dije que era una locura y que no iba a matar a mi beb\u00e9. Ella me mir\u00f3 como si yo fuese la loca. Entonces agarr\u00e9 mis cosas y sal\u00ed de all\u00ed.<\/p>\n<p>Donanne dio a luz a un ni\u00f1o el 10 de mayo de 2002. Dijo que su embarazo no fue f\u00e1cil, incluso despu\u00e9s de que ella eligi\u00f3 la vida para su hijo. Las personas en la escuela, incluso los que consideraba como amigos, le dec\u00edan cosas malas.<\/p>\n<p>Sin embargo, dijo Donanne, su hijo tambi\u00e9n le ayud\u00f3 a darle la vuelta a su vida. Ella hab\u00eda ten\u00eda dificultades en la escuela, pero su hijo la hizo luchar para obtener mejores calificaciones.<\/p>\n<p>\u00abSin Dios que me dio a este beb\u00e9 no s\u00e9 qu\u00e9 hubiera pasado; Iba por un mal camino oscuro,\u00bb dijo Donanne.<\/p>\n<p>La historia de Donanne es un buen recordatorio de c\u00f3mo se sienten muchas mujeres cuando piensan en el aborto, Jamie escribi\u00f3 en su blog.<\/p>\n<p>\u00abNo todas las mujeres quieren matar a sus beb\u00e9s; muchas de ellas est\u00e1n simplemente aterrorizadas\u00bb, escribi\u00f3 Jamie.<\/p>\n<p>Es un desaf\u00edo al que los pro-vida est\u00e1n confrontados \u2013 apoyar a mujeres embarazadas que tienen miedo y &nbsp;se sienten inseguras. Hoy m\u00e1s que nunca las madres embarazadas tienen acceso a la ayuda para escoger la vida. M\u00e1s de 2.000 &nbsp;centros &nbsp;de embarazo &nbsp;de los Estados Unidos ofrecen a las mujeres y a sus beb\u00e9s esperanza y ayuda.<\/p>\n","protected":false},"excerpt":{"rendered":"<p>&nbsp; \u00bfC\u00f3mo es tener 16 a\u00f1os y estar embarazada? Jamie Jeffries, autora del blog Esposa Provida, comparte c\u00f3mo una amiga abri\u00f3 los ojos ante las dificultades y las tentaciones de una adolescente embarazada. La amiga de Jeffries, Donanne, comparti\u00f3 su experiencia en el blog: Ten\u00eda 15 cuando qued\u00e9 embarazada de Sean. No estaba en una [&hellip;]<\/p>\n","protected":false},"author":5,"featured_media":4085,"comment_status":"open","ping_status":"open","sticky":false,"template":"","format":"standard","meta":{"spay_email":"","jetpack_publicize_message":"","jetpack_is_tweetstorm":false},"categories":[9,72,25],"tags":[718,791,792],"aioseo_notices":[],"jetpack_featured_media_url":"http:\/\/catolicasmexico.com\/blog\/wp-content\/uploads\/2015\/11\/jamiejeffries.png","jetpack_publicize_connections":[],"jetpack_shortlink":"https:\/\/wp.me\/p3B5XH-13S","jetpack-related-posts":[{"id":3669,"url":"http:\/\/catolicasmexico.com\/blog\/conmovedor-y-valiente-testimonio-de-una-chica-que-aborto-en-las-noches-empece-a-sonar-con-mi-bebe-ya-sea-que-lo-sonaba-dandole-de-amamantar-o-que-aun-estaba-embarazada-era-un-bb-hermoso\/","url_meta":{"origin":4084,"position":0},"title":"Conmovedor y valiente testimonio de una chica que abort\u00f3 \u00a0...\"En las noches empec\u00e9 a so\u00f1ar con mi bebe, ya sea que lo so\u00f1aba dandole de amamantar o que aun estaba embarazada, era un bb hermoso, sus ojos brillaban como la luna y ten\u00eda una tierna mirada\"...","date":"19 marzo 2015","format":false,"excerpt":"Entrevista concedida a CMBuenas tardes; hermana\u00bfCu\u00e1l es tu nombre y tu edad?Cintia Alejandra Orivio Iturbe..tengo 36 a\u00f1os.\u00a0Para dar un testimonio se necesita mucho valor\u00a0\u00bfQu\u00e9 te anim\u00f3 a contarnos tu historia?Bueno, me anim\u00f3 el hecho que hasta el d\u00eda de hoy he visto que el aborto ya se les hace com\u00fan\u2026","rel":"","context":"En \u00abAborto\u00bb","img":{"alt_text":"","src":"https:\/\/i2.wp.com\/catolicasmexico.com\/blog\/wp-content\/uploads\/2015\/03\/IMG_0190.jpg?resize=350%2C200","width":350,"height":200},"classes":[]},{"id":3263,"url":"http:\/\/catolicasmexico.com\/blog\/valiente-chica-visita-al-santisimo-y-dice-si-a-la-vida-gloria-a-dios\/","url_meta":{"origin":4084,"position":1},"title":"Valiente chica visita al Sant\u00edsimo y dice s\u00ed a la vida. \u00a1Gloria a Dios!","date":"17 julio 2014","format":false,"excerpt":"Jazmin Berenice\" nacio el 7 de julio a las 6:10 pm peso 3700 y midio 55 cms. Hola: mi nombre es Jaqueline Gutierrez tengo 18 a\u00f1os qued\u00e9 embarazada a los 18 cumplidos estudiaba mi prepa solo me faltaba 1 bimestre para terminar mi prepa pero no la termin\u00e9, me dedique\u2026","rel":"","context":"En \u00abAborto\u00bb","img":{"alt_text":"","src":"https:\/\/i1.wp.com\/catolicasmexico.com\/blog\/wp-content\/uploads\/2014\/07\/20140722-195720.jpg?resize=350%2C200","width":350,"height":200},"classes":[]},{"id":4409,"url":"http:\/\/catolicasmexico.com\/blog\/nace-un-bebe-milagrosamente-al-sobrevivir-a-un-aborto-a-las-7-semanas-de-gestacion\/","url_meta":{"origin":4084,"position":2},"title":"Nace un beb\u00e9 milagrosamente al sobrevivir a un aborto a las 7 semanas de gestaci\u00f3n.","date":"9 junio 2016","format":false,"excerpt":"Vicky Harper, de 24 a\u00f1os viv\u00eda una situaci\u00f3n financiera dif\u00edcil cuando descubri\u00f3 que estaba embarazada de su tercer hijo. Preocupada y asustada, decidi\u00f3 que era mejor abortar a su beb\u00e9.\u00a0 Su novio Kennan McIvor, de 19 a\u00f1os, le asegur\u00f3 que estaba dispuesto a cuidar de ella y el beb\u00e9, pero\u2026","rel":"","context":"En \u00abAborto\u00bb","img":{"alt_text":"","src":"https:\/\/i1.wp.com\/catolicasmexico.com\/blog\/wp-content\/uploads\/2016\/06\/IMG_0689.jpg?resize=350%2C200","width":350,"height":200},"classes":[]},{"id":4614,"url":"http:\/\/catolicasmexico.com\/blog\/adolescente-que-pensaba-hace-un-aborto-cambia-de-opinion-gracias-al-apoyo-de-de-sus-padres\/","url_meta":{"origin":4084,"position":3},"title":"Adolescente que pensaba hace un aborto, cambia de opini\u00f3n gracias al apoyo de de sus padres.\u00a0","date":"21 julio 2017","format":false,"excerpt":"Art\u00edculo de Life action News (Campagne Qu\u00e9bec Vie) En 2013 mi vida cambi\u00f3 para siempre. Ten\u00eda 18 a\u00f1os y viv\u00eda una vida normal. Obtuve mi diploma de secundaria y viv\u00eda con mi familia. Ten\u00eda dos trabajos y un novio simp\u00e1tico. Una ma\u00f1ana me levant\u00e9 para ir al trabajo y sent\u00ed\u2026","rel":"","context":"En \u00abAborto\u00bb","img":{"alt_text":"","src":"https:\/\/i2.wp.com\/catolicasmexico.com\/blog\/wp-content\/uploads\/2017\/07\/mother-child-smiling-1.jpg?resize=350%2C200","width":350,"height":200},"classes":[]},{"id":4273,"url":"http:\/\/catolicasmexico.com\/blog\/una-madre-australiana-embarazada-de-quintillizos-se-niega-a-abortar\/","url_meta":{"origin":4084,"position":4},"title":"Una madre australiana embarazada de quintillizos se niega a abortar.\u00a0","date":"1 marzo 2016","format":false,"excerpt":"Por Nancy Flanders de lifenews.com del sitio www.cqv.cq.ca traducci\u00f3n CM Kim Tucci y su marido eran padres de dos ni\u00f1as cuando decidieron tener otro beb\u00e9, con la esperanza de agregar a un ni\u00f1o a su familia. Nunca hubieran pensado que se embarazar\u00eda de cinco beb\u00e9s: el ni\u00f1o que esperaban adem\u00e1s\u2026","rel":"","context":"En \u00abAborto\u00bb","img":{"alt_text":"","src":"https:\/\/i1.wp.com\/catolicasmexico.com\/blog\/wp-content\/uploads\/2016\/03\/IMG_0457.jpg?resize=350%2C200","width":350,"height":200},"classes":[]},{"id":1233,"url":"http:\/\/catolicasmexico.com\/blog\/historia-de-una-violacion-y-un-embarazo\/","url_meta":{"origin":4084,"position":5},"title":"Historia de una violaci\u00f3n y un embarazo.","date":"11 julio 2013","format":false,"excerpt":"Del blog de www.cqv.cq.ca del blog mamanpourlavie.com 19 mayo 2010 Traducci\u00f3n y edici\u00f3n libre www.catolicasmexico.com A los 18 a\u00f1os, yo era un estudiante en la Universidad cuando fui v\u00edctima de una violaci\u00f3n. Esto fue la peor experiencia de mi vida. Fui golpeada y violada por dos hombres en un callej\u00f3n\u2026","rel":"","context":"En \u00abAborto\u00bb","img":{"alt_text":"","src":"","width":0,"height":0},"classes":[]}],"jetpack_likes_enabled":false,"jetpack_sharing_enabled":true,"_links":{"self":[{"href":"http:\/\/catolicasmexico.com\/blog\/wp-json\/wp\/v2\/posts\/4084"}],"collection":[{"href":"http:\/\/catolicasmexico.com\/blog\/wp-json\/wp\/v2\/posts"}],"about":[{"href":"http:\/\/catolicasmexico.com\/blog\/wp-json\/wp\/v2\/types\/post"}],"author":[{"embeddable":true,"href":"http:\/\/catolicasmexico.com\/blog\/wp-json\/wp\/v2\/users\/5"}],"replies":[{"embeddable":true,"href":"http:\/\/catolicasmexico.com\/blog\/wp-json\/wp\/v2\/comments?post=4084"}],"version-history":[{"count":3,"href":"http:\/\/catolicasmexico.com\/blog\/wp-json\/wp\/v2\/posts\/4084\/revisions"}],"predecessor-version":[{"id":4088,"href":"http:\/\/catolicasmexico.com\/blog\/wp-json\/wp\/v2\/posts\/4084\/revisions\/4088"}],"wp:featuredmedia":[{"embeddable":true,"href":"http:\/\/catolicasmexico.com\/blog\/wp-json\/wp\/v2\/media\/4085"}],"wp:attachment":[{"href":"http:\/\/catolicasmexico.com\/blog\/wp-json\/wp\/v2\/media?parent=4084"}],"wp:term":[{"taxonomy":"category","embeddable":true,"href":"http:\/\/catolicasmexico.com\/blog\/wp-json\/wp\/v2\/categories?post=4084"},{"taxonomy":"post_tag","embeddable":true,"href":"http:\/\/catolicasmexico.com\/blog\/wp-json\/wp\/v2\/tags?post=4084"}],"curies":[{"name":"wp","href":"https:\/\/api.w.org\/{rel}","templated":true}]}}