{"id":4035,"date":"2015-10-13T09:56:54","date_gmt":"2015-10-13T14:56:54","guid":{"rendered":"http:\/\/catolicasmexico.com\/blog\/la-camara-de-representantes-aprobo-un-proyecto-de-ley-que-considera-que-matar-a-un-nino-nacido-vivo-despues-de-un-aborto-fallido-sera-considerado-como-asesinato-en-primer-grado\/"},"modified":"2015-10-13T09:56:54","modified_gmt":"2015-10-13T14:56:54","slug":"la-camara-de-representantes-aprobo-un-proyecto-de-ley-que-considera-que-matar-a-un-nino-nacido-vivo-despues-de-un-aborto-fallido-sera-considerado-como-asesinato-en-primer-grado","status":"publish","type":"post","link":"http:\/\/catolicasmexico.com\/blog\/la-camara-de-representantes-aprobo-un-proyecto-de-ley-que-considera-que-matar-a-un-nino-nacido-vivo-despues-de-un-aborto-fallido-sera-considerado-como-asesinato-en-primer-grado\/","title":{"rendered":"la c\u00e1mara de representantes aprob\u00f3 un proyecto de ley que considera que matar a un ni\u00f1o nacido vivo despu\u00e9s de un aborto fallido ser\u00e1 considerado como asesinato en primer grado."},"content":{"rendered":"<p>la c\u00e1mara de representantes aprob\u00f3 un proyecto de ley que considera que matar a un ni\u00f1o nacido vivo despu\u00e9s de un aborto fallido ser\u00e1 considerado como asesinato en primer grado.Por Dustin Siggins de LifeSiteNews -del sitio www.cqv.ca.cq traducci\u00f3n y edici\u00f3n libre CM<br \/>\nWASHINGTON, DC, 18 de septiembre  2015 (LifeSiteNews) &#8211; la c\u00e1mara de representantes aprob\u00f3 un proyecto de ley que considera que matar a un ni\u00f1o nacido vivo despu\u00e9s de un aborto fallido ser\u00e1 considerado como asesinato en primer grado.<br \/>\nEn una votaci\u00f3n de 248 contra 177 votos, (&#8230;) la C\u00e1mara aprob\u00f3 la ley HR 3504, \u00abla ley de protecci\u00f3n de los sobrevivientes del aborto \u00ab. Proyecto de ley que fue presentado y discutido gracias a los videos del medical centre progress que revelan que las cl\u00ednicas de aborto practican el infanticidio.<br \/>\nEl proyecto de ley establece que se trata de un asesinato el matar a un beb\u00e9 nacido vivo despu\u00e9s de un aborto fallido y hace obligatoria la declaraci\u00f3n de violaci\u00f3n de la ley. El  Presidente Judicial  de la Comisi\u00f3n Bob Goodlatte, que representa Virginia y el Presidente de la Subcomisi\u00f3n sobre la Constituci\u00f3n Trent Franks, que representa Arizona, dijo en un comunicado que \u00abesta ley env\u00eda un fuerte mensaje a aquellos que est\u00e1n en la horrible industria del aborto :  hay consecuencias reales para quienes matan o abandonar a los ni\u00f1os despu\u00e9s de que se salen del vientre de una madre. \u00bb<\/p>\n","protected":false},"excerpt":{"rendered":"<p>la c\u00e1mara de representantes aprob\u00f3 un proyecto de ley que considera que matar a un ni\u00f1o nacido vivo despu\u00e9s de un aborto fallido ser\u00e1 considerado como asesinato en primer grado.Por Dustin Siggins de LifeSiteNews -del sitio www.cqv.ca.cq traducci\u00f3n y edici\u00f3n libre CM WASHINGTON, DC, 18 de septiembre 2015 (LifeSiteNews) &#8211; la c\u00e1mara de representantes aprob\u00f3 [&hellip;]<\/p>\n","protected":false},"author":1,"featured_media":4034,"comment_status":"open","ping_status":"open","sticky":false,"template":"","format":"standard","meta":{"spay_email":"","jetpack_publicize_message":"","jetpack_is_tweetstorm":false},"categories":[9,72,70],"tags":[718,768,767],"aioseo_notices":[],"jetpack_featured_media_url":"http:\/\/catolicasmexico.com\/blog\/wp-content\/uploads\/2015\/10\/IMG_0313.jpg","jetpack_publicize_connections":[],"jetpack_shortlink":"https:\/\/wp.me\/p3B5XH-135","jetpack-related-posts":[{"id":732,"url":"http:\/\/catolicasmexico.com\/blog\/la-camara-de-representantes-de-los-estados-unidos-aprueba-el-proyecto-de-ley-que-prohibe-el-aborto-luego-de-la-semana-20-de-gestacion\/","url_meta":{"origin":4035,"position":0},"title":"La C\u00e1mara de Representantes de los Estados Unidos aprueba el proyecto de ley que proh\u00edbe el aborto luego de la semana 20 de gestaci\u00f3n","date":"5 junio 2013","format":false,"excerpt":"Publicado por Steven Ertelt | Washington, DC | LifeNews.com | 6\/4\/13 2:49 PM Resumido y traducido del ingl\u00e9s por Elizabeth de la Teja Bosch para www.catolicasmexico.com Miembros de la C\u00e1mara de Representantes aprobaron el proyecto de ley congresal que proh\u00edbe el aborto luego de la semana 20 de gestaci\u00f3n. El\u2026","rel":"","context":"En \u00abAborto\u00bb","img":{"alt_text":"","src":"https:\/\/i0.wp.com\/catolicasmexico.com\/blog\/wp-content\/uploads\/2013\/06\/20130605-120416.jpg?resize=350%2C200","width":350,"height":200},"classes":[]},{"id":913,"url":"http:\/\/catolicasmexico.com\/blog\/prohibicion-a-nivel-nacional-del-aborto-a-partir-de-20-semanas-pasa-delante-de-la-camara-de-representantes\/","url_meta":{"origin":4035,"position":1},"title":"Prohibici\u00f3n  a nivel nacional del aborto a partir de 20 semanas pasa delante de la c\u00e1mara de representantes","date":"19 junio 2013","format":false,"excerpt":"Por Ben Johnson. Traducido y editado por Alejandro P. de wwwcatolicasmexico.com Martes, 18 de junio de 2013 17:30 EST WASHINGTON, D.C., 18 de junio de 2013 (LifeSiteNews.com) \u2013 la c\u00e1mara de representantes ha aprobado un proyecto que podr\u00eda restringir todos los abortos en todo el pa\u00eds a partir de 20\u2026","rel":"","context":"En \u00abAborto\u00bb","img":{"alt_text":"","src":"","width":0,"height":0},"classes":[]},{"id":666,"url":"http:\/\/catolicasmexico.com\/blog\/votacion-la-semana-proxima-en-el-congreso-de-estados-unidos-de-un-proyecto-de-ley-prohibiendo-el-aborto-luego-de-la-semana-20-de-gestacion\/","url_meta":{"origin":4035,"position":2},"title":"Votaci\u00f3n la semana pr\u00f3xima en el Congreso de Estados Unidos de un proyecto de ley prohibiendo el aborto luego de la semana 20 de gestaci\u00f3n","date":"2 junio 2013","format":false,"excerpt":"Publicado por Steven Ertelt | Washington, DC | LifeNews.com | 5\/31\/13 3:37 PM Traducido del ingl\u00e9s por Elizabeth de la Teja Bosch para www.catolicasmexico.com Miembros de la C\u00e1mara de Representantes de Estados Unidos emitir\u00e1n su voto acerca del proyecto de ley congresal que prohibir\u00eda el aborto luego de la semana\u2026","rel":"","context":"En \u00abAborto\u00bb","img":{"alt_text":"","src":"","width":0,"height":0},"classes":[]},{"id":31,"url":"http:\/\/catolicasmexico.com\/blog\/31\/","url_meta":{"origin":4035,"position":3},"title":"Juicio contra el m\u00e9dico Kermit Gosnell","date":"21 abril 2013","format":false,"excerpt":"\u00a0 Filadelfia.12 Abr. 13 \/ 06:37 pm (ACI\/EWTN Noticias).- El juicio contra el m\u00e9dico Kermit Gosnell, acusado de asesinar a beb\u00e9s que sobrevivieron a los abortos tard\u00edos que practic\u00f3 en su cl\u00ednica de Filadelfia, ha destapado el horror del negocio del\u00a0aborto\u00a0con la aparici\u00f3n de fotograf\u00edas de beb\u00e9s decapitados y cuerpos\u2026","rel":"","context":"En \u00abAborto\u00bb","img":{"alt_text":"","src":"https:\/\/i0.wp.com\/catolicasmexico.com\/blog\/wp-content\/uploads\/2013\/04\/image.jpeg?resize=350%2C200","width":350,"height":200},"classes":[]},{"id":2148,"url":"http:\/\/catolicasmexico.com\/blog\/putin-promulga-ley-que-prohibe-hacer-publicidad-de-clinicas-abortivas\/","url_meta":{"origin":4035,"position":4},"title":"Putin promulga ley que proh\u00edbe hacer publicidad de cl\u00ednicas abortivas","date":"28 noviembre 2013","format":false,"excerpt":"(Infocatolica)El presidente ruso, Vlad\u00edmir Putin, promulg\u00f3 hoy una ley que proh\u00edbe la publicidad del aborto en un intento de incrementar la natalidad en un pa\u00eds afectado por el alarmante envejecimiento de su poblaci\u00f3n. La nueva ley proh\u00edbe la publicidad de todos los servicios m\u00e9dicos destinados a acabar con la vida\u2026","rel":"","context":"En \u00abAborto\u00bb","img":{"alt_text":"","src":"https:\/\/i0.wp.com\/catolicasmexico.com\/blog\/wp-content\/uploads\/2013\/11\/putin2.jpg?resize=350%2C200","width":350,"height":200},"classes":[]},{"id":4949,"url":"http:\/\/catolicasmexico.com\/blog\/el-aborto-mata-a-un-ser-humano\/","url_meta":{"origin":4035,"position":5},"title":"El aborto mata a un ser humano.","date":"5 agosto 2020","format":false,"excerpt":"Algunas especies de animales benefician de una protecci\u00f3n jur\u00eddica en pa\u00edses como Canad\u00e1. Sin embargo no existe ninguna protecci\u00f3n para el ni\u00f1o en el vientre materno. Algunos animales son tratados con m\u00e1s respeto que un beb\u00e9 antes de su nacimiento. \u00bfEl ni\u00f1o en el seno materno es un ser humano?\u2026","rel":"","context":"En \u00abAborto\u00bb","img":{"alt_text":"","src":"https:\/\/i0.wp.com\/catolicasmexico.com\/blog\/wp-content\/uploads\/2020\/08\/c7600f24-2bb1-4f0a-b47b-f2ea6c37d2fe-898-00000457eab088e4-1.jpg?resize=350%2C200","width":350,"height":200},"classes":[]}],"jetpack_likes_enabled":false,"jetpack_sharing_enabled":true,"_links":{"self":[{"href":"http:\/\/catolicasmexico.com\/blog\/wp-json\/wp\/v2\/posts\/4035"}],"collection":[{"href":"http:\/\/catolicasmexico.com\/blog\/wp-json\/wp\/v2\/posts"}],"about":[{"href":"http:\/\/catolicasmexico.com\/blog\/wp-json\/wp\/v2\/types\/post"}],"author":[{"embeddable":true,"href":"http:\/\/catolicasmexico.com\/blog\/wp-json\/wp\/v2\/users\/1"}],"replies":[{"embeddable":true,"href":"http:\/\/catolicasmexico.com\/blog\/wp-json\/wp\/v2\/comments?post=4035"}],"version-history":[{"count":0,"href":"http:\/\/catolicasmexico.com\/blog\/wp-json\/wp\/v2\/posts\/4035\/revisions"}],"wp:featuredmedia":[{"embeddable":true,"href":"http:\/\/catolicasmexico.com\/blog\/wp-json\/wp\/v2\/media\/4034"}],"wp:attachment":[{"href":"http:\/\/catolicasmexico.com\/blog\/wp-json\/wp\/v2\/media?parent=4035"}],"wp:term":[{"taxonomy":"category","embeddable":true,"href":"http:\/\/catolicasmexico.com\/blog\/wp-json\/wp\/v2\/categories?post=4035"},{"taxonomy":"post_tag","embeddable":true,"href":"http:\/\/catolicasmexico.com\/blog\/wp-json\/wp\/v2\/tags?post=4035"}],"curies":[{"name":"wp","href":"https:\/\/api.w.org\/{rel}","templated":true}]}}