{"id":4024,"date":"2015-10-09T17:51:35","date_gmt":"2015-10-09T22:51:35","guid":{"rendered":"http:\/\/catolicasmexico.com\/blog\/?p=4024"},"modified":"2015-10-10T09:35:44","modified_gmt":"2015-10-10T14:35:44","slug":"disney-deja-de-insultar-a-la-madre-de-dios-promover-el-aborto-y-atacar-a-la-iglesia","status":"publish","type":"post","link":"http:\/\/catolicasmexico.com\/blog\/disney-deja-de-insultar-a-la-madre-de-dios-promover-el-aborto-y-atacar-a-la-iglesia\/","title":{"rendered":"Disney:\u00a1 Deja de insultar a la Madre de Dios, promover el aborto y atacar a la Iglesia!"},"content":{"rendered":"<p>&nbsp;Tambi\u00e9n dijo que a veces piensa que el aborto deber\u00eda ser obligatorio para frenar el crecimiento de la poblaci\u00f3n o diciendo a los estudiantes que ignoren \u00abla  m\u2026\u00bb que est\u00e1 en la Biblia y que la Biblia es un texto radical a favor de la esclavitud.<br \/>\nhttp:\/\/www.tfp.org\/act\/petition\/the-real-oneals\/<\/p>\n<p>Disney est\u00e1 organizando una serie de TV llamada the Real O&#8217;Neals que promueve el estilo de vida homosexual y protagoniza al activista homosexual Dan Savage.<\/p>\n<p>El tr\u00e1iler tambi\u00e9n difama e insulta a la Madre de Dios de manera vulgar colocando una estatua de ella en el ba\u00f1o y da un motivo profano de el por qu\u00e9 \u00e9sta se encuentra en este lugar.&nbsp;<\/p>\n<p>Pero eso no es todo.&nbsp;<\/p>\n<p>Savage ataca &nbsp;constantemente al cristianismo y dijo que le gustar\u00eda \u00absodomizar &nbsp;a Rick Santorum\u00bb porque\u00bb lo necesita\u00bb y que desear\u00eda que todos los republicanos estuviesen muertos! (Newsbusters.org, 30 de marzo de 2015)<\/p>\n<p>Tambi\u00e9n dijo que a veces piensa que el aborto deber\u00eda ser obligatorio para frenar el crecimiento de la poblaci\u00f3n o diciendo a los estudiantes que ignoren \u00abla&nbsp; m\u2026\u00bb que est\u00e1 en la Biblia y que la Biblia es un texto radical a favor de la esclavitud.<\/p>\n<p><img data-attachment-id=\"4026\" data-permalink=\"http:\/\/catolicasmexico.com\/blog\/disney-deja-de-insultar-a-la-madre-de-dios-promover-el-aborto-y-atacar-a-la-iglesia\/dan-savage\/\" data-orig-file=\"http:\/\/catolicasmexico.com\/blog\/wp-content\/uploads\/2015\/10\/dan-savage.jpg\" data-orig-size=\"740,478\" data-comments-opened=\"1\" data-image-meta=\"{&quot;aperture&quot;:&quot;0&quot;,&quot;credit&quot;:&quot;&quot;,&quot;camera&quot;:&quot;&quot;,&quot;caption&quot;:&quot;&quot;,&quot;created_timestamp&quot;:&quot;0&quot;,&quot;copyright&quot;:&quot;&quot;,&quot;focal_length&quot;:&quot;0&quot;,&quot;iso&quot;:&quot;0&quot;,&quot;shutter_speed&quot;:&quot;0&quot;,&quot;title&quot;:&quot;&quot;,&quot;orientation&quot;:&quot;0&quot;}\" data-image-title=\"dan-savage\" data-image-description=\"\" data-medium-file=\"http:\/\/catolicasmexico.com\/blog\/wp-content\/uploads\/2015\/10\/dan-savage-300x194.jpg\" data-large-file=\"http:\/\/catolicasmexico.com\/blog\/wp-content\/uploads\/2015\/10\/dan-savage.jpg\" class=\"wp-image-4026 alignnone\" src=\"http:\/\/catolicasmexico.com\/blog\/wp-content\/uploads\/2015\/10\/dan-savage.jpg\" alt=\"dan-savage\" width=\"233\" height=\"152\" srcset=\"http:\/\/catolicasmexico.com\/blog\/wp-content\/uploads\/2015\/10\/dan-savage.jpg 233w, http:\/\/catolicasmexico.com\/blog\/wp-content\/uploads\/2015\/10\/dan-savage-150x150.jpg 150w\" sizes=\"100vw\" \/> <\/p>\n<p>\u00bfPor qu\u00e9 son tales atroces insultos son permitidos en Disney Channel? \u00bfEsto es lo que quiere que sus hijos vean?<\/p>\n<p>Dile a Disney\/ABC que no aguantaremos tales insultos al cristianismo y que deje de promocionar la agenda homosexual.<\/p>\n<p><strong>Firmemos la peticion en el enlace:<\/strong><\/p>\n<p>http:\/\/www.tfp.org\/act\/petition\/the-real-oneals\/<\/p>\n","protected":false},"excerpt":{"rendered":"<p>&nbsp;Tambi\u00e9n dijo que a veces piensa que el aborto deber\u00eda ser obligatorio para frenar el crecimiento de la poblaci\u00f3n o diciendo a los estudiantes que ignoren \u00abla m\u2026\u00bb que est\u00e1 en la Biblia y que la Biblia es un texto radical a favor de la esclavitud. http:\/\/www.tfp.org\/act\/petition\/the-real-oneals\/ Disney est\u00e1 organizando una serie de TV llamada [&hellip;]<\/p>\n","protected":false},"author":5,"featured_media":4026,"comment_status":"open","ping_status":"open","sticky":false,"template":"","format":"standard","meta":{"spay_email":"","jetpack_publicize_message":"","jetpack_is_tweetstorm":false},"categories":[335,72,12,13],"tags":[764,766,765],"aioseo_notices":[],"jetpack_featured_media_url":"http:\/\/catolicasmexico.com\/blog\/wp-content\/uploads\/2015\/10\/dan-savage.jpg","jetpack_publicize_connections":[],"jetpack_shortlink":"https:\/\/wp.me\/p3B5XH-12U","jetpack-related-posts":[{"id":120,"url":"http:\/\/catolicasmexico.com\/blog\/la-biblia-y-el-aborto\/","url_meta":{"origin":4024,"position":0},"title":"LA BIBLIA Y EL ABORTO","date":"29 abril 2013","format":false,"excerpt":"Articulo De Campagne Quebec Vie. Traducci\u00f3n libre. La Biblia no habla directamente del aborto, porque dentro de esta, se condena el asesinato en toda circunstancia. Se afirma que el embri\u00f3n es un ser humano, que posee un alma desde el instante mismo de la concepci\u00f3n. He aqui, la descripci\u00f3n del\u2026","rel":"","context":"En \u00abAborto\u00bb","img":{"alt_text":"","src":"https:\/\/i0.wp.com\/catolicasmexico.com\/blog\/wp-content\/uploads\/2013\/04\/1355172936dkk4y.jpg?resize=350%2C200","width":350,"height":200},"classes":[]},{"id":2659,"url":"http:\/\/catolicasmexico.com\/blog\/defendamos-a-la-iglesia-catolica-de-la-comision-de-naciones-unidas-que-pide-que-cambie-su-doctrina-sobre-el-aborto\/","url_meta":{"origin":4024,"position":1},"title":"Defendamos a la Iglesia Cat\u00f3lica de la Comisi\u00f3n de Naciones Unidas que pide que cambie su doctrina sobre el aborto.","date":"4 marzo 2014","format":false,"excerpt":"Hemos recibido esta informaci\u00f3n: 03 de marzo de 2014 Queridos amigos, Estoy fuera de m\u00ed. Hoy, una Comisi\u00f3n de las Naciones Unidas orden\u00f3 a la iglesia cat\u00f3lica que permita que los ni\u00f1os tengan relaciones y que cambie su doctrina sobre la anticoncepci\u00f3n. El Comit\u00e9 tambi\u00e9n pidi\u00f3 a la iglesia que\u2026","rel":"","context":"En \u00abAborto\u00bb","img":{"alt_text":"","src":"","width":0,"height":0},"classes":[]},{"id":965,"url":"http:\/\/catolicasmexico.com\/blog\/pelosi-se-rie-de-la-carta-del-sacerdote-que-desafio-su-posicion-sobre-el-aborto-esta-actuando-histericamente\/","url_meta":{"origin":4024,"position":2},"title":"Pelosi se r\u00ede de la carta del sacerdote que desafi\u00f3 su posici\u00f3n sobre el aborto: \"Est\u00e1 actuando hist\u00e9ricamente\"","date":"27 junio 2013","format":false,"excerpt":"Por John Jalsevac. Traducido y editado por Alejandro P. de www.catolicasmexico.com Martes, 25 de junio de 2013 15:51 25 De junio del 2013 (LifeSiteNews.com) - La ex presidente de la c\u00e1mara de representantes, Nancy Pelosi se ha re\u00eddo de una carta redactada por el fundador de Sacerdotes por la Vida,\u2026","rel":"","context":"En \u00abAborto\u00bb","img":{"alt_text":"","src":"https:\/\/i0.wp.com\/catolicasmexico.com\/blog\/wp-content\/uploads\/2013\/07\/Nacy-Pelosi-1024x1024.jpeg?resize=350%2C200","width":350,"height":200},"classes":[]},{"id":757,"url":"http:\/\/catolicasmexico.com\/blog\/el-ave-maria-de-un-nino-testimonio\/","url_meta":{"origin":4024,"position":3},"title":"El Ave Mar\u00eda de un ni\u00f1o.  (Testimonio)","date":"6 junio 2013","format":false,"excerpt":"Origina Revista en franc\u00e9s Vers Demain Traducci\u00f3n y redacci\u00f3n libre P.G. No hay que olvidar este s\u00e1bado se celebra la FIESTA DEL INMACULADO CORAZ\u00d3N DE MAR\u00cdA. Un ni\u00f1o protestante de 6 a\u00f1os de edad, escuchaba a sus campa\u00f1eritos cat\u00f3licos rezar el \"Ave Maria\". Le gustaba tanto, que se aprendi\u00f3 de\u2026","rel":"","context":"En \u00abFamilia\u00bb","img":{"alt_text":"","src":"","width":0,"height":0},"classes":[]},{"id":217,"url":"http:\/\/catolicasmexico.com\/blog\/una-consagrada-es-madre-y-no-una-solterona-dice-el-papa-a-religiosas\/","url_meta":{"origin":4024,"position":4},"title":"Una consagrada es madre y no una solterona, dice el Papa a religiosas.","date":"9 mayo 2013","format":false,"excerpt":"VATICANO, 08 May. 13 \/ 12:01 pm (ACI\/EWTN Noticias).- Esta ma\u00f1ana el Papa Francisco se reuni\u00f3 con unas 900 religiosas de la Uni\u00f3n Internacional de Superioras Generales y les dijo que \"la consagrada es una madre y no una solterona\", al referirse a la castidad fecunda que genera hijos espirituales\u2026","rel":"","context":"En \u00abFe\u00bb","img":{"alt_text":"","src":"https:\/\/i0.wp.com\/catolicasmexico.com\/blog\/wp-content\/uploads\/2013\/05\/image-9.jpeg?resize=350%2C200","width":350,"height":200},"classes":[]},{"id":3504,"url":"http:\/\/catolicasmexico.com\/blog\/pagara-10-000-euros-por-haber-dado-un-par-de-zapatitos-y-una-medalla-a-una-mujer-que-estaba-por-abortar-el-dr-dor-anuncia-que-seguira-adelante-con-la-gracia-de-dios\/","url_meta":{"origin":4024,"position":5},"title":"Pagar\u00e1 10.000 euros por haber dado un par de zapatitos y una medalla a una mujer que estaba por abortar, el Dr. Dor anuncia que seguir\u00e1 adelante \u201ccon la gracia de Dios\u201d","date":"4 noviembre 2014","format":false,"excerpt":"Art\u00edculo original Nouvelles de France traducci\u00f3n y edici\u00f3n libre Mart\u00edn Pacheco para CatolicasMexico. El Dr. Xavier Dor fue condenado por el Tribunal de Apelaci\u00f3n de Paris (Cour d\u2019Appel de Paris) a pagar una multa de 10.000 euros, la mitad de esta de ejecuci\u00f3n condicional, por obstaculizar la interrupci\u00f3n voluntaria de\u2026","rel":"","context":"En \u00abAborto\u00bb","img":{"alt_text":"","src":"https:\/\/i2.wp.com\/catolicasmexico.com\/blog\/wp-content\/uploads\/2014\/11\/20141104-091624.jpg?resize=350%2C200","width":350,"height":200},"classes":[]}],"jetpack_likes_enabled":false,"jetpack_sharing_enabled":true,"_links":{"self":[{"href":"http:\/\/catolicasmexico.com\/blog\/wp-json\/wp\/v2\/posts\/4024"}],"collection":[{"href":"http:\/\/catolicasmexico.com\/blog\/wp-json\/wp\/v2\/posts"}],"about":[{"href":"http:\/\/catolicasmexico.com\/blog\/wp-json\/wp\/v2\/types\/post"}],"author":[{"embeddable":true,"href":"http:\/\/catolicasmexico.com\/blog\/wp-json\/wp\/v2\/users\/5"}],"replies":[{"embeddable":true,"href":"http:\/\/catolicasmexico.com\/blog\/wp-json\/wp\/v2\/comments?post=4024"}],"version-history":[{"count":5,"href":"http:\/\/catolicasmexico.com\/blog\/wp-json\/wp\/v2\/posts\/4024\/revisions"}],"predecessor-version":[{"id":4033,"href":"http:\/\/catolicasmexico.com\/blog\/wp-json\/wp\/v2\/posts\/4024\/revisions\/4033"}],"wp:featuredmedia":[{"embeddable":true,"href":"http:\/\/catolicasmexico.com\/blog\/wp-json\/wp\/v2\/media\/4026"}],"wp:attachment":[{"href":"http:\/\/catolicasmexico.com\/blog\/wp-json\/wp\/v2\/media?parent=4024"}],"wp:term":[{"taxonomy":"category","embeddable":true,"href":"http:\/\/catolicasmexico.com\/blog\/wp-json\/wp\/v2\/categories?post=4024"},{"taxonomy":"post_tag","embeddable":true,"href":"http:\/\/catolicasmexico.com\/blog\/wp-json\/wp\/v2\/tags?post=4024"}],"curies":[{"name":"wp","href":"https:\/\/api.w.org\/{rel}","templated":true}]}}