{"id":4022,"date":"2015-10-09T08:49:02","date_gmt":"2015-10-09T13:49:02","guid":{"rendered":"http:\/\/catolicasmexico.com\/blog\/oracion-de-san-bernardo\/"},"modified":"2015-10-09T16:16:12","modified_gmt":"2015-10-09T21:16:12","slug":"oracion-de-san-bernardo","status":"publish","type":"post","link":"http:\/\/catolicasmexico.com\/blog\/oracion-de-san-bernardo\/","title":{"rendered":"Oraci\u00f3n de San Bernardo."},"content":{"rendered":"<p>Del sitio www.reinadelcielo.org<\/p>\n<p>ACORD\u00c1OS (San Bernardo)Acordaos, oh piadosisima Virgen Mar\u00eda, que jamas se oy\u00f3 decir, que ninguno de cuantos han acudido a vuestra protecci\u00f3n, implorando vuestro auxilio y reclamando vuestro socorro, haya sido jamas abandonado de vos.<\/p>\n<p>Animado por esta confianza, a vos acudo, oh Madre, Virgen de las v\u00edrgenes, y gimiendo bajo el peso de mis pecados me animo a comparecer ante vos.<\/p>\n<p>Madre de Dios, no desech\u00e9is mis suplicas, antes bien, escuchadlas y aceptadlas benignamente.<\/p>\n<p>Amen.<\/p>\n","protected":false},"excerpt":{"rendered":"<p>Del sitio www.reinadelcielo.org ACORD\u00c1OS (San Bernardo)Acordaos, oh piadosisima Virgen Mar\u00eda, que jamas se oy\u00f3 decir, que ninguno de cuantos han acudido a vuestra protecci\u00f3n, implorando vuestro auxilio y reclamando vuestro socorro, haya sido jamas abandonado de vos. Animado por esta confianza, a vos acudo, oh Madre, Virgen de las v\u00edrgenes, y gimiendo bajo el peso [&hellip;]<\/p>\n","protected":false},"author":1,"featured_media":4030,"comment_status":"open","ping_status":"open","sticky":false,"template":"","format":"standard","meta":{"spay_email":"","jetpack_publicize_message":"","jetpack_is_tweetstorm":false},"categories":[258],"tags":[763,761,762],"aioseo_notices":[],"jetpack_featured_media_url":"http:\/\/catolicasmexico.com\/blog\/wp-content\/uploads\/2015\/10\/IMG_0309.jpg","jetpack_publicize_connections":[],"jetpack_shortlink":"https:\/\/wp.me\/p3B5XH-12S","jetpack-related-posts":[{"id":4819,"url":"http:\/\/catolicasmexico.com\/blog\/acordaos-de-san-jose\/","url_meta":{"origin":4022,"position":0},"title":"Acordaos de San Jos\u00e9.","date":"8 enero 2019","format":false,"excerpt":"Acordaos oh casticismo esposo de la Santa Virgen Mar\u00eda! San Jos\u00e9, mi amable protector, que jam\u00e1s se ha escuchado decir que ninguno de aquellos que han invocado vuestra protecci\u00f3n implorando vuestra ayuda haya quedado sin consuelo. Animado de tal confianza a Vos acudo, con todo el fervor de mi alma,\u2026","rel":"","context":"En \u00abOraciones\u00bb","img":{"alt_text":"","src":"","width":0,"height":0},"classes":[]},{"id":4952,"url":"http:\/\/catolicasmexico.com\/blog\/oracion-a-la-virgen-para-cuando-uno-va-salir\/","url_meta":{"origin":4022,"position":1},"title":"Oraci\u00f3n a la Virgen para cuando uno va salir.","date":"5 agosto 2020","format":false,"excerpt":"Consagraci\u00f3n a la Sant\u00edsima Virgen. Oh Se\u00f1ora y madre m\u00eda, yo me ofrezco toda a Vos y en prenda de mi filial afecto Os consagro en este d\u00eda mis ojos, mis o\u00eddos, mi lengua, mi coraz\u00f3n y en una palabra todo mi ser. Ya que soy todo Vuestro, o madre\u2026","rel":"","context":"En \u00abOraciones\u00bb","img":{"alt_text":"","src":"https:\/\/i1.wp.com\/catolicasmexico.com\/blog\/wp-content\/uploads\/2020\/08\/89f0dddd-2552-497b-825b-68b983c162c5-191-0000000bc6e38cf4.jpg?resize=350%2C200","width":350,"height":200},"classes":[]},{"id":5044,"url":"http:\/\/catolicasmexico.com\/blog\/novena-a-nuestra-senora-de-la-salette\/","url_meta":{"origin":4022,"position":2},"title":"Novena a Nuestra Se\u00f1ora de la Salette.","date":"11 septiembre 2021","format":false,"excerpt":"Se aconseja rezarla del dia 11 al 19 de cada mes. Para la conversi\u00f3n de los pecadores. Para el perd\u00f3n de las blasfemias. Para la protecci\u00f3n de la Santa Iglesia. PRIMER DIA. Postrandome a vuestros pies, \u00a1oh tierna Madre! os pido (Aqui se dice lo que se desea obtener en\u2026","rel":"","context":"En \u00abNovenas\u00bb","img":{"alt_text":"","src":"https:\/\/i0.wp.com\/catolicasmexico.com\/blog\/wp-content\/uploads\/2021\/09\/salette-virgin4.jpg?resize=350%2C200","width":350,"height":200},"classes":[]},{"id":4981,"url":"http:\/\/catolicasmexico.com\/blog\/pequeno-oficio-de-la-virgen\/","url_meta":{"origin":4022,"position":3},"title":"PEQUE\u00d1O OFICIO DE LA VIRGEN.","date":"16 agosto 2021","format":"image","excerpt":"El peque\u00f1o oficio de La Inmaculada Concepci\u00f3n. Permito con gusto la impresi\u00f3n del op\u00fasculo intitulado el peque\u00f1o oficio de la Inmaculada Concepci\u00f3n, que es una compilaci\u00f3n de oraciones y de pr\u00e1cticas piadosas indulgenciadas en honor a Mar\u00eda Inmaculada. En Santa Ana de Beaupr\u00e9 2 de febrero de 1928.Imprimatur: Fr. R.M.\u2026","rel":"","context":"En \u00abOraciones\u00bb","img":{"alt_text":"","src":"https:\/\/i2.wp.com\/catolicasmexico.com\/blog\/wp-content\/uploads\/2014\/02\/20140210-194830.jpg?resize=350%2C200","width":350,"height":200},"classes":[]},{"id":4300,"url":"http:\/\/catolicasmexico.com\/blog\/4300-2\/","url_meta":{"origin":4022,"position":4},"title":"LAS QUINCE ORACIONES DE SANTA BRIGIDA","date":"11 marzo 2016","format":false,"excerpt":"LAS QUINCE ORACIONES\u00a0DE SANTA BRIGIDA PARA REZAR DURANTE UN A\u00d1O.\u00a0 ORACIONES APROBADAS Promesas 1. Librar\u00e9 del Purgatorio a 15 almas de su parentela o linaje 2. 15 almas de su parentela o linaje ser\u00e1n preservadas y confirmadas en la gracia. 3. 15 pecadores de su linaje ser\u00e1n convertidos. 4. El\u2026","rel":"","context":"En \u00abFe\u00bb","img":{"alt_text":"","src":"https:\/\/i1.wp.com\/catolicasmexico.com\/blog\/wp-content\/uploads\/2016\/03\/IMG_0088.jpg?resize=350%2C200","width":350,"height":200},"classes":[]},{"id":3009,"url":"http:\/\/catolicasmexico.com\/blog\/los-cinco-primeros-sabados-del-mes-de-reparacion-al-inmaculado-corazon-de-maria-santisima\/","url_meta":{"origin":4022,"position":5},"title":"Los cinco primeros s\u00e1bados del mes de reparaci\u00f3n  al Inmaculado Coraz\u00f3n de Maria Sant\u00edsima.","date":"7 junio 2014","format":false,"excerpt":"Del sitio www.sant\u00edsimavirgen.com Luc\u00eda, vidente de F\u00e1tima, era postulante en el Convento de las Doroteas en Pontevedra, Espa\u00f1a cuando tiene una aparici\u00f3n de la Virgen sobre una nube de luz, con el Ni\u00f1o Jes\u00fas a su lado. La Sant\u00edsima Virgen puso su mano sobre el hombro de Luc\u00eda, mientras en\u2026","rel":"","context":"En \u00abFe\u00bb","img":{"alt_text":"","src":"","width":0,"height":0},"classes":[]}],"jetpack_likes_enabled":false,"jetpack_sharing_enabled":true,"_links":{"self":[{"href":"http:\/\/catolicasmexico.com\/blog\/wp-json\/wp\/v2\/posts\/4022"}],"collection":[{"href":"http:\/\/catolicasmexico.com\/blog\/wp-json\/wp\/v2\/posts"}],"about":[{"href":"http:\/\/catolicasmexico.com\/blog\/wp-json\/wp\/v2\/types\/post"}],"author":[{"embeddable":true,"href":"http:\/\/catolicasmexico.com\/blog\/wp-json\/wp\/v2\/users\/1"}],"replies":[{"embeddable":true,"href":"http:\/\/catolicasmexico.com\/blog\/wp-json\/wp\/v2\/comments?post=4022"}],"version-history":[{"count":1,"href":"http:\/\/catolicasmexico.com\/blog\/wp-json\/wp\/v2\/posts\/4022\/revisions"}],"predecessor-version":[{"id":4031,"href":"http:\/\/catolicasmexico.com\/blog\/wp-json\/wp\/v2\/posts\/4022\/revisions\/4031"}],"wp:featuredmedia":[{"embeddable":true,"href":"http:\/\/catolicasmexico.com\/blog\/wp-json\/wp\/v2\/media\/4030"}],"wp:attachment":[{"href":"http:\/\/catolicasmexico.com\/blog\/wp-json\/wp\/v2\/media?parent=4022"}],"wp:term":[{"taxonomy":"category","embeddable":true,"href":"http:\/\/catolicasmexico.com\/blog\/wp-json\/wp\/v2\/categories?post=4022"},{"taxonomy":"post_tag","embeddable":true,"href":"http:\/\/catolicasmexico.com\/blog\/wp-json\/wp\/v2\/tags?post=4022"}],"curies":[{"name":"wp","href":"https:\/\/api.w.org\/{rel}","templated":true}]}}