{"id":4020,"date":"2015-10-08T12:04:07","date_gmt":"2015-10-08T17:04:07","guid":{"rendered":"http:\/\/catolicasmexico.com\/blog\/el-doctor-le-dijo-que-abortara-a-dos-de-ellos-milagrosamente-los-trillizos-celebran-su-primer-aniversario\/"},"modified":"2015-10-08T12:04:07","modified_gmt":"2015-10-08T17:04:07","slug":"el-doctor-le-dijo-que-abortara-a-dos-de-ellos-milagrosamente-los-trillizos-celebran-su-primer-aniversario","status":"publish","type":"post","link":"http:\/\/catolicasmexico.com\/blog\/el-doctor-le-dijo-que-abortara-a-dos-de-ellos-milagrosamente-los-trillizos-celebran-su-primer-aniversario\/","title":{"rendered":"El doctor le dijo que abortara a dos de ellos. Milagrosamente los trillizos celebran su primer aniversario."},"content":{"rendered":"<p>&#8230;.\u00bb la t\u00e9cnica General para la reducci\u00f3n selectiva es sumergir una aguja llena de cloruro de potasio en el coraz\u00f3n del beb\u00e9.Poco despu\u00e9s de que el producto qu\u00edmico penetra en el coraz\u00f3n del beb\u00e9, ocasionando un paro cardiaco. Este tipo de aborto se practica entre 9 a 13 semanas de embarazo\u00bb<\/p>\n<p>Por Sarah LifeNews Zagorski &#8211; del sitio www.qcv.ca.qc traducci\u00f3n y edici\u00f3n libre CM.&nbsp;<\/p>\n<p>En Inglaterra, una mujer que se neg\u00f3 a abortar se prepara para celebrar el primer aniversario de sus triples. En 2014, se le dijo a Liz Brewer que era poco probable que sus hijos sobrevivieran a menos de que ella matara a dos para salvar uno. Esta pr\u00e1ctica se conoce como \u00abreducci\u00f3n selectiva\u00bb y es com\u00fan cuando una mujer concibe por la fertilizaci\u00f3n in vitro. Sin embargo, Liz concibi\u00f3 naturalmente despu\u00e9s de haber sufrido dos abortos. Dio a luz gemelos unos a\u00f1os antes de estar embarazada de los trillizos, pero uno de ellos muri\u00f3 16 d\u00edas despu\u00e9s de su nacimiento.<br \/>\nComo LifeNews hab\u00eda informado anteriormente, la t\u00e9cnica General para la reducci\u00f3n selectiva es sumergir una aguja llena de cloruro de potasio en el coraz\u00f3n del beb\u00e9.Poco despu\u00e9s el producto qu\u00edmico penetra en el coraz\u00f3n del beb\u00e9, ocasionando un paro cardiaco. Este tipo de aborto se practica entre 9 a 13 semanas de embarazo para asegurarse de que los cuerpos de los beb\u00e9s muertos se disuelvan y en algunos casos, el beb\u00e9 se saca antes de morir.<br \/>\nDr. Mark Evans, un conocido abortista de reducci\u00f3n selectiva, admite que este m\u00e9todo reduce las posibilidades de supervivencia de los otros beb\u00e9s de 7% a 22%. Tambi\u00e9n dijo que es probable el aborto de todos los beb\u00e9s en los embarazos m\u00faltiples incluso despu\u00e9s de la \u00abreducci\u00f3n\u00bb.<\/p>\n<p>Liz dijo al diario \u00abThe Daily Mail\u00bb sobre su embarazo de triples: Ella dijo, &#8216; tuve un ultrasonido a las 5 semanas y pensaron que era un embarazo ect\u00f3pico por el dolor que sent\u00eda, pero yo estaba feliz de saber que eran gemelos. Dos semanas m\u00e1s tarde, volvimos para otro ultrasonido y le dije a la se\u00f1ora que lo hizo que  ten\u00eda la sensaci\u00f3n que tendr\u00eda trillizos, pero sab\u00eda que todo estar\u00eda bien ya que era gemelos otra vez. Ella volte\u00f3 y dijo &#8216;es curioso que me digas esto, porque creo que hay un tercero y tengo que ir a buscar a alguien para asegurarme.&#8217;&nbsp;<\/p>\n<p>(&#8230;)&nbsp;<\/p>\n<p>Liz ten\u00eda un par de gemelos id\u00e9nticos de un solo \u00f3vulo y un beb\u00e9 separado. Sin embargo era preocupante para la familia de Liz porque ella hab\u00eda sufrido grandes p\u00e9rdidas de sangre en las semanas 13 y 16 y cre\u00edan que ella iba a hacer otro aborto espont\u00e1neo.<br \/>\nElla explic\u00f3, que\u00bbhab\u00eda una posibilidad de que el beb\u00e9 sufriera de s\u00edndrome de Down y la prueba la  iba a tener ese  d\u00eda. Tuve una p\u00e9rdida de sangre la noche anterior. Pude perder todo los beb\u00e9s si ten\u00eda la amniocentesis, pero parec\u00eda que mi cuerpo me dec\u00eda de no hacer la prueba. Me ofrecieron una reducci\u00f3n selectiva para abortar a los gemelos y mantener al beb\u00e9 con alto riesgo de s\u00edndrome de down. Te hace pensar que pones a todos los beb\u00e9s en riesgo y si das luz a las 25 semanas, \u00bftodos sobreviven? \u00bb<br \/>\nAl parecer, los m\u00e9dicos de Liz le preguntaron tambi\u00e9n si se pensaba capaz de educar trillizos. Ella dijo, \u00abse me pregunt\u00f3 si yo ser\u00eda capaz de aguantar tres hijos, pero ni siquiera es algo que nos cruz\u00f3 la mente. Yo no pod\u00eda perder esto, estaba siendo bendecida con tres hijos. \u00bb<br \/>\nLiz dice que los trillizos nacieron en buen estado de salud con 34 semanas y les ayud\u00f3 a sanar de los abortos espont\u00e1neos.  &#8211; \u00abesto fue un final extraordinario a mis embarazos y nos ha ayudado a sanar. Nunca olvidaremos a nuestro ni\u00f1o primog\u00e9nito pero los trillizos nos permitieron conocer un final muy diferente y sabemos que nunca habr\u00eda pasado si no hubi\u00e9ramos perdido a nuestro hijo. \u00bb<br \/>\nConcluye, \u00abhemos tenido dos ni\u00f1os y una ni\u00f1a, &nbsp;fue un shock porque Pensamos   que que tend\u00edamos tres ni\u00f1os m\u00e1s. Todos los beb\u00e9s vinieron a casa con nosotros, pero m\u00e1s tarde ese d\u00eda, Diacon tuvo un baj\u00f3n de la taza de az\u00facar en su organismo y tuvo que ser admitido en el hospital. Pasaron siete d\u00edas y luego vino a casa. Fuimos juntos a la casa y fueron alimentados por la lactancia materna. \u00bb<\/p>\n","protected":false},"excerpt":{"rendered":"<p>&#8230;.\u00bb la t\u00e9cnica General para la reducci\u00f3n selectiva es sumergir una aguja llena de cloruro de potasio en el coraz\u00f3n del beb\u00e9.Poco despu\u00e9s de que el producto qu\u00edmico penetra en el coraz\u00f3n del beb\u00e9, ocasionando un paro cardiaco. Este tipo de aborto se practica entre 9 a 13 semanas de embarazo\u00bb Por Sarah LifeNews Zagorski [&hellip;]<\/p>\n","protected":false},"author":1,"featured_media":4019,"comment_status":"open","ping_status":"open","sticky":false,"template":"","format":"standard","meta":{"spay_email":"","jetpack_publicize_message":"","jetpack_is_tweetstorm":false},"categories":[9,72,27,25],"tags":[758,759,757,760,756],"aioseo_notices":[],"jetpack_featured_media_url":"http:\/\/catolicasmexico.com\/blog\/wp-content\/uploads\/2015\/10\/IMG_0311.jpg","jetpack_publicize_connections":[],"jetpack_shortlink":"https:\/\/wp.me\/p3B5XH-12Q","jetpack-related-posts":[{"id":695,"url":"http:\/\/catolicasmexico.com\/blog\/tuvo-cinco-abortos-pero-luego-encontro-a-jesus-y-ahora-es-un-lider-pro-vida\/","url_meta":{"origin":4020,"position":0},"title":"Tuvo cinco abortos, pero luego encontr\u00f3 a Jes\u00fas y ahora es un l\u00edder pro-vida","date":"4 junio 2013","format":false,"excerpt":"Noticia de liveActionNews.org Por Christina Martin. Traducci\u00f3n del ingl\u00e9s y edici\u00f3n Alejandro P. de www.catolicasmexico.com Lunes, 03 de junio de 2013 9:54 EST \u00a0 3 De junio del 2013 (LiveActionNews.org) - Iman Essiet no quer\u00eda ser otra estad\u00edstica. Sin embargo, esta hermosa mujer afroamericana qued\u00f3 embarazada cuando ten\u00eda s\u00f3lo 16\u2026","rel":"","context":"En \u00abAborto\u00bb","img":{"alt_text":"","src":"https:\/\/i2.wp.com\/catolicasmexico.com\/blog\/wp-content\/uploads\/2013\/06\/Iman2-240x240.jpg?resize=350%2C200","width":350,"height":200},"classes":[]},{"id":3759,"url":"http:\/\/catolicasmexico.com\/blog\/la-enfermera-fue-a-vomitar-al-bano-yo-estaba-apoyada-contra-el-lavabo-llorando-entonces-le-dije-lanny-dios-mio-iremos-al-infierno-estaba-sudando-y-temblando-me-dijo-si-vas-al-in\/","url_meta":{"origin":4020,"position":1},"title":"La enfermera fue a vomitar al ba\u00f1o. Yo estaba apoyada contra el lavabo  llorando. Entonces le dije\u00bf \"Lanny, Dios m\u00edo, iremos al infierno? '' Estaba sudando, y temblando me dijo: \"Si vas al infierno, yo estar\u00e9 all\u00ed  y te esperar\u00e9\"","date":"13 mayo 2015","format":false,"excerpt":"\"Recuerdo que particip\u00e9 en aborto de una muchacha que estaba embarazada de 12 semanas el beb\u00e9 era min\u00fasculo en el ultrasonido, se pod\u00eda ver que chupaba su dedo pulgar. Veinte minutos m\u00e1s tarde, hab\u00eda sido completamente molido para terminar en un frasco de formol. Le mostramos esto a la chica\u2026","rel":"","context":"En \u00abAborto\u00bb","img":{"alt_text":"","src":"https:\/\/i0.wp.com\/catolicasmexico.com\/blog\/wp-content\/uploads\/2015\/05\/20150513-131111.jpg?resize=350%2C200","width":350,"height":200},"classes":[]},{"id":4084,"url":"http:\/\/catolicasmexico.com\/blog\/estaba-a-punto-de-abortar-cuando-dios-le-hablo\/","url_meta":{"origin":4020,"position":2},"title":"Estaba a punto de abortar cuando Dios le habl\u00f3","date":"13 noviembre 2015","format":false,"excerpt":"\u00a0 \u00bfC\u00f3mo es tener 16 a\u00f1os y estar embarazada? Jamie Jeffries, autora del blog Esposa Provida, comparte c\u00f3mo una amiga abri\u00f3 los ojos ante las dificultades y las tentaciones de una adolescente embarazada. La amiga de Jeffries, Donanne, comparti\u00f3 su experiencia en el blog: Ten\u00eda 15 cuando qued\u00e9 embarazada de\u2026","rel":"","context":"En \u00abAborto\u00bb","img":{"alt_text":"","src":"https:\/\/i1.wp.com\/catolicasmexico.com\/blog\/wp-content\/uploads\/2015\/11\/jamiejeffries.png?resize=350%2C200","width":350,"height":200},"classes":[]},{"id":3669,"url":"http:\/\/catolicasmexico.com\/blog\/conmovedor-y-valiente-testimonio-de-una-chica-que-aborto-en-las-noches-empece-a-sonar-con-mi-bebe-ya-sea-que-lo-sonaba-dandole-de-amamantar-o-que-aun-estaba-embarazada-era-un-bb-hermoso\/","url_meta":{"origin":4020,"position":3},"title":"Conmovedor y valiente testimonio de una chica que abort\u00f3 \u00a0...\"En las noches empec\u00e9 a so\u00f1ar con mi bebe, ya sea que lo so\u00f1aba dandole de amamantar o que aun estaba embarazada, era un bb hermoso, sus ojos brillaban como la luna y ten\u00eda una tierna mirada\"...","date":"19 marzo 2015","format":false,"excerpt":"Entrevista concedida a CMBuenas tardes; hermana\u00bfCu\u00e1l es tu nombre y tu edad?Cintia Alejandra Orivio Iturbe..tengo 36 a\u00f1os.\u00a0Para dar un testimonio se necesita mucho valor\u00a0\u00bfQu\u00e9 te anim\u00f3 a contarnos tu historia?Bueno, me anim\u00f3 el hecho que hasta el d\u00eda de hoy he visto que el aborto ya se les hace com\u00fan\u2026","rel":"","context":"En \u00abAborto\u00bb","img":{"alt_text":"","src":"https:\/\/i2.wp.com\/catolicasmexico.com\/blog\/wp-content\/uploads\/2015\/03\/IMG_0190.jpg?resize=350%2C200","width":350,"height":200},"classes":[]},{"id":1615,"url":"http:\/\/catolicasmexico.com\/blog\/sorprendente-historia-de-confianza-en-dios-gemelos-que-se-salvaron-de-morir-en-un-aborto-ahora-son-sacerdotes\/","url_meta":{"origin":4020,"position":4},"title":"\u00a1Sorprendente historia de confianza en Dios! : Gemelos que se salvaron de morir en un aborto ahora son sacerdotes.","date":"15 agosto 2013","format":false,"excerpt":"Edici\u00f3n www.catolicasmexico.com Por Paulo y Felipe Lizama REDACCI\u00d3N CENTRAL, 15 Ago. 13 \/ 05:21 am (ACI).- A inicios de 1984 una ecograf\u00eda mostraba que en el vientre de la chilena Rosa Silva se gestaba un beb\u00e9 con tres brazos y dos cabezas. Los m\u00e9dicos insistieron en que se practique un\u2026","rel":"","context":"En \u00abAborto\u00bb","img":{"alt_text":"","src":"","width":0,"height":0},"classes":[]},{"id":1334,"url":"http:\/\/catolicasmexico.com\/blog\/dios-sea-alabado-se-promulgo-la-ley-que-restringe-el-aborto-en-texas\/","url_meta":{"origin":4020,"position":5},"title":"\u00a1Dios sea alabado!.. Se promulg\u00f3 la ley que restringe el aborto en Texas","date":"18 julio 2013","format":false,"excerpt":"Del blog www.cqv.cq.ca texto original journal La Presse du 18 juillet 2013 Traducci\u00f3n y edici\u00f3n libre www.catolicasmexico.com El gobernador de Texas, Rick Perry, emiti\u00f3 el jueves una ley que restringe la pr\u00e1ctica del aborto, esto podr\u00eda conducir al cierre de la mayor\u00eda de las cl\u00ednicas de aborto. Mas de 100\u2026","rel":"","context":"En \u00abAborto\u00bb","img":{"alt_text":"","src":"","width":0,"height":0},"classes":[]}],"jetpack_likes_enabled":false,"jetpack_sharing_enabled":true,"_links":{"self":[{"href":"http:\/\/catolicasmexico.com\/blog\/wp-json\/wp\/v2\/posts\/4020"}],"collection":[{"href":"http:\/\/catolicasmexico.com\/blog\/wp-json\/wp\/v2\/posts"}],"about":[{"href":"http:\/\/catolicasmexico.com\/blog\/wp-json\/wp\/v2\/types\/post"}],"author":[{"embeddable":true,"href":"http:\/\/catolicasmexico.com\/blog\/wp-json\/wp\/v2\/users\/1"}],"replies":[{"embeddable":true,"href":"http:\/\/catolicasmexico.com\/blog\/wp-json\/wp\/v2\/comments?post=4020"}],"version-history":[{"count":0,"href":"http:\/\/catolicasmexico.com\/blog\/wp-json\/wp\/v2\/posts\/4020\/revisions"}],"wp:featuredmedia":[{"embeddable":true,"href":"http:\/\/catolicasmexico.com\/blog\/wp-json\/wp\/v2\/media\/4019"}],"wp:attachment":[{"href":"http:\/\/catolicasmexico.com\/blog\/wp-json\/wp\/v2\/media?parent=4020"}],"wp:term":[{"taxonomy":"category","embeddable":true,"href":"http:\/\/catolicasmexico.com\/blog\/wp-json\/wp\/v2\/categories?post=4020"},{"taxonomy":"post_tag","embeddable":true,"href":"http:\/\/catolicasmexico.com\/blog\/wp-json\/wp\/v2\/tags?post=4020"}],"curies":[{"name":"wp","href":"https:\/\/api.w.org\/{rel}","templated":true}]}}