{"id":3863,"date":"2015-07-13T15:36:03","date_gmt":"2015-07-13T20:36:03","guid":{"rendered":"http:\/\/catolicasmexico.com\/blog\/?p=3863"},"modified":"2015-07-14T12:21:09","modified_gmt":"2015-07-14T17:21:09","slug":"se-negaron-a-abortar-a-su-bebe-con-trisomia-18-ahora-el-es-su-fuente-de-alegria","status":"publish","type":"post","link":"http:\/\/catolicasmexico.com\/blog\/se-negaron-a-abortar-a-su-bebe-con-trisomia-18-ahora-el-es-su-fuente-de-alegria\/","title":{"rendered":"Se negaron a abortar a su beb\u00e9 con trisom\u00eda 18. Ahora \u00e9l es su \u201cfuente de alegr\u00eda\u201d"},"content":{"rendered":"<p><a href=\"http:\/\/catolicasmexico.com\/blog\/wp-content\/uploads\/2015\/07\/alfie1.jpg\"><img data-attachment-id=\"3867\" data-permalink=\"http:\/\/catolicasmexico.com\/blog\/se-negaron-a-abortar-a-su-bebe-con-trisomia-18-ahora-el-es-su-fuente-de-alegria\/alfie-2\/\" data-orig-file=\"http:\/\/catolicasmexico.com\/blog\/wp-content\/uploads\/2015\/07\/alfie1.jpg\" data-orig-size=\"553,454\" data-comments-opened=\"1\" data-image-meta=\"{&quot;aperture&quot;:&quot;0&quot;,&quot;credit&quot;:&quot;&quot;,&quot;camera&quot;:&quot;&quot;,&quot;caption&quot;:&quot;&quot;,&quot;created_timestamp&quot;:&quot;0&quot;,&quot;copyright&quot;:&quot;&quot;,&quot;focal_length&quot;:&quot;0&quot;,&quot;iso&quot;:&quot;0&quot;,&quot;shutter_speed&quot;:&quot;0&quot;,&quot;title&quot;:&quot;&quot;,&quot;orientation&quot;:&quot;0&quot;}\" data-image-title=\"alfie\" data-image-description=\"\" data-medium-file=\"http:\/\/catolicasmexico.com\/blog\/wp-content\/uploads\/2015\/07\/alfie1-300x246.jpg\" data-large-file=\"http:\/\/catolicasmexico.com\/blog\/wp-content\/uploads\/2015\/07\/alfie1.jpg\" class=\"alignleft size-full wp-image-3867\" src=\"http:\/\/catolicasmexico.com\/blog\/wp-content\/uploads\/2015\/07\/alfie1.jpg\" alt=\"alfie\" width=\"553\" height=\"454\" srcset=\"http:\/\/catolicasmexico.com\/blog\/wp-content\/uploads\/2015\/07\/alfie1.jpg 553w, http:\/\/catolicasmexico.com\/blog\/wp-content\/uploads\/2015\/07\/alfie1-300x246.jpg 300w, http:\/\/catolicasmexico.com\/blog\/wp-content\/uploads\/2015\/07\/alfie1-150x150.jpg 150w\" sizes=\"100vw\" \/> <\/a><\/p>\n<p>&nbsp;<\/p>\n<p>&nbsp;<\/p>\n<p>&nbsp;<\/p>\n<p>&nbsp;<\/p>\n<p>&nbsp;<\/p>\n<p><em>Por Lisa Bourne de <a href=\"https:\/\/www.lifesitenews.com\/news\/they-refused-to-abort-their-baby-boy-with-trisomy-18.-now-hes-their-preciou\">LifeSiteNews<\/a>\u00a0Traduccion libre de M. Pacheco para catolicasmexico.com<\/em><\/p>\n<p>22 de abril 2015 \u2013 Se cree que en Gales, Alfie Hilman es el \u00fanico ni\u00f1o que vive con una enfermedad<\/p>\n<p>gen\u00e9tica rara, la trisom\u00eda 18 (s\u00edndrome de Edwards). Debido a este s\u00edndrome poco com\u00fan, Alfie naci\u00f3<\/p>\n<p>prematuro en la semana 28, pesando solamente 1 libra y tres onzas.<\/p>\n<p>El diagn\u00f3stico fue confirmado cuando la madre de Alfie, Sharon Swales, ten\u00eda ya 27 semanas de<\/p>\n<p>embarazo. Los m\u00e9dicos que le dieron la mala noticia tambi\u00e9n incitaron los padres del ni\u00f1o a que<\/p>\n<p>consideraran un aborto, porque se esperaba que Alfie no viviera m\u00e1s que unos pocos minutos despu\u00e9s<\/p>\n<p>del parto.<\/p>\n<p>\u201cFue la cosa m\u00e1s dif\u00edcil que tuvimos que atravesar\u201d, dice la Sra. Swales al South Wales Argus News.<\/p>\n<p>\u201cCuando nos enteramos de que hab\u00eda dejado de crecer a partir de la semana 20 de embarazo, pasamos<\/p>\n<p>por un momento muy estresante\u201d.<\/p>\n<p>\u201cAlgunos beb\u00e9s viven s\u00f3lo unas pocas semanas\u201d, dijo su padre, Shane Hillman. \u201cMuy pocos beb\u00e9s<\/p>\n<p>sobreviven. Muchos mueren antes de nacer; nos dijeron que tal vez sobrevivir\u00eda 3 minutos\u201d.<\/p>\n<p>Sin embargo, a pesar de la dif\u00edcil situaci\u00f3n, la pareja se neg\u00f3 a realizar el aborto. Sabiendo que su hijo<\/p>\n<p>estaba vivo en su vientre, la Se\u00f1ora Swales dice que hicieren lo que cualquier padre hubiera hecho: le<\/p>\n<p>dar\u00edan a su hijo la oportunidad de vivir.<\/p>\n<p>\u201cLlor\u00e9 durante toda una semana. Fue terrible\u201d, dijo la Sra. Swales. \u201cPod\u00eda sentirlo movi\u00e9ndose en mi<\/p>\n<p>vientre. Pude observar los latidos de su coraz\u00f3n durante mis ecograf\u00edas diarias. Pude ver sus<\/p>\n<p>movimientos \u2013 \u00e9l merec\u00eda una oportunidad\u201d.<\/p>\n<p>\u201cNo sab\u00edamos c\u00f3mo estar\u00eda Alfie al nacer, pero est\u00e1bamos preparados para aprovechar la oportunidad\u201d,<\/p>\n<p>afirma la Sra. Swales. \u201cCualquier padre har\u00eda lo mismo\u201d.<\/p>\n<p>Ellos dicen escuchar los primeros llantos de Alfie despu\u00e9s de su nacimiento por ces\u00e1rea fue un gran<\/p>\n<p>alivio.<\/p>\n<p>\u201cLos milagros eisten\u201d, dijo la Sra. Swales.<\/p>\n<p>Las expectativas (de vida) no son favorables para los ni\u00f1os que son diagnosticados con la misma<\/p>\n<p>condici\u00f3n de Alfie, tambi\u00e9n conocida como s\u00edndrome de Edwards. Causada por una copia extra del<\/p>\n<p>cromosoma 18, en algunas o todas las c\u00e9lulas en el cuerpo, los expertos del Reino Unido afirman que de<\/p>\n<p>12 beb\u00e9s afectados por la trisom\u00eda 18, solo uno sobrevivir\u00e1 m\u00e1s de un a\u00f1o. Y los que sobreviven sufren<\/p>\n<p>de graves discapacidades f\u00edsicas y mentales.<\/p>\n<p>Pas\u00f3 dos semanas en una incubadora en un estado cr\u00edtico, con una administraci\u00f3n continua de ox\u00edgeno,<\/p>\n<p>antes de ser trasladado a otro hospital.<\/p>\n<p>Despu\u00e9s de 14 semanas, Alfie pudo volver a casa. Pesaba 5 libras y 5 onzas. Y permaneci\u00f3 conectado a<\/p>\n<p>una fuente de ox\u00edgeno durante los primeros 8 meses de su vida.<\/p>\n<p>\u201cAl nacer pod\u00edamos sostenerlo en la palma de nuestras manos \u2013 esto ilustra cuan peque\u00f1o era\u201d, dijo la<\/p>\n<p>Sra. Swales.<\/p>\n<p>\u201cLo m\u00e1s doloroso fue tener que dejar el hospital sin \u00e9l\u201d, continua. \u201cTem\u00edamos cada llamada<\/p>\n<p>telef\u00f3nica\u2026ten\u00edamos temor de que algo pueda haberle ocurrido a \u00e9l. \u00c9l estaba continuamente en<\/p>\n<p>nuestros pensamientos\u201d.<\/p>\n<p>\u201cHoy en d\u00eda, \u00e9l est\u00e1 bien, pero podr\u00eda haber sido completamente diferente\u201d, dice ella. \u201cSolamente una<\/p>\n<p>semana antes de su llegada a casa, sus pesta\u00f1as comenzaron a aparecer. \u00c9l naci\u00f3 en la semana 28 de<\/p>\n<p>embarazo. Al nacer, su piel era muy delgada\u201d.<\/p>\n<p>El 3 de mayo de 2015, el Sr. Hillman y la Sra. Swales festejaron el segundo cumplea\u00f1os de Alfie, un<\/p>\n<p>importante paso, dad su comienzo en la vida.<\/p>\n<p>La mayor\u00eda de los beb\u00e9s afectados por la trisom\u00eda son sometidos a una cirug\u00eda de coraz\u00f3n. Alfie venci\u00f3<\/p>\n<p>las probabilidades, dado que ninguna cirug\u00eda fue necesaria. Tras un examen, los m\u00e9dicos observaron una<\/p>\n<p>abertura en su coraz\u00f3n, la cual, seg\u00fan ellos, se cerrar\u00eda por s\u00ed misma.<\/p>\n<p>Poco antes de su segundo aniversario, el peso de Alfie alcanz\u00f3 las 17 libras, pero es todav\u00eda m\u00e1s<\/p>\n<p>peque\u00f1o y m\u00e1s liviano que la mayor\u00eda de los ni\u00f1os de la misma edad. Tambi\u00e9n dio sus primeros pasos en<\/p>\n<p>marzo. Est\u00e1 saludable y activo. Un m\u00e9dico y un dietista lo visitan cada tres meses.<\/p>\n<p>Una p\u00e1gina de Facebook, llamada \u201cEl Viaje de Alfie\u201d, fue creada para documentar su historia.<\/p>\n<p>\u201cQueremos sensibilizar a la gente y ofrecer apoyo\u201d, concluye la Sra. Swales. \u201cS\u00f3lo queremos decirle a la<\/p>\n<p>gente que hay historias de sobrevivientes\u201d.<\/p>\n<p>Lo que el futuro le reserva, f\u00edsicamente, a\u00fan no se sabe. Pero por el momento, la familia celebra el<\/p>\n<p>segundo aniversario del nacimiento de su hijo \u201ctravieso y divertido\u201d, al cual describen como su \u201cfuente<\/p>\n<p>de alegr\u00eda\u201d.<\/p>\n","protected":false},"excerpt":{"rendered":"<p>&nbsp; &nbsp; &nbsp; &nbsp; &nbsp; Por Lisa Bourne de LifeSiteNews\u00a0Traduccion libre de M. Pacheco para catolicasmexico.com 22 de abril 2015 \u2013 Se cree que en Gales, Alfie Hilman es el \u00fanico ni\u00f1o que vive con una enfermedad gen\u00e9tica rara, la trisom\u00eda 18 (s\u00edndrome de Edwards). Debido a este s\u00edndrome poco com\u00fan, Alfie naci\u00f3 prematuro en [&hellip;]<\/p>\n","protected":false},"author":5,"featured_media":3864,"comment_status":"open","ping_status":"open","sticky":false,"template":"","format":"standard","meta":{"spay_email":"","jetpack_publicize_message":"","jetpack_is_tweetstorm":false},"categories":[9,27,332],"tags":[],"aioseo_notices":[],"jetpack_featured_media_url":"http:\/\/catolicasmexico.com\/blog\/wp-content\/uploads\/2015\/07\/alfie.jpg","jetpack_publicize_connections":[],"jetpack_shortlink":"https:\/\/wp.me\/p3B5XH-10j","jetpack-related-posts":[{"id":3813,"url":"http:\/\/catolicasmexico.com\/blog\/la-empresa-genoma-utiliza-sin-permiso-la-foto-de-una-nina-con-trisomia-21-para-promocionar-un-test-prenatal-cuyo-fin-es-el-eugenismo\/","url_meta":{"origin":3863,"position":0},"title":"La empresa Genoma  utiliza sin permiso, la foto de una ni\u00f1a con trisom\u00eda 21, para promocionar un test prenatal cuyo fin es el eugen\u00edsmo.","date":"19 junio 2015","format":false,"excerpt":"(...)Una madre de familia canadiense, Christie Hoos, descubri\u00f3 con horror la foto de la hija con trisom\u00eda 21 estaba en la publicidad de un laboratorio farmac\u00e9utico suizo de diagn\u00f3stico prenatal. Era una foto que - excepcionalmente - hab\u00eda publicado en su blog, soheresus.com. La empresa Genoma utiliz\u00f3 para ilustrar su\u2026","rel":"","context":"En \u00abAborto\u00bb","img":{"alt_text":"","src":"https:\/\/i0.wp.com\/catolicasmexico.com\/blog\/wp-content\/uploads\/2015\/06\/20150619-123048.jpg?resize=350%2C200","width":350,"height":200},"classes":[]},{"id":4880,"url":"http:\/\/catolicasmexico.com\/blog\/video-satirico-a-favor-del-aborto-algunos-bebes-estarian-mejor-muertos\/","url_meta":{"origin":3863,"position":1},"title":"Video sat\u00edrico a favor del aborto: algunos beb\u00e9s estar\u00edan \u201cmejor muertos\u201d","date":"23 septiembre 2019","format":false,"excerpt":"Por Calvin Freiburger - Traducido por Campagne Qu\u00e9bec-Vie. Al espa\u00f1ol CM 26 de agosto de 2019 (LifeSiteNews) - sali\u00f3 un nuevo video pro-vida que combate el argumento de algunos Activistas pro-aborto sobre que algunos beb\u00e9s estar\u00edan\"mejor\" si estos fueran eliminados antes de nacer. Choice For Two, el grupo pro-vida de\u2026","rel":"","context":"Entrada similar","img":{"alt_text":"","src":"https:\/\/i1.wp.com\/catolicasmexico.com\/blog\/wp-content\/uploads\/2019\/09\/76514F9D-5D06-462D-9B10-5040AC9D5B0E.jpeg?resize=350%2C200","width":350,"height":200},"classes":[]},{"id":4249,"url":"http:\/\/catolicasmexico.com\/blog\/dos-anos-despues-del-nacimiento-de-su-nino-aborto-a-su-hermano-por-nacer\/","url_meta":{"origin":3863,"position":2},"title":"Dos a\u00f1os despu\u00e9s del nacimiento de su ni\u00f1o, abort\u00f3 a su hermano por nacer","date":"18 febrero 2016","format":false,"excerpt":"\u00a0 Original de lifenews.com traduccion libre para catolicasmexico.com Hoy en d\u00eda, millones de ni\u00f1os en Am\u00e9rica tienen hermanos o hermanas que nunca conocer\u00e1n a causa del aborto. \u00a0 El hijo de la promotora del aborto Liz Jones es uno de ellos. El blog de Tumblr \"Pregnant, Parenting & Pro-Choice\" (Embarazada,\u2026","rel":"","context":"En \u00abAborto\u00bb","img":{"alt_text":"","src":"https:\/\/i2.wp.com\/catolicasmexico.com\/blog\/wp-content\/uploads\/2016\/02\/lizjones.png?resize=350%2C200","width":350,"height":200},"classes":[]},{"id":3782,"url":"http:\/\/catolicasmexico.com\/blog\/una-pareja-aborta-a-su-bebe-de-28-semanas-debido-a-una-malformacion-de-la-mano-izquierda\/","url_meta":{"origin":3863,"position":3},"title":"Una pareja aborta a su beb\u00e9 de 28 semanas debido a una malformaci\u00f3n de la mano izquierda","date":"28 mayo 2015","format":false,"excerpt":"Por Cassy Fiano LiveActionNews - art\u00edculo de CQV traducido por CM. (...) Una pareja australiana decidi\u00f3 abortar a su beb\u00e9 a las 28 semanas de embarazo, s\u00f3lo por esta raz\u00f3n: el ni\u00f1o fue diagnosticado que nacer\u00eda con una deformidad de la mano y ellos pensaban que el ni\u00f1o tendr\u00eda una\u2026","rel":"","context":"En \u00abAborto\u00bb","img":{"alt_text":"","src":"","width":0,"height":0},"classes":[]},{"id":1496,"url":"http:\/\/catolicasmexico.com\/blog\/su-mama-rechazo-el-aborto-que-le-proponian\/","url_meta":{"origin":3863,"position":4},"title":"Su mam\u00e1 rechaz\u00f3 el aborto que le propon\u00edan.","date":"1 agosto 2013","format":false,"excerpt":"Corbin Alfred McHenry fue diagnosticado en el \u00fatero como portador de la trisom\u00eda 13, una rara enfermedad gen\u00e9tica. Su madre se neg\u00f3 a abortar, como le aconsejaron los doctores. Y mientras este peque\u00f1o hombre celebra hoy su d\u00eda 118 de vida, una p\u00e1gina Facebook, sigue atrayendo a nuevos \"fans\" que\u2026","rel":"","context":"En \u00abAborto\u00bb","img":{"alt_text":"","src":"","width":0,"height":0},"classes":[]},{"id":4020,"url":"http:\/\/catolicasmexico.com\/blog\/el-doctor-le-dijo-que-abortara-a-dos-de-ellos-milagrosamente-los-trillizos-celebran-su-primer-aniversario\/","url_meta":{"origin":3863,"position":5},"title":"El doctor le dijo que abortara a dos de ellos. Milagrosamente los trillizos celebran su primer aniversario.","date":"8 octubre 2015","format":false,"excerpt":"....\" la t\u00e9cnica General para la reducci\u00f3n selectiva es sumergir una aguja llena de cloruro de potasio en el coraz\u00f3n del beb\u00e9.Poco despu\u00e9s de que el producto qu\u00edmico penetra en el coraz\u00f3n del beb\u00e9, ocasionando un paro cardiaco. Este tipo de aborto se practica entre 9 a 13 semanas de\u2026","rel":"","context":"En \u00abAborto\u00bb","img":{"alt_text":"","src":"https:\/\/i2.wp.com\/catolicasmexico.com\/blog\/wp-content\/uploads\/2015\/10\/IMG_0311.jpg?resize=350%2C200","width":350,"height":200},"classes":[]}],"jetpack_likes_enabled":false,"jetpack_sharing_enabled":true,"_links":{"self":[{"href":"http:\/\/catolicasmexico.com\/blog\/wp-json\/wp\/v2\/posts\/3863"}],"collection":[{"href":"http:\/\/catolicasmexico.com\/blog\/wp-json\/wp\/v2\/posts"}],"about":[{"href":"http:\/\/catolicasmexico.com\/blog\/wp-json\/wp\/v2\/types\/post"}],"author":[{"embeddable":true,"href":"http:\/\/catolicasmexico.com\/blog\/wp-json\/wp\/v2\/users\/5"}],"replies":[{"embeddable":true,"href":"http:\/\/catolicasmexico.com\/blog\/wp-json\/wp\/v2\/comments?post=3863"}],"version-history":[{"count":3,"href":"http:\/\/catolicasmexico.com\/blog\/wp-json\/wp\/v2\/posts\/3863\/revisions"}],"predecessor-version":[{"id":3868,"href":"http:\/\/catolicasmexico.com\/blog\/wp-json\/wp\/v2\/posts\/3863\/revisions\/3868"}],"wp:featuredmedia":[{"embeddable":true,"href":"http:\/\/catolicasmexico.com\/blog\/wp-json\/wp\/v2\/media\/3864"}],"wp:attachment":[{"href":"http:\/\/catolicasmexico.com\/blog\/wp-json\/wp\/v2\/media?parent=3863"}],"wp:term":[{"taxonomy":"category","embeddable":true,"href":"http:\/\/catolicasmexico.com\/blog\/wp-json\/wp\/v2\/categories?post=3863"},{"taxonomy":"post_tag","embeddable":true,"href":"http:\/\/catolicasmexico.com\/blog\/wp-json\/wp\/v2\/tags?post=3863"}],"curies":[{"name":"wp","href":"https:\/\/api.w.org\/{rel}","templated":true}]}}