{"id":3845,"date":"2015-07-07T15:33:45","date_gmt":"2015-07-07T20:33:45","guid":{"rendered":"http:\/\/catolicasmexico.com\/blog\/?p=3845"},"modified":"2015-07-07T15:33:46","modified_gmt":"2015-07-07T20:33:46","slug":"aborto-legal-y-seguromuerte-en-gran-bretana-de-una-joven-venida-de-irlanda-para-realizar-un-aborto-los-medios-de-comunicacion-callan","status":"publish","type":"post","link":"http:\/\/catolicasmexico.com\/blog\/aborto-legal-y-seguromuerte-en-gran-bretana-de-una-joven-venida-de-irlanda-para-realizar-un-aborto-los-medios-de-comunicacion-callan\/","title":{"rendered":"\u00bfAborto legal y seguro?Muerte en Gran Breta\u00f1a de una joven venida de Irlanda para realizar un aborto: los medios de comunicaci\u00f3n callan."},"content":{"rendered":"<p><a href=\"http:\/\/catolicasmexico.com\/blog\/wp-content\/uploads\/2015\/07\/20150707-165506.jpg\"><img src=\"http:\/\/catolicasmexico.com\/blog\/wp-content\/uploads\/2015\/07\/20150707-165506.jpg\" alt=\"20150707-165506.jpg\" class=\"alignnone size-full\"  \/> <\/a><\/p>\n<p>El m\u00e9dico y las 2 enfermeras son acusados de homicidio involuntario.<\/p>\n<p>No hay medios de comunicaci\u00f3n internacionales  que hablan de esto, sin embargo la muerte de Aisha Chitchira, una mujer de 32 a\u00f1os nacida en Malawi residente de Dubl\u00edn, Irlanda, viv\u00eda con su marido, contaba con la visa de estudiante en este pa\u00eds. Ella ten\u00eda 22 semanas de embarazo, Aisha Chitchira viaj\u00f3 a Londres para abortar en una cl\u00ednica Marie Stopes (Marie Stopes International es una organizaci\u00f3n que realiza abortos alrededor del mundo y se beneficia de los fondos monetarios europeos, seg\u00fan lo revelado por la iniciativa de Nouevelles de France).&nbsp;Abort\u00f3 el 21 de enero de 2012, se sent\u00eda mal sin embargo  fue dada de alta de la cl\u00ednica. Despu\u00e9s de tomar un taxi fue a visitar a una amiga ah\u00ed sufri\u00f3 una hemorragia interna seguida de un paro card\u00edaco. Una ambulancia fue llamada pero Aisha Chitchira no pudo ser reanimada.&nbsp;<\/p>\n<p>El v\u00ednculo entre el aborto y la muerte del paciente es evidente, mientras que en el caso de Savita Halappanavar, contrariamente a lo que han afirmado los medios de comunicaci\u00f3n, no tuvo ning\u00fan v\u00ednculo establecido entre el rechazo del aborto y la muerte del paciente. (&#8230;)<br \/>\nNoticia Nouvelles de France traducci\u00f3n y edici\u00f3n libre CM.<\/p>\n","protected":false},"excerpt":{"rendered":"<p>El m\u00e9dico y las 2 enfermeras son acusados de homicidio involuntario. No hay medios de comunicaci\u00f3n internacionales que hablan de esto, sin embargo la muerte de Aisha Chitchira, una mujer de 32 a\u00f1os nacida en Malawi residente de Dubl\u00edn, Irlanda, viv\u00eda con su marido, contaba con la visa de estudiante en este pa\u00eds. Ella ten\u00eda [&hellip;]<\/p>\n","protected":false},"author":2,"featured_media":3848,"comment_status":"open","ping_status":"open","sticky":false,"template":"","format":"standard","meta":{"spay_email":"","jetpack_publicize_message":"","jetpack_is_tweetstorm":false},"categories":[9,27,32,70],"tags":[681,680],"aioseo_notices":[],"jetpack_featured_media_url":"http:\/\/catolicasmexico.com\/blog\/wp-content\/uploads\/2015\/07\/20150707-165532.jpg","jetpack_publicize_connections":[],"jetpack_shortlink":"https:\/\/wp.me\/p3B5XH-101","jetpack-related-posts":[{"id":1455,"url":"http:\/\/catolicasmexico.com\/blog\/en-irlanda-los-senadores-no-quiere-saber-como-se-hace-un-aborto\/","url_meta":{"origin":3845,"position":0},"title":"En Irlanda los senadores no quiere saber como se hace un aborto...","date":"29 julio 2013","format":false,"excerpt":"Del blog de www.cqv.cq.ca original del blog de Jeanne Smits. Traducci\u00f3n y edici\u00f3n libre Alejandro P. de www.catolicasmexico.com Jim Walsh, senador irland\u00e9s del partido Fianna F\u00e1il ,que form\u00f3 parte de aquellos que lucharon contra la aprobaci\u00f3n de la ley de aborto en Irlanda, hace una semana fue atacado fuertemente por\u2026","rel":"","context":"En \u00abAborto\u00bb","img":{"alt_text":"","src":"","width":0,"height":0},"classes":[]},{"id":1169,"url":"http:\/\/catolicasmexico.com\/blog\/4-diputados-que-votaron-contra-el-proyecto-de-ley-para-legalizar-el-aborto-en-irlanda-han-sido-expulsados-de-su-partido\/","url_meta":{"origin":3845,"position":1},"title":"4 Diputados que votaron contra el proyecto de ley para legalizar el aborto en Irlanda han sido expulsados de su partido","date":"10 julio 2013","format":false,"excerpt":"Del blog de www.cqv.qc.ca original del blog de Jeanne Smits. Traducci\u00f3n y edici\u00f3n libre www.catolicasmexico.com Tras la primera votaci\u00f3n que fue favorable (138 votos contra 24 en la c\u00e1mara baja) a la ley, que pone fin a la prohibici\u00f3n del aborto en Irlanda - en 24 horas - cuatro miembros\u2026","rel":"","context":"En \u00abAborto\u00bb","img":{"alt_text":"","src":"","width":0,"height":0},"classes":[]},{"id":1048,"url":"http:\/\/catolicasmexico.com\/blog\/sin-ninguna-duda-las-primeras-feministas-eran-provida\/","url_meta":{"origin":3845,"position":2},"title":"Sin ninguna duda las primeras feministas eran provida.","date":"4 julio 2013","format":false,"excerpt":"Del blog de LifeNews. Traducci\u00f3n Monica Y.A. de wwwcatolicasmexico.com Edici\u00f3n libre Alejandro P. de www.catolicasmexico.com \"El aborto es la m\u00e1xima explotaci\u00f3n para las mujeres.\" - Alice Paul Los objetivos del feminismo fueron el derecho a votar, la educaci\u00f3n y el divorcio. Ninguno de ellos demandaba el derecho al aborto -\u2026","rel":"","context":"En \u00abAborto\u00bb","img":{"alt_text":"","src":"","width":0,"height":0},"classes":[]},{"id":3683,"url":"http:\/\/catolicasmexico.com\/blog\/el-centro-de-extermino-ms-cerro-sus-puertas-en-coyoacan-mexico\/","url_meta":{"origin":3845,"position":3},"title":"\u00bfEl centro de extermino MS cerr\u00f3 sus puertas en Coyoac\u00e1n M\u00e9xico?","date":"21 marzo 2015","format":false,"excerpt":"M\u00e9xico es otra vez noticia internacional, 40 days for life reporta lo siguiente:En la cl\u00ednica de aborto marie stopes de Coyoacan que est\u00e1 localizada en la regi\u00f3n metropolitana de la ciudad de M\u00e9xico los Oradores de 40 d\u00edas por la vida est\u00e1n observando\u00a0 de cerca este centro de aborto.La vigilia\u2026","rel":"","context":"En \u00ab40 D\u00edas por la vida\u00bb","img":{"alt_text":"","src":"https:\/\/i0.wp.com\/catolicasmexico.com\/blog\/wp-content\/uploads\/2015\/03\/20150321-102656.jpg?resize=350%2C200","width":350,"height":200},"classes":[]},{"id":2756,"url":"http:\/\/catolicasmexico.com\/blog\/decidio-la-vida-en-el-primer-embarazo-en-el-segundo-la-muerte\/","url_meta":{"origin":3845,"position":4},"title":"Decidi\u00f3 dar la vida en el primer embarazo, en el segundo la muerte","date":"20 marzo 2014","format":false,"excerpt":"Pedimos sus oraciones por Gabriela, una chica que conocimos y que ha sentido en carne propia el horror del aborto, sus hijos no est\u00e1n bautizados,pidamos al Se\u00f1or para que la ilumine. Amen Soy Gabriela tengo 32 a\u00f1os, mi familia es de muy bajos recursos,no tengo mucha preparaci\u00f3n me embarac\u00e9 a\u2026","rel":"","context":"En \u00abAborto\u00bb","img":{"alt_text":"","src":"https:\/\/i1.wp.com\/catolicasmexico.com\/blog\/wp-content\/uploads\/2014\/03\/20140320-103746.jpg?resize=350%2C200","width":350,"height":200},"classes":[]},{"id":27,"url":"http:\/\/catolicasmexico.com\/blog\/27\/","url_meta":{"origin":3845,"position":5},"title":"Irlanda: Muerte debida a circunstancias diversas de orden medical","date":"21 abril 2013","format":false,"excerpt":"AFP . La investigaci\u00f3n en Irlanda sobre la muerte de una mujer, que seg\u00fan su marido , se debi\u00f3 a la negaci\u00f3n de los m\u00e9dicos de realizarle un aborto concluyo el viernes con el resultado que la muerte de la mujer se fue debido a la evolucion cl\u00ednica de la\u2026","rel":"","context":"En \u00abAborto\u00bb","img":{"alt_text":"","src":"","width":0,"height":0},"classes":[]}],"jetpack_likes_enabled":false,"jetpack_sharing_enabled":true,"_links":{"self":[{"href":"http:\/\/catolicasmexico.com\/blog\/wp-json\/wp\/v2\/posts\/3845"}],"collection":[{"href":"http:\/\/catolicasmexico.com\/blog\/wp-json\/wp\/v2\/posts"}],"about":[{"href":"http:\/\/catolicasmexico.com\/blog\/wp-json\/wp\/v2\/types\/post"}],"author":[{"embeddable":true,"href":"http:\/\/catolicasmexico.com\/blog\/wp-json\/wp\/v2\/users\/2"}],"replies":[{"embeddable":true,"href":"http:\/\/catolicasmexico.com\/blog\/wp-json\/wp\/v2\/comments?post=3845"}],"version-history":[{"count":5,"href":"http:\/\/catolicasmexico.com\/blog\/wp-json\/wp\/v2\/posts\/3845\/revisions"}],"predecessor-version":[{"id":3852,"href":"http:\/\/catolicasmexico.com\/blog\/wp-json\/wp\/v2\/posts\/3845\/revisions\/3852"}],"wp:featuredmedia":[{"embeddable":true,"href":"http:\/\/catolicasmexico.com\/blog\/wp-json\/wp\/v2\/media\/3848"}],"wp:attachment":[{"href":"http:\/\/catolicasmexico.com\/blog\/wp-json\/wp\/v2\/media?parent=3845"}],"wp:term":[{"taxonomy":"category","embeddable":true,"href":"http:\/\/catolicasmexico.com\/blog\/wp-json\/wp\/v2\/categories?post=3845"},{"taxonomy":"post_tag","embeddable":true,"href":"http:\/\/catolicasmexico.com\/blog\/wp-json\/wp\/v2\/tags?post=3845"}],"curies":[{"name":"wp","href":"https:\/\/api.w.org\/{rel}","templated":true}]}}