{"id":3830,"date":"2015-06-30T12:28:22","date_gmt":"2015-06-30T17:28:22","guid":{"rendered":"http:\/\/catolicasmexico.com\/blog\/?p=3830"},"modified":"2015-06-30T12:28:22","modified_gmt":"2015-06-30T17:28:22","slug":"linchamiento-publico-a-un-sacerdote-por-ofrecer-ayuda-a-los-homosexuales","status":"publish","type":"post","link":"http:\/\/catolicasmexico.com\/blog\/linchamiento-publico-a-un-sacerdote-por-ofrecer-ayuda-a-los-homosexuales\/","title":{"rendered":"Linchamiento p\u00fablico a un sacerdote por ofrecer ayuda a los homosexuales."},"content":{"rendered":"<p><a href=\"http:\/\/catolicasmexico.com\/blog\/wp-content\/uploads\/2015\/06\/20150630-135540.jpg\"><img src=\"http:\/\/catolicasmexico.com\/blog\/wp-content\/uploads\/2015\/06\/20150630-135540.jpg\" alt=\"20150630-135540.jpg\" class=\"alignnone size-full\"  \/> <\/a><\/p>\n<p>Art\u00edculo editado del Diario de Sevilla.<br \/>\nEl p\u00e1rroco de Bellavista ofrece ayuda para \u00absanar\u00bb la homosexualidad<br \/>\nLa portada de la web oficial del templo aconsejaba material, terapias y una gu\u00eda t\u00e9cnica. La entrada ha sido borrada y Santiago Gonz\u00e1lez pide perd\u00f3n y rechaza su autor\u00eda. \u00abLa p\u00e1gina est\u00e1 administrada por una persona voluntaria\u00bb, asegura.<\/p>\n<p>(&#8230;)El sacerdote Santiago Gonz\u00e1lez publica en primera plana de la web oficial del templo una entrada que lleva por t\u00edtulo Sanar la homosexualidad s\u00ed es posible, donde insta a que los feligreses a descargar material t\u00e9cnico-terap\u00e9utico recomendado para familias con miembros homosexuales, una condici\u00f3n de la que se plantea una interrogante: \u00ab\u00bfEs la homosexualidad una patolog\u00eda o una enfermedad?\u00bb <\/p>\n<p>Gonz\u00e1lez Alba contextualiza la publicaci\u00f3n en la web: \u00abEste fin de semana se suceden manifestaciones y eventos reivindicativos del llamado orgullo gay. Es por ello muy conveniente, para hacer frente a la ideolog\u00eda que destruye la familia cristiana, que dispongamos de recursos objetivos (tanto morales como cient\u00edficos) como este magn\u00edfico trabajo adjunto de un autor norteamericano, Richard Cohen (ex homosexual) sobre la sanaci\u00f3n de la homosexualidad y las opciones a conocer terapias para ese fin. Y adem\u00e1s se adjunta una conferencia cient\u00edfica sobre las causas de la homosexualidad\u00bb. <\/p>\n<p>Hace una petici\u00f3n expresa a los feligreses para multiplicar la difusi\u00f3n de su art\u00edculo y del material que ofrece como terapia: \u00abDesde la parroquia se ofrece este material de alto inter\u00e9s y se anima a reenviarlo al mayor n\u00famero de contactos posible. Se puede, y se debe, hacer mucho bien con el mismo\u00bb. <\/p>\n<p>No obstante, la entrada ha sido borrada en la ma\u00f1ana de este lunes y en su lugar aparece un comunicado firmado por el p\u00e1rroco. Santiago Gonz\u00e1lez pide \u00abdisculpas a las personas y\/o colectivos que se hayan podido sentir ofendidos por la desafortunada entrada en la web\u00bb. El cura rechaza la autor\u00eda de dicho art\u00edculo y a\u00f1ade que \u00abse ha compartido desde un ensayo literario cuya autor\u00eda es de un escritor norteamericano llamado Richard Cohen\u00bb. \u00abLa p\u00e1gina web de esta parroquia est\u00e1 administrada por una persona voluntaria que ha publicado esta entrada sin previa informaci\u00f3n a mi persona\u00bb, aclara Santiago Gonz\u00e1lez.<\/p>\n","protected":false},"excerpt":{"rendered":"<p>Art\u00edculo editado del Diario de Sevilla. El p\u00e1rroco de Bellavista ofrece ayuda para \u00absanar\u00bb la homosexualidad La portada de la web oficial del templo aconsejaba material, terapias y una gu\u00eda t\u00e9cnica. La entrada ha sido borrada y Santiago Gonz\u00e1lez pide perd\u00f3n y rechaza su autor\u00eda. \u00abLa p\u00e1gina est\u00e1 administrada por una persona voluntaria\u00bb, asegura. (&#8230;)El [&hellip;]<\/p>\n","protected":false},"author":2,"featured_media":3828,"comment_status":"open","ping_status":"open","sticky":false,"template":"","format":"standard","meta":{"spay_email":"","jetpack_publicize_message":"","jetpack_is_tweetstorm":false},"categories":[335,63,12,13,19],"tags":[728,540],"aioseo_notices":[],"jetpack_featured_media_url":"http:\/\/catolicasmexico.com\/blog\/wp-content\/uploads\/2015\/06\/20150630-135506.jpg","jetpack_publicize_connections":[],"jetpack_shortlink":"https:\/\/wp.me\/p3B5XH-ZM","jetpack-related-posts":[{"id":1567,"url":"http:\/\/catolicasmexico.com\/blog\/obedezcan-lo-que-dice-la-fe-sobre-la-homosexualidad-o-vayan-a-otro-sitio\/","url_meta":{"origin":3830,"position":0},"title":"Obedezcan lo que dice la fe sobre la homosexualidad o vayan a otro sitio","date":"14 agosto 2013","format":false,"excerpt":"Por Kirsten Andersen Jueves 08 de agosto de 2013 18:42 EST (LifeSiteNews.com) ALTOONA, WI, 08 de agosto de 2013\u2013 Una parroquia Cat\u00f3lica en Wisconsin ha dicho a la tropa Boy Scout que ha patrocinado por los \u00faltimos 20 a\u00f1os que tendr\u00e1 que encontrar un nuevo hogar en respuesta a la\u2026","rel":"","context":"En \u00abHomosexualidad\u00bb","img":{"alt_text":"","src":"","width":0,"height":0},"classes":[]},{"id":2659,"url":"http:\/\/catolicasmexico.com\/blog\/defendamos-a-la-iglesia-catolica-de-la-comision-de-naciones-unidas-que-pide-que-cambie-su-doctrina-sobre-el-aborto\/","url_meta":{"origin":3830,"position":1},"title":"Defendamos a la Iglesia Cat\u00f3lica de la Comisi\u00f3n de Naciones Unidas que pide que cambie su doctrina sobre el aborto.","date":"4 marzo 2014","format":false,"excerpt":"Hemos recibido esta informaci\u00f3n: 03 de marzo de 2014 Queridos amigos, Estoy fuera de m\u00ed. Hoy, una Comisi\u00f3n de las Naciones Unidas orden\u00f3 a la iglesia cat\u00f3lica que permita que los ni\u00f1os tengan relaciones y que cambie su doctrina sobre la anticoncepci\u00f3n. El Comit\u00e9 tambi\u00e9n pidi\u00f3 a la iglesia que\u2026","rel":"","context":"En \u00abAborto\u00bb","img":{"alt_text":"","src":"","width":0,"height":0},"classes":[]},{"id":997,"url":"http:\/\/catolicasmexico.com\/blog\/pedimos-sus-oraciones-por-un-valiente-sacerdote\/","url_meta":{"origin":3830,"position":2},"title":"Pedimos sus oraciones por un valiente sacerdote.","date":"28 junio 2013","format":false,"excerpt":"Pedimos sus oraciones, comuniones y sacrificios, por un sacerdote de la Di\u00f3cesis de Montreal, Canada. Este domingo, El Padre R.B. ( no revelamos su nombre para protegerlo) se atrevi\u00f3 a predicar la verdad del evangelio, afirmando que si bien deb\u00edamos amar a nuestro pr\u00f3jimo y al pecador, deb\u00edamos condenar el\u2026","rel":"","context":"En \u00abFe\u00bb","img":{"alt_text":"","src":"","width":0,"height":0},"classes":[]},{"id":2422,"url":"http:\/\/catolicasmexico.com\/blog\/la-policia-de-pensamiento-es-una-realidad-ideologia-de-genero-la-iglesia-no-puede-callar\/","url_meta":{"origin":3830,"position":3},"title":"La polic\u00eda de pensamiento es una realidad. Ideolog\u00eda de g\u00e9nero: la Iglesia no puede callar","date":"21 enero 2014","format":false,"excerpt":"Articulo de Religi\u00f3n en libertad. Editado www.catolicasmexico.com Del Pr\u00f3logo de monse\u00f1or Luigi Negri, arzobispo de Ferrara-Comacchio, al libro Omofobia o Eterofobia, de Gianfranco Amato (Fede & Cultura, 2014). (Traducci\u00f3n de Helena Faccia Serrano.) (...) Una campa\u00f1a medi\u00e1tica poderosa y bien orquestada intenta, inducir a la opini\u00f3n p\u00fablica a creer que\u2026","rel":"","context":"En \u00abEducaci\u00f3n\u00bb","img":{"alt_text":"","src":"https:\/\/i1.wp.com\/catolicasmexico.com\/blog\/wp-content\/uploads\/2014\/01\/20140121-132247.jpg?resize=350%2C200","width":350,"height":200},"classes":[]},{"id":4445,"url":"http:\/\/catolicasmexico.com\/blog\/agencias-de-la-onu-presionan-a-la-iglesia-catolica-sobre-contracepcion-homosexualidad-y-masturbacion\/","url_meta":{"origin":3830,"position":4},"title":"Agencias de la ONU presionan a la Iglesia cat\u00f3lica sobre contracepci\u00f3n, homosexualidad y masturbaci\u00f3n","date":"4 octubre 2016","format":false,"excerpt":"Austin Ruse | Nueva York | 15 de septiembre de 2016 (Atribuci\u00f3n: www.all-free-photos.com) (Nueva York, C-FAM) Tres poderosas agencias de la ONU patrocinan la publicaci\u00f3n de un documento, la semana que viene, en el que se llama a la Iglesia cat\u00f3lica a cambiar sus ense\u00f1anzas, no solo en cuanto a\u2026","rel":"","context":"En \u00abAborto\u00bb","img":{"alt_text":"","src":"https:\/\/i2.wp.com\/catolicasmexico.com\/blog\/wp-content\/uploads\/2016\/11\/PI44938-hr.jpg?resize=350%2C200","width":350,"height":200},"classes":[]},{"id":1403,"url":"http:\/\/catolicasmexico.com\/blog\/el-homofascismo-es-denunciado-por-los-ex-gais\/","url_meta":{"origin":3830,"position":5},"title":"El 'homofascismo',  es denunciado por los ex-gais.","date":"25 julio 2013","format":false,"excerpt":"Del blog de www.cqv.cq.ca Traducci\u00f3n y edici\u00f3n libre de www.catolicasmexico.com Douglas McIntyre, fundador de la peque\u00f1a Asociaci\u00f3n\"Los homosexuales An\u00f3nimos\" ,visitar\u00e1 diez ciudades de los Estados Unidos en diez d\u00edas, desde Dallas a Washington, D.C., donde piensa pedir la protecci\u00f3n contra de los cr\u00edmenes de odio gay al Congreso. Ahora casado\u2026","rel":"","context":"En \u00abEEUU\u00bb","img":{"alt_text":"","src":"","width":0,"height":0},"classes":[]}],"jetpack_likes_enabled":false,"jetpack_sharing_enabled":true,"_links":{"self":[{"href":"http:\/\/catolicasmexico.com\/blog\/wp-json\/wp\/v2\/posts\/3830"}],"collection":[{"href":"http:\/\/catolicasmexico.com\/blog\/wp-json\/wp\/v2\/posts"}],"about":[{"href":"http:\/\/catolicasmexico.com\/blog\/wp-json\/wp\/v2\/types\/post"}],"author":[{"embeddable":true,"href":"http:\/\/catolicasmexico.com\/blog\/wp-json\/wp\/v2\/users\/2"}],"replies":[{"embeddable":true,"href":"http:\/\/catolicasmexico.com\/blog\/wp-json\/wp\/v2\/comments?post=3830"}],"version-history":[{"count":1,"href":"http:\/\/catolicasmexico.com\/blog\/wp-json\/wp\/v2\/posts\/3830\/revisions"}],"predecessor-version":[{"id":3831,"href":"http:\/\/catolicasmexico.com\/blog\/wp-json\/wp\/v2\/posts\/3830\/revisions\/3831"}],"wp:featuredmedia":[{"embeddable":true,"href":"http:\/\/catolicasmexico.com\/blog\/wp-json\/wp\/v2\/media\/3828"}],"wp:attachment":[{"href":"http:\/\/catolicasmexico.com\/blog\/wp-json\/wp\/v2\/media?parent=3830"}],"wp:term":[{"taxonomy":"category","embeddable":true,"href":"http:\/\/catolicasmexico.com\/blog\/wp-json\/wp\/v2\/categories?post=3830"},{"taxonomy":"post_tag","embeddable":true,"href":"http:\/\/catolicasmexico.com\/blog\/wp-json\/wp\/v2\/tags?post=3830"}],"curies":[{"name":"wp","href":"https:\/\/api.w.org\/{rel}","templated":true}]}}