{"id":38,"date":"2013-04-23T20:01:10","date_gmt":"2013-04-23T20:01:10","guid":{"rendered":"http:\/\/catolicasmexico.com\/blog\/?p=38"},"modified":"2013-04-29T21:03:02","modified_gmt":"2013-04-30T02:03:02","slug":"38","status":"publish","type":"post","link":"http:\/\/catolicasmexico.com\/blog\/38\/","title":{"rendered":"Avanza la reforma de la Constituci\u00f3n"},"content":{"rendered":"<div><\/div>\n<div><img src=\"http:\/\/www.es.catholic.net\/catholic_db\/imagenes_db\/movimientos_juveniles\/bandera.gif\" alt=\"\"  \/> <\/div>\n<div><strong>\u201cLa lucha es un deber y no una especulaci\u00f3n para los que nos preciamos de cat\u00f3licos. Demos gracias a Dios de habernos otorgado el combate, y no pidamos sobre la gracia del combate la gracia del triunfo a aquel que en su bondad infinita reserva a los que combaten bien por su causa una recompensa mayor que la victoria\u201d, (Juan Donoso Cort\u00e9s)<\/strong><\/div>\n<p>El pasado 8 de marzo, el Senado de M\u00e9xico aprob\u00f3 el texto de la reforma constitucional, el cual fue girado, el 23 de marzo, a las 31 legislaturas de los estados mexicanos y a la del Distrito Federal (Estado de M\u00e9xico) para ser ratificado. Recordemos que la reforma somete a M\u00e9xico al sistema internacional de derechos humanos y, con ello, no s\u00f3lo a los Tratados y Convenciones, sino tambi\u00e9n a los dict\u00e1menes y observaciones generales de los \u00f3rganos de seguimiento, los cuales se han encargado de pervertir y tergiversar a favor de la cultura de la muerte el texto de esos documentos internacionales.<\/p>\n<p>La entrada en vigor de la llamada reforma de los derechos humanos, depende de su ratificaci\u00f3n por parte de 16 estados federales. Ya han aprobado la reforma 12 estados: Coahuila, Chiapas, Colima, Yucat\u00e1n, Chihuahua, Campeche, Zacatecas, Quintana Roo, Estado de M\u00e9xico, Durango, Sonora y Aguascalientes.<\/p>\n<p>Distintas posturas de la jerarqu\u00eda eclesi\u00e1stica<\/p>\n<p>La Conferencia Episcopal alab\u00f3 la reforma constitucional y llam\u00f3 a contribuir para darle la debida orientaci\u00f3n, con el fin de que se coloque al servicio de la inalienable dignidad de la persona humana y del bien com\u00fan.<\/p>\n<p>P\u00fablicamente s\u00f3lo el cardenal Juan Sandoval \u00cd\u00f1iguez, arzobispo de Guadalajara, viendo el peligro de poner la legislaci\u00f3n del pa\u00eds en manos del sistema internacional de derechos humanos reaccion\u00f3 contra la reforma; dirigi\u00f3 una carta a los obispos disintiendo con lo declarado por la Conferencia Episcopal, y apoy\u00f3 a los \u201cgrupos laicales, que han venido luchando valientemente en defensa de la familia y la vida ante los ataques de las leyes\u201d.<\/p>\n<p>No se dan por vencidos<\/p>\n<p>Justamente, en Guadalajara, la asociaci\u00f3n Mexicanos por la Vida de Todos realiz\u00f3 una marcha multitudinaria el 14 de mayo, pidiendo a los legisladores del Estado de Jalisco que rechacen la reforma de la Constituci\u00f3n de M\u00e9xico, independientemente de lo que otros estados decidan.<\/p>\n<p>La asociaci\u00f3n Mexicanos por la Vida de Todos est\u00e1 conformada por m\u00e1s de 210 asociaciones civiles, educativas, religiosas, de profesionales y otros movimientos sociales.<\/p>\n<p>Las consecuencias de someterse al sistema<\/p>\n<p>El manifiesto de Mexicanos por la Vida de Todos sintetiza claramente las consecuencias de someterse el sistema internacional de derechos humanos.<\/p>\n<p>-\u201cCompromete la Soberan\u00eda Nacional. La Reforma hace que los Tratados Internacionales se equiparen a nuestra Constituci\u00f3n. Esto significar\u00eda que otros pa\u00edses, Cortes Internacionales o Comit\u00e9s de seguimiento, decidir\u00edan qu\u00e9 Derechos Humanos debemos acatar, aunque en realidad no sean verdaderos Derechos Humanos. Actualmente hay grupos luchando para que en los Tratados Internacionales se incluya aborto, alquiler de vientres, matrimonios homosexuales y adopci\u00f3n por estas parejas, entre otros falsos derechos\u201d (\u2026).<\/p>\n<p>-\u201cCambia el t\u00e9rmino \u2018individuo\u2019 por \u2018persona\u2019, lo cual deja que el Estado sea el que interprete, qui\u00e9n es persona. Deliberadamente deja indefenso al ni\u00f1o por nacer, ya que el significado del t\u00e9rmino \u2018persona\u2019 en el sentido en que lo define la Reforma, depende del poder pol\u00edtico en turno. Esto abre la posibilidad de despenalizar el aborto en todo el Pa\u00eds, aun cuando la mayor\u00eda de las Constituciones de los Estados protegen al beb\u00e9 desde la concepci\u00f3n\u201d (\u2026).<\/p>\n<p>-\u201cSe presta a interpretar equivocadamente los Derechos Humanos. En la Reforma no se define qu\u00e9 es un derecho humano. Para saber cu\u00e1l derecho es m\u00e1s importante que otro, conforme a esta Reforma, por ejemplo, el pretendido \u2018derecho\u2019 de la mujer al aborto, estar\u00eda por encima del derecho a la vida del no nacido\u201d (\u2026).<\/p>\n<p>-\u201cSe opone a la libertad religiosa. La Reforma establece que los actos religiosos de culto p\u00fablico pueden ser restringidos o suspendidos\u201d (\u2026).<\/p>\n<p>-\u201cFavorece la intolerancia, restringe la libertad de expresi\u00f3n e incluye la aceptaci\u00f3n de comportamientos desviados al contener el t\u00e9rmino de \u2018preferencias sexuales\u2019. Este t\u00e9rmino no existe en ning\u00fan Tratado Internacional, las naciones miembro de la ONU no han admitido su utilizaci\u00f3n (\u2026) Con esta adici\u00f3n, se generan condiciones para legalizar las uniones homosexuales y la adopci\u00f3n de ni\u00f1os por parejas homosexuales y promueve la incertidumbre jur\u00eddica\u201d.<\/p>\n<p>-\u201cPone en riesgo el derecho de los padres a decidir sobre la educaci\u00f3n de sus hijos. Esta Reforma abrir\u00eda las puertas para que se ense\u00f1e en las escuelas sobre la pr\u00e1ctica de la homosexualidad como una opci\u00f3n m\u00e1s para el ni\u00f1o. Se inculcar\u00eda adem\u00e1s a los ni\u00f1os informaci\u00f3n sexual expl\u00edcita desde preescolar, entre otras cosas. Esto se aplicar\u00eda por igual en escuelas p\u00fablicas y privadas, sin que los padres puedan objetar en contra\u201d.<\/p>\n<p>Adem\u00e1s, Mexicanos por la Vida de Todos, pidi\u00f3 el rechazo de varios proyectos presentados en el Congreso de Jalisco: de despenalizar el aborto hasta la semana 12 de gestaci\u00f3n; de divorcio express; de legitimar las uniones civiles entre parejas del mismo sexo; de subrogaci\u00f3n de vientres o vientres de alquiler; y de reforma de la ley estatal de salud para permitir el acceso de las adolescentes a la anticoncepci\u00f3n y al aborto, otorg\u00e1ndoles \u201cderechos sexuales\u201d.<\/p>\n<p>Los mismos reclamos los ha hecho, en otros estados, la Coalici\u00f3n Nacional por los Derechos Humanos a Favor de la Vida y la Familia.<\/p>\n<p>Se anular\u00edan los blindajes en defensa de la vida humana<\/p>\n<p>Como consecuencia inmediata de la reforma constitucional, que someter\u00eda el ordenamiento legal mexicano al sistema internacional de derechos humanos, es de temer que quede reducido a papel mojado el blindaje a favor del respeto a la vida humana desde la concepci\u00f3n que 18 estados mexicanos hicieron en 2009, reformando sus constituciones, para garantizar derecho a la vida de todo ser humano.<\/p>\n","protected":false},"excerpt":{"rendered":"<p>\u201cLa lucha es un deber y no una especulaci\u00f3n para los que nos preciamos de cat\u00f3licos. Demos gracias a Dios de habernos otorgado el combate, y no pidamos sobre la gracia del combate la gracia del triunfo a aquel que en su bondad infinita reserva a los que combaten bien por su causa una recompensa [&hellip;]<\/p>\n","protected":false},"author":2,"featured_media":3881,"comment_status":"open","ping_status":"open","sticky":false,"template":"","format":"standard","meta":{"spay_email":"","jetpack_publicize_message":"","jetpack_is_tweetstorm":false},"categories":[9,16,17],"tags":[],"aioseo_notices":[],"jetpack_featured_media_url":"http:\/\/catolicasmexico.com\/blog\/wp-content\/uploads\/2015\/07\/bandera.gif","jetpack_publicize_connections":[],"jetpack_shortlink":"https:\/\/wp.me\/s3B5XH-38","jetpack-related-posts":[{"id":57,"url":"http:\/\/catolicasmexico.com\/blog\/reinicia-suprema-corte-debate-sobre-aborto\/","url_meta":{"origin":38,"position":0},"title":"Reinicia suprema corte debate sobre aborto","date":"24 abril 2013","format":false,"excerpt":"CIUDAD DE M\u00c9XICO. La definici\u00f3n podr\u00eda darse en la sesi\u00f3n de este mi\u00e9rcoles, ya que cinco de los 11 ministros se han pronunciado por la inconstitucionalidad de la reforma y tres por su validez M\u00e9xico, D.F.- El pleno de la Suprema Corte de Justicia de la Naci\u00f3n (SCJN) reinici\u00f3 el\u2026","rel":"","context":"En \u00abAborto\u00bb","img":{"alt_text":"","src":"https:\/\/i1.wp.com\/catolicasmexico.com\/blog\/wp-content\/uploads\/2013\/06\/238-Guadalupe-square.jpg?resize=350%2C200","width":350,"height":200},"classes":[]},{"id":1667,"url":"http:\/\/catolicasmexico.com\/blog\/mexicoel-congreso-veta-durante-7-anos-aborto-bodas-gay-y-muerte-asistida\/","url_meta":{"origin":38,"position":1},"title":"M\u00e9xico:El Congreso veta durante 7 a\u00f1os aborto, bodas gay y muerte asistida.","date":"22 agosto 2013","format":false,"excerpt":"( \u00a1Gloria a Dios! Nos damos cuenta que nuestras oraciones son escuchadas, pues no se ha cedido a pesar de todas la presiones internacionales, para pasar leyes contra Natura y contra Dios.; debemos pedir Misericordia, para nuestras familias, para nuestro pa\u00eds y el mundo y no dejarnos vencer por las\u2026","rel":"","context":"En \u00abAborto\u00bb","img":{"alt_text":"","src":"","width":0,"height":0},"classes":[]},{"id":2004,"url":"http:\/\/catolicasmexico.com\/blog\/pro-familias-y-pro-vida-de-peru-organizan-caminata-masiva-de-oracion-y-ayuno-por-chile-y-mexico\/","url_meta":{"origin":38,"position":2},"title":"Pro familias y pro-vida de Per\u00fa : organizan caminata masiva de oraci\u00f3n y ayuno por Chile y M\u00e9xico","date":"3 noviembre 2013","format":false,"excerpt":"Todo el mundo esta al corriente de que en M\u00e9xico est\u00e1 por aprobarse esta ley, salvo los propios mexicanos, tenemos que unirnos y luchar por nuestro pa\u00eds, pues son nuestros hijos los que ser\u00e1n afectados con tan abominable y abyecta ley. ESPA\u00d1A.-(AGENCIALAVOZ) El pastor Jos\u00e9 Linares Cer\u00f3n Presidente de Ciprofam\u2026","rel":"","context":"En \u00abAborto\u00bb","img":{"alt_text":"","src":"","width":0,"height":0},"classes":[]},{"id":235,"url":"http:\/\/catolicasmexico.com\/blog\/la-polemica-esta-servida-una-mujer-crucificada-protagoniza-una-campana-socialista-contra-la-reforma-de-la-ley-del-aborto\/","url_meta":{"origin":38,"position":3},"title":"La pol\u00e9mica est\u00e1 servida: una mujer crucificada protagoniza una campa\u00f1a socialista contra la reforma de la ley del aborto","date":"10 mayo 2013","format":false,"excerpt":"Diariocr\u00edtico\/Agencias\u00a010\/05\/2013 Xuventudes Socialistas de Galicia (XSG) ha presentado este viernes una campa\u00f1a --que se realizar\u00e1 a trav\u00e9s de las redes sociales-- contra la reforma de la Ley de Salud Sexual y Reproductiva e Interrupci\u00f3n Voluntaria del Embarazo--, que \"es una bofetada de Gallard\u00f3n a los derechos de todas las mujeres\"\u2026","rel":"","context":"En \u00abAborto\u00bb","img":{"alt_text":"","src":"https:\/\/i0.wp.com\/catolicasmexico.com\/blog\/wp-content\/uploads\/2013\/05\/237717.jpg?resize=350%2C200","width":350,"height":200},"classes":[]},{"id":3659,"url":"http:\/\/catolicasmexico.com\/blog\/la-marcha-provida-de-tijuana-es-noticia-internacional\/","url_meta":{"origin":38,"position":4},"title":"La marcha provida de Tijuana es noticia internacional","date":"13 marzo 2015","format":false,"excerpt":"\u00a0 \u00a0 \u00a0 \u00a0 \u00a0 \u00a0 \u00a0 \u00a0 Articulo original de\u00a0http:\/\/www.medias-presse.info\/. Traducci\u00f3n libre para catolicasmexico.com M\u00e9xico - el domingo, 8 de marzo, la Arquidi\u00f3cesis de Tijuana organiz\u00f3 la 15a marcha por la vida, la paz y la justicia en el que participaron casi 35000 personas, bajo el lema: \" Quien\u2026","rel":"","context":"En \u00abIglesia cat\u00f3lica\u00bb","img":{"alt_text":"","src":"https:\/\/i2.wp.com\/catolicasmexico.com\/blog\/wp-content\/uploads\/2015\/03\/Marche-pro-vie-Tijuana.jpg?resize=350%2C200","width":350,"height":200},"classes":[]},{"id":188,"url":"http:\/\/catolicasmexico.com\/blog\/el-congreso-rechaza-con-el-voto-del-pp-upn-y-fac-pedir-al-gobierno-que-espere-al-tc-para-reformar-la-ley\/","url_meta":{"origin":38,"position":5},"title":"El Congreso rechaza con el voto del PP, UPN y FAC pedir al Gobierno que espere al TC para reformar la Ley.","date":"8 mayo 2013","format":false,"excerpt":"CELIA VILLALOBOS SE DESMARCA EN SU VOTO DEL PP MADRID, 7 May. (EUROPA PRESS) - El Pleno del Congreso de los Diputados ha rechazado, con el voto del PP, UPN y Foro de Asturias, una moci\u00f3n presentada por el PSOE que ped\u00eda al Gobierno que esperase al pronunciamiento del Tribunal\u2026","rel":"","context":"En \u00abAborto\u00bb","img":{"alt_text":"","src":"https:\/\/i0.wp.com\/catolicasmexico.com\/blog\/wp-content\/uploads\/2013\/05\/image-5.jpeg?resize=350%2C200","width":350,"height":200},"classes":[]}],"jetpack_likes_enabled":false,"jetpack_sharing_enabled":true,"_links":{"self":[{"href":"http:\/\/catolicasmexico.com\/blog\/wp-json\/wp\/v2\/posts\/38"}],"collection":[{"href":"http:\/\/catolicasmexico.com\/blog\/wp-json\/wp\/v2\/posts"}],"about":[{"href":"http:\/\/catolicasmexico.com\/blog\/wp-json\/wp\/v2\/types\/post"}],"author":[{"embeddable":true,"href":"http:\/\/catolicasmexico.com\/blog\/wp-json\/wp\/v2\/users\/2"}],"replies":[{"embeddable":true,"href":"http:\/\/catolicasmexico.com\/blog\/wp-json\/wp\/v2\/comments?post=38"}],"version-history":[{"count":4,"href":"http:\/\/catolicasmexico.com\/blog\/wp-json\/wp\/v2\/posts\/38\/revisions"}],"predecessor-version":[{"id":89,"href":"http:\/\/catolicasmexico.com\/blog\/wp-json\/wp\/v2\/posts\/38\/revisions\/89"}],"wp:featuredmedia":[{"embeddable":true,"href":"http:\/\/catolicasmexico.com\/blog\/wp-json\/wp\/v2\/media\/3881"}],"wp:attachment":[{"href":"http:\/\/catolicasmexico.com\/blog\/wp-json\/wp\/v2\/media?parent=38"}],"wp:term":[{"taxonomy":"category","embeddable":true,"href":"http:\/\/catolicasmexico.com\/blog\/wp-json\/wp\/v2\/categories?post=38"},{"taxonomy":"post_tag","embeddable":true,"href":"http:\/\/catolicasmexico.com\/blog\/wp-json\/wp\/v2\/tags?post=38"}],"curies":[{"name":"wp","href":"https:\/\/api.w.org\/{rel}","templated":true}]}}