{"id":364,"date":"2013-05-16T16:45:10","date_gmt":"2013-05-16T21:45:10","guid":{"rendered":"http:\/\/catolicasmexico.com\/blog\/?p=364"},"modified":"2013-05-16T16:46:50","modified_gmt":"2013-05-16T21:46:50","slug":"foto-de-mellizos-tomados-de-la-mano-conmueve-al-mundo","status":"publish","type":"post","link":"http:\/\/catolicasmexico.com\/blog\/foto-de-mellizos-tomados-de-la-mano-conmueve-al-mundo\/","title":{"rendered":"Foto de mellizos tomados de la mano conmueve al mundo"},"content":{"rendered":"<p><a href=\"http:\/\/catolicasmexico.com\/blog\/wp-content\/uploads\/2013\/05\/ppmellizos16052013.jpg\"><img data-attachment-id=\"365\" data-permalink=\"http:\/\/catolicasmexico.com\/blog\/foto-de-mellizos-tomados-de-la-mano-conmueve-al-mundo\/ppmellizos16052013\/\" data-orig-file=\"http:\/\/catolicasmexico.com\/blog\/wp-content\/uploads\/2013\/05\/ppmellizos16052013.jpg\" data-orig-size=\"500,340\" data-comments-opened=\"1\" data-image-meta=\"{&quot;aperture&quot;:&quot;0&quot;,&quot;credit&quot;:&quot;&quot;,&quot;camera&quot;:&quot;&quot;,&quot;caption&quot;:&quot;&quot;,&quot;created_timestamp&quot;:&quot;0&quot;,&quot;copyright&quot;:&quot;&quot;,&quot;focal_length&quot;:&quot;0&quot;,&quot;iso&quot;:&quot;0&quot;,&quot;shutter_speed&quot;:&quot;0&quot;,&quot;title&quot;:&quot;&quot;,&quot;orientation&quot;:&quot;0&quot;}\" data-image-title=\"ppmellizos16052013\" data-image-description=\"\" data-medium-file=\"http:\/\/catolicasmexico.com\/blog\/wp-content\/uploads\/2013\/05\/ppmellizos16052013-300x204.jpg\" data-large-file=\"http:\/\/catolicasmexico.com\/blog\/wp-content\/uploads\/2013\/05\/ppmellizos16052013.jpg\" class=\"alignnone size-full wp-image-365\" title=\"ppmellizos16052013\" src=\"http:\/\/catolicasmexico.com\/blog\/wp-content\/uploads\/2013\/05\/ppmellizos16052013.jpg\" alt=\"\" width=\"500\" height=\"340\" srcset=\"http:\/\/catolicasmexico.com\/blog\/wp-content\/uploads\/2013\/05\/ppmellizos16052013.jpg 500w, http:\/\/catolicasmexico.com\/blog\/wp-content\/uploads\/2013\/05\/ppmellizos16052013-300x204.jpg 300w, http:\/\/catolicasmexico.com\/blog\/wp-content\/uploads\/2013\/05\/ppmellizos16052013-150x150.jpg 150w\" sizes=\"100vw\" \/> <\/a><\/p>\n<p>MADRID, 16 May. 13 \/ 12:05 pm (<a href=\"http:\/\/www.aciprensa.com\/\" target=\"_blank\"><strong>ACI\/EWTN Noticias<\/strong><\/a>).- La foto de dos hermanos mellizos que se sostienen las manos el uno al otro, a los pocos minutos de su nacimiento, ha conmovido al mundo entero.<\/p>\n<p>Daniel y Mar\u00eda, nacieron en la Cl\u00ednica Zuatzu de San Sebasti\u00e1n (Espa\u00f1a), y el retrato que ha dado la vuelta al mundo fue tomado, con consentimiento de los padres, por el personal que particip\u00f3 en el nacimiento.<\/p>\n<p>Luego de la ces\u00e1rea con la que nacieron, Daniel y Mar\u00eda fueron llevados a una cuna t\u00e9rmica, donde cada uno se puso a mirar en una direcci\u00f3n diferente, pero de forma natural juntaron sus manos.<\/p>\n<p>En declaraciones al diario espa\u00f1ol ABC, el m\u00e9dico Javier Rodr\u00edguez, ginec\u00f3logo que atendi\u00f3 el nacimiento de los mellizos, remarc\u00f3 lo especial del caso, pues \u00abtiene que haber una qu\u00edmica que probablemente un feto \u00fanico no va a tener con un hermano, son nueve meses dentro\u00bb.<\/p>\n<p>El m\u00e9dico descart\u00f3 que se tratara de una simple casualidad, pues \u00abes una postura como medianamente complicada\u00bb.<\/p>\n<p>\u00abUno mirando para un lado, el otro para el otro, pues dice \u2018yo voy a coger a mi hermanito de la mano, que \u00e9ste todav\u00eda me tiene muchas cosas que contar\u2019\u00bb, se\u00f1al\u00f3 el m\u00e9dico.<\/p>\n<p>Para el Dr. Rodr\u00edguez, el enlace de las manos de los mellizos es algo que \u00absolo la naturaleza es la que lo puede explicar\u00bb.<\/p>\n","protected":false},"excerpt":{"rendered":"<p>MADRID, 16 May. 13 \/ 12:05 pm (ACI\/EWTN Noticias).- La foto de dos hermanos mellizos que se sostienen las manos el uno al otro, a los pocos minutos de su nacimiento, ha conmovido al mundo entero. Daniel y Mar\u00eda, nacieron en la Cl\u00ednica Zuatzu de San Sebasti\u00e1n (Espa\u00f1a), y el retrato que ha dado la [&hellip;]<\/p>\n","protected":false},"author":2,"featured_media":365,"comment_status":"open","ping_status":"open","sticky":false,"template":"","format":"standard","meta":{"spay_email":"","jetpack_publicize_message":"","jetpack_is_tweetstorm":false},"categories":[27,25],"tags":[],"aioseo_notices":[],"jetpack_featured_media_url":"http:\/\/catolicasmexico.com\/blog\/wp-content\/uploads\/2013\/05\/ppmellizos16052013.jpg","jetpack_publicize_connections":[],"jetpack_shortlink":"https:\/\/wp.me\/p3B5XH-5S","jetpack-related-posts":[{"id":1637,"url":"http:\/\/catolicasmexico.com\/blog\/conoces-a-alguien-que-afirma-que-los-bebes-abortados-son-una-masa-de-celulas-muestrale-los-pies-preciosos\/","url_meta":{"origin":364,"position":0},"title":"\u00bfConoces a alguien que afirma que los beb\u00e9s abortados son una masa de c\u00e9lulas?  Mu\u00e9strale los \"Pies Preciosos\"","date":"19 agosto 2013","format":false,"excerpt":"El s\u00edmbolo internacional pro-vida. La medida y la forma exacta de los pies de un no nato de 10 semanas. En ningun momento de nuestra vida se producen tantos cambios y se crece tanto como en los primeros nueve meses antes del nacimiento. He aqu\u00ed las admirables etapas del comienzo\u2026","rel":"","context":"En \u00abAborto\u00bb","img":{"alt_text":"","src":"","width":0,"height":0},"classes":[]},{"id":3415,"url":"http:\/\/catolicasmexico.com\/blog\/gemelos-prematuros-nacidos-una-semana-antes-del-limite-legal-de-aborto-sobreviven-milagrosamente\/","url_meta":{"origin":364,"position":1},"title":"Gemelos prematuros nacidos una semana antes del l\u00edmite legal de aborto sobreviven milagrosamente","date":"23 septiembre 2014","format":false,"excerpt":"Articulo LifeNews traducci\u00f3n y edici\u00f3n libre Martin Pacheco Apenas un d\u00eda despu\u00e9s de que los padres de un beb\u00e9 prematuro hayan publicado una foto de su neonato, con la esperanza de contrarrestar el aborto tard\u00edo legal, nos llega otra fabulosa historia. En esta nueva historia, los padres de gemelos prematuros\u2026","rel":"","context":"En \u00abAborto\u00bb","img":{"alt_text":"","src":"https:\/\/i1.wp.com\/catolicasmexico.com\/blog\/wp-content\/uploads\/2014\/09\/IMG_0014.jpg?resize=350%2C200","width":350,"height":200},"classes":[]},{"id":4981,"url":"http:\/\/catolicasmexico.com\/blog\/pequeno-oficio-de-la-virgen\/","url_meta":{"origin":364,"position":2},"title":"PEQUE\u00d1O OFICIO DE LA VIRGEN.","date":"16 agosto 2021","format":"image","excerpt":"El peque\u00f1o oficio de La Inmaculada Concepci\u00f3n. Permito con gusto la impresi\u00f3n del op\u00fasculo intitulado el peque\u00f1o oficio de la Inmaculada Concepci\u00f3n, que es una compilaci\u00f3n de oraciones y de pr\u00e1cticas piadosas indulgenciadas en honor a Mar\u00eda Inmaculada. En Santa Ana de Beaupr\u00e9 2 de febrero de 1928.Imprimatur: Fr. R.M.\u2026","rel":"","context":"En \u00abOraciones\u00bb","img":{"alt_text":"","src":"https:\/\/i2.wp.com\/catolicasmexico.com\/blog\/wp-content\/uploads\/2014\/02\/20140210-194830.jpg?resize=350%2C200","width":350,"height":200},"classes":[]},{"id":3387,"url":"http:\/\/catolicasmexico.com\/blog\/este-bebe-nacio-a-las-23-semanas-pero-hubiera-en-vez-podido-ser-legalmente-abortado\/","url_meta":{"origin":364,"position":3},"title":"Este beb\u00e9 naci\u00f3 a las 23 semanas, pero hubiera en vez podido ser legalmente abortado","date":"5 septiembre 2014","format":false,"excerpt":"Art\u00edculo original de Lifenews, traduccion y edici\u00f3n libre Sr. Mart\u00edn Pacheco. En Inglaterra sobrevivi\u00f3 un beb\u00e9 prematuro que naci\u00f3 a las 23 semanas, abriendo un debate sobre cuando un aborto est\u00e1 permitido por ley en el Reino Unido. Datos de 25 hospitales brit\u00e1nicos, recogidos durante los \u00faltimos 4 a\u00f1os, muestran\u2026","rel":"","context":"En \u00abAborto\u00bb","img":{"alt_text":"","src":"https:\/\/i2.wp.com\/catolicasmexico.com\/blog\/wp-content\/uploads\/2014\/09\/20140905-100057.jpg?resize=350%2C200","width":350,"height":200},"classes":[]},{"id":1615,"url":"http:\/\/catolicasmexico.com\/blog\/sorprendente-historia-de-confianza-en-dios-gemelos-que-se-salvaron-de-morir-en-un-aborto-ahora-son-sacerdotes\/","url_meta":{"origin":364,"position":4},"title":"\u00a1Sorprendente historia de confianza en Dios! : Gemelos que se salvaron de morir en un aborto ahora son sacerdotes.","date":"15 agosto 2013","format":false,"excerpt":"Edici\u00f3n www.catolicasmexico.com Por Paulo y Felipe Lizama REDACCI\u00d3N CENTRAL, 15 Ago. 13 \/ 05:21 am (ACI).- A inicios de 1984 una ecograf\u00eda mostraba que en el vientre de la chilena Rosa Silva se gestaba un beb\u00e9 con tres brazos y dos cabezas. Los m\u00e9dicos insistieron en que se practique un\u2026","rel":"","context":"En \u00abAborto\u00bb","img":{"alt_text":"","src":"","width":0,"height":0},"classes":[]},{"id":4293,"url":"http:\/\/catolicasmexico.com\/blog\/un-ultrasonido-muestra-a-un-bebe-sujetando-la-mano-de-su-hermanita-gemela\/","url_meta":{"origin":364,"position":5},"title":"Un ultrasonido muestra a un b\u00e9b\u00e9 sujetando la mano de su hermanita gemela.","date":"14 marzo 2016","format":false,"excerpt":"La familia de Kansas de Ian y Brittani McIntire se sinti\u00f3 desconsolada cuando los m\u00e9dicos les dijeron que uno de sus gemelos por nacer probablemente morir\u00eda antes del parto. \u00a0 El beb\u00e9 Mason McIntire ten\u00eda un agujero en su coraz\u00f3n y un cerebro anormal. Pero la familia dijo que su\u2026","rel":"","context":"En \u00abEEUU\u00bb","img":{"alt_text":"","src":"https:\/\/i2.wp.com\/catolicasmexico.com\/blog\/wp-content\/uploads\/2016\/03\/mcintirebaby.jpg?resize=350%2C200","width":350,"height":200},"classes":[]}],"jetpack_likes_enabled":false,"jetpack_sharing_enabled":true,"_links":{"self":[{"href":"http:\/\/catolicasmexico.com\/blog\/wp-json\/wp\/v2\/posts\/364"}],"collection":[{"href":"http:\/\/catolicasmexico.com\/blog\/wp-json\/wp\/v2\/posts"}],"about":[{"href":"http:\/\/catolicasmexico.com\/blog\/wp-json\/wp\/v2\/types\/post"}],"author":[{"embeddable":true,"href":"http:\/\/catolicasmexico.com\/blog\/wp-json\/wp\/v2\/users\/2"}],"replies":[{"embeddable":true,"href":"http:\/\/catolicasmexico.com\/blog\/wp-json\/wp\/v2\/comments?post=364"}],"version-history":[{"count":4,"href":"http:\/\/catolicasmexico.com\/blog\/wp-json\/wp\/v2\/posts\/364\/revisions"}],"predecessor-version":[{"id":369,"href":"http:\/\/catolicasmexico.com\/blog\/wp-json\/wp\/v2\/posts\/364\/revisions\/369"}],"wp:featuredmedia":[{"embeddable":true,"href":"http:\/\/catolicasmexico.com\/blog\/wp-json\/wp\/v2\/media\/365"}],"wp:attachment":[{"href":"http:\/\/catolicasmexico.com\/blog\/wp-json\/wp\/v2\/media?parent=364"}],"wp:term":[{"taxonomy":"category","embeddable":true,"href":"http:\/\/catolicasmexico.com\/blog\/wp-json\/wp\/v2\/categories?post=364"},{"taxonomy":"post_tag","embeddable":true,"href":"http:\/\/catolicasmexico.com\/blog\/wp-json\/wp\/v2\/tags?post=364"}],"curies":[{"name":"wp","href":"https:\/\/api.w.org\/{rel}","templated":true}]}}