{"id":3611,"date":"2015-02-17T17:23:47","date_gmt":"2015-02-17T23:23:47","guid":{"rendered":"http:\/\/catolicasmexico.com\/blog\/?p=3611"},"modified":"2015-02-17T17:30:12","modified_gmt":"2015-02-17T23:30:12","slug":"ayuno-y-abstinencia","status":"publish","type":"post","link":"http:\/\/catolicasmexico.com\/blog\/ayuno-y-abstinencia\/","title":{"rendered":"Ayuno y abstinencia"},"content":{"rendered":"<div>\n<div dir=\"ltr\">\n<div style=\"text-align: justify;\"><a href=\"http:\/\/catolicasmexico.com\/blog\/wp-content\/uploads\/2015\/02\/B5qAb9jCEAA1Hdv.jpg\"><img data-attachment-id=\"3612\" data-permalink=\"http:\/\/catolicasmexico.com\/blog\/ayuno-y-abstinencia\/b5qab9jceaa1hdv\/\" data-orig-file=\"http:\/\/catolicasmexico.com\/blog\/wp-content\/uploads\/2015\/02\/B5qAb9jCEAA1Hdv.jpg\" data-orig-size=\"600,830\" data-comments-opened=\"1\" data-image-meta=\"{&quot;aperture&quot;:&quot;0&quot;,&quot;credit&quot;:&quot;&quot;,&quot;camera&quot;:&quot;&quot;,&quot;caption&quot;:&quot;&quot;,&quot;created_timestamp&quot;:&quot;0&quot;,&quot;copyright&quot;:&quot;&quot;,&quot;focal_length&quot;:&quot;0&quot;,&quot;iso&quot;:&quot;0&quot;,&quot;shutter_speed&quot;:&quot;0&quot;,&quot;title&quot;:&quot;&quot;,&quot;orientation&quot;:&quot;0&quot;}\" data-image-title=\"B5qAb9jCEAA1Hdv\" data-image-description=\"\" data-medium-file=\"http:\/\/catolicasmexico.com\/blog\/wp-content\/uploads\/2015\/02\/B5qAb9jCEAA1Hdv-217x300.jpg\" data-large-file=\"http:\/\/catolicasmexico.com\/blog\/wp-content\/uploads\/2015\/02\/B5qAb9jCEAA1Hdv.jpg\" class=\"size-medium wp-image-3612\" src=\"http:\/\/catolicasmexico.com\/blog\/wp-content\/uploads\/2015\/02\/B5qAb9jCEAA1Hdv-216x300.jpg\" alt=\"B5qAb9jCEAA1Hdv\" width=\"216\" height=\"300\" srcset=\"http:\/\/catolicasmexico.com\/blog\/wp-content\/uploads\/2015\/02\/B5qAb9jCEAA1Hdv-216x300.jpg 216w, http:\/\/catolicasmexico.com\/blog\/wp-content\/uploads\/2015\/02\/B5qAb9jCEAA1Hdv-150x150.jpg 150w\" sizes=\"100vw\" \/> <\/a><\/div>\n<p>&nbsp;<\/p>\n<div style=\"text-align: justify;\">\n<div dir=\"ltr\">\n<div><strong>EL AYUNO<\/strong> La obligaci\u00f3n de guardar ayuno se aplica a todos los Cat\u00f3licos que responden a los criterios de edad (ver m\u00e1s abajo) en los d\u00edas prescritos, a menos que tengan una condici\u00f3n m\u00e9dica que no se los permita, que est\u00e9n embarazadas o amamantando, o que los incapacitase para su trabajo. En d\u00edas de ayuno:<\/div>\n<div>\u2022 Una comida es permitida (con carne a menos que sea tambi\u00e9n d\u00eda de abstinencia)<\/div>\n<div>\u2022 Dos comidas ligeras sin carne, que juntas no equivalgan a la comida principal, se permiten para conservar fuerzas.<\/div>\n<div>\u2022 No se permiten ni comida ni bocadillos entre las comidas.<\/div>\n<div>Se permiten los l\u00edquidos, teniendo cuidado de no contravenir al esp\u00edritu de ayuno.<\/div>\n<p>&nbsp;<\/p>\n<div><strong>ABSTINENCIA<\/strong> En los d\u00edas de abstinencia estricta no se permite comer la carne de animales de sangre caliente, sopas o salsas \u00a0hechas con la carne de dichos animales. En los d\u00edas de abstinencia parcial (seg\u00fan las reglas tradicionales) \u00a0una comida con carne es permitida.<\/div>\n<div>Disciplina tradicional (1962)<\/div>\n<div>La obligaci\u00f3n de ayuno se aplicaba a aqu\u00e9llos entre los 21 y los 59 a\u00f1os de edad, inclusivamente, salvo las excepciones precedentes. La abstinencia se aplicaba a partir de los 7 a\u00f1os.<\/div>\n<div>El ayuno se requer\u00eda el Mi\u00e9rcoles de Ceniza, los tres d\u00edas siguientes, todos los d\u00edas de Cuaresma, T\u00e9mporas y las vigilias.<\/div>\n<div>Se requer\u00eda abstinencia estricta el mi\u00e9rcoles de ceniza, todos los viernes del a\u00f1o y la vigilia de Navidad. Se requer\u00eda abstinencia parcial durante todos los d\u00edas de Cuaresma, los mi\u00e9rcoles y los s\u00e1bados de las de T\u00e9mporas y todas las vigilias (excepto Navidad).<\/div>\n<div>El deber de ayuno y abstinencia no se aplicaba en los d\u00edas de obligaci\u00f3n (incluyendo los domingos).<\/div>\n<p>&nbsp;<\/p>\n<div><strong>Disciplina actual<\/strong><\/div>\n<p>&nbsp;<\/p>\n<div>La obligaci\u00f3n de guardar ayuno se aplica a aquellos entre las edades de 18 y 59, inclusivamente, excepto en los casos indicados anteriormente. La abstinencia se aplica a los mayores de 14 a\u00f1os. El derecho can\u00f3nico exige expl\u00edcitamente que los pastores y padres se aseguren que los menores que no est\u00e9n sujetos a estas obligaciones entiendan el verdadero significado de la penitencia.<\/div>\n<div><\/div>\n<div>Ayuno y abstinencia son necesarios en Mi\u00e9rcoles de Ceniza y Viernes Santo. El ayuno en s\u00e1bado Santo se recomienda, pero no es obligatorio.<\/div>\n<div><\/div>\n<div>Es necesaria la abstinencia todos los viernes de Cuaresma a menos que sean solemnidades. Los viernes de Cuaresma son d\u00edas penitenciales: se recomienda la abstinencia.<\/div>\n<\/div>\n<\/div>\n<div>\n<div dir=\"ltr\">\n<div style=\"text-align: justify;\">Las leyes actuales del ayuno y la abstinencia se aplican, so pena de pecado grave.<\/div>\n<\/div>\n<\/div>\n<\/div>\n<\/div>\n","protected":false},"excerpt":{"rendered":"<p>&nbsp; EL AYUNO La obligaci\u00f3n de guardar ayuno se aplica a todos los Cat\u00f3licos que responden a los criterios de edad (ver m\u00e1s abajo) en los d\u00edas prescritos, a menos que tengan una condici\u00f3n m\u00e9dica que no se los permita, que est\u00e9n embarazadas o amamantando, o que los incapacitase para su trabajo. En d\u00edas de [&hellip;]<\/p>\n","protected":false},"author":5,"featured_media":3612,"comment_status":"open","ping_status":"open","sticky":false,"template":"","format":"standard","meta":{"spay_email":"","jetpack_publicize_message":"","jetpack_is_tweetstorm":false},"categories":[13,197],"tags":[],"aioseo_notices":[],"jetpack_featured_media_url":"http:\/\/catolicasmexico.com\/blog\/wp-content\/uploads\/2015\/02\/B5qAb9jCEAA1Hdv.jpg","jetpack_publicize_connections":[],"jetpack_shortlink":"https:\/\/wp.me\/p3B5XH-Wf","jetpack-related-posts":[{"id":2004,"url":"http:\/\/catolicasmexico.com\/blog\/pro-familias-y-pro-vida-de-peru-organizan-caminata-masiva-de-oracion-y-ayuno-por-chile-y-mexico\/","url_meta":{"origin":3611,"position":0},"title":"Pro familias y pro-vida de Per\u00fa : organizan caminata masiva de oraci\u00f3n y ayuno por Chile y M\u00e9xico","date":"3 noviembre 2013","format":false,"excerpt":"Todo el mundo esta al corriente de que en M\u00e9xico est\u00e1 por aprobarse esta ley, salvo los propios mexicanos, tenemos que unirnos y luchar por nuestro pa\u00eds, pues son nuestros hijos los que ser\u00e1n afectados con tan abominable y abyecta ley. ESPA\u00d1A.-(AGENCIALAVOZ) El pastor Jos\u00e9 Linares Cer\u00f3n Presidente de Ciprofam\u2026","rel":"","context":"En \u00abAborto\u00bb","img":{"alt_text":"","src":"","width":0,"height":0},"classes":[]},{"id":2565,"url":"http:\/\/catolicasmexico.com\/blog\/unete-a-la-jornada-de-ayuno-y-de-oracion-por-quebec\/","url_meta":{"origin":3611,"position":1},"title":"\u00a1Unete a la jornada de ayuno y de oraci\u00f3n por Quebec!","date":"10 febrero 2014","format":false,"excerpt":"Monse\u00f1or Lepine hizo un llamado a la oraci\u00f3n y al ayuno para evitar la adopci\u00f3n de la ley que permite la eutanasia. Este 11 de febrero d\u00eda de la Virgen de Lourdes y d\u00eda mundial de los enfermos un\u00e1monos por medio de la oraci\u00f3n y el ayuno con todos aquellos\u2026","rel":"","context":"En \u00abCanada.\u00bb","img":{"alt_text":"","src":"https:\/\/i2.wp.com\/catolicasmexico.com\/blog\/wp-content\/uploads\/2014\/02\/20140210-194830.jpg?resize=350%2C200","width":350,"height":200},"classes":[]},{"id":1883,"url":"http:\/\/catolicasmexico.com\/blog\/comunidad-hispanoamericana-los-40-dias-por-la-vida-comienzan-manana\/","url_meta":{"origin":3611,"position":2},"title":"Comunidad hispanoamericana ...\u00a1 Los 40 d\u00edas por la vida comienzan ma\u00f1ana!","date":"23 septiembre 2013","format":false,"excerpt":"Redacci\u00f3n: Alejandra Mu\u00f1oz. Reconociendo que con Dios todas las cosas son posibles, este oto\u00f1o, nuestra comunidad se est\u00e1 uniendo a cientos de otras comunidades a trav\u00e9s de todo el mundo para la movilizaci\u00f3n pro-vida m\u00e1s grande de la historia . 40 D\u00edas por la Vida es una campa\u00f1a pro-vida pac\u00edfica\u2026","rel":"","context":"En \u00ab40 D\u00edas por la vida\u00bb","img":{"alt_text":"","src":"https:\/\/i1.wp.com\/catolicasmexico.com\/blog\/wp-content\/uploads\/2013\/09\/20130923-192224.jpg?resize=350%2C200","width":350,"height":200},"classes":[]},{"id":2849,"url":"http:\/\/catolicasmexico.com\/blog\/triunfo-provida-en-colorado-dan-marcha-atras-al-proyecto-de-ley-175\/","url_meta":{"origin":3611,"position":3},"title":"Triunfo provida en Colorado dan marcha atr\u00e1s al proyecto de ley 175","date":"22 abril 2014","format":false,"excerpt":"Del sitio www.cqv.cq.ca traduccion y edici\u00f3n libre www.catolicas mexico.com Los ciudadanos de Colorado llenos de fe inundaron a los senadores del estado de Colorado con llamadas telef\u00f3nicas y correos electr\u00f3nicos para que votan contra el proyecto de ley 175. Una semana de ayuno y oraciones ayudaron a darle fuerza a\u2026","rel":"","context":"En \u00abAborto\u00bb","img":{"alt_text":"","src":"","width":0,"height":0},"classes":[]},{"id":1753,"url":"http:\/\/catolicasmexico.com\/blog\/este-6-de-septiembre-unamonos-al-dia-nacional-de-ayuno-y-oracion-para-luchar-contra-la-eutanasia\/","url_meta":{"origin":3611,"position":4},"title":"Este 6 de septiembre  un\u00e1monos  al d\u00eda Nacional de ayuno y oraci\u00f3n para luchar contra la eutanasia.","date":"4 septiembre 2013","format":false,"excerpt":"Pedimos sus oraciones y ayuno para que Dios impida que en Qu\u00e9bec la ley 52 sobre la eutanasia sea aprobada. Para mayor informaci\u00f3n www.lifecanada.org.","rel":"","context":"En \u00abCanada.\u00bb","img":{"alt_text":"","src":"https:\/\/i2.wp.com\/catolicasmexico.com\/blog\/wp-content\/uploads\/2013\/09\/20130904-1253411.jpg?resize=350%2C200","width":350,"height":200},"classes":[]},{"id":1814,"url":"http:\/\/catolicasmexico.com\/blog\/excelente-noticia-provida-clinica-de-abortos-en-texas-fue-cerrada\/","url_meta":{"origin":3611,"position":5},"title":"\u00a1Excelente noticia provida! : Cl\u00ednica de abortos en Texas fue cerrada","date":"12 septiembre 2013","format":false,"excerpt":"Anunciamos llenos de alegr\u00eda que el centro donde se practicaban abortos \"Planned Parenthood abortion center Bryan\/College Station, en Texas donde los 40 Days for la vida comenz\u00f3 y donde la ex- directora de este instituto Abby Johnson se convirti\u00f3 en una aguerrida defensora de la vida est\u00e1 definitivamente cerrado. Como\u2026","rel":"","context":"En \u00ab40 D\u00edas por la vida\u00bb","img":{"alt_text":"","src":"https:\/\/i0.wp.com\/catolicasmexico.com\/blog\/wp-content\/uploads\/2013\/09\/20130912-115618.jpg?resize=350%2C200","width":350,"height":200},"classes":[]}],"jetpack_likes_enabled":false,"jetpack_sharing_enabled":true,"_links":{"self":[{"href":"http:\/\/catolicasmexico.com\/blog\/wp-json\/wp\/v2\/posts\/3611"}],"collection":[{"href":"http:\/\/catolicasmexico.com\/blog\/wp-json\/wp\/v2\/posts"}],"about":[{"href":"http:\/\/catolicasmexico.com\/blog\/wp-json\/wp\/v2\/types\/post"}],"author":[{"embeddable":true,"href":"http:\/\/catolicasmexico.com\/blog\/wp-json\/wp\/v2\/users\/5"}],"replies":[{"embeddable":true,"href":"http:\/\/catolicasmexico.com\/blog\/wp-json\/wp\/v2\/comments?post=3611"}],"version-history":[{"count":5,"href":"http:\/\/catolicasmexico.com\/blog\/wp-json\/wp\/v2\/posts\/3611\/revisions"}],"predecessor-version":[{"id":3618,"href":"http:\/\/catolicasmexico.com\/blog\/wp-json\/wp\/v2\/posts\/3611\/revisions\/3618"}],"wp:featuredmedia":[{"embeddable":true,"href":"http:\/\/catolicasmexico.com\/blog\/wp-json\/wp\/v2\/media\/3612"}],"wp:attachment":[{"href":"http:\/\/catolicasmexico.com\/blog\/wp-json\/wp\/v2\/media?parent=3611"}],"wp:term":[{"taxonomy":"category","embeddable":true,"href":"http:\/\/catolicasmexico.com\/blog\/wp-json\/wp\/v2\/categories?post=3611"},{"taxonomy":"post_tag","embeddable":true,"href":"http:\/\/catolicasmexico.com\/blog\/wp-json\/wp\/v2\/tags?post=3611"}],"curies":[{"name":"wp","href":"https:\/\/api.w.org\/{rel}","templated":true}]}}