{"id":36,"date":"2013-04-23T19:59:35","date_gmt":"2013-04-23T19:59:35","guid":{"rendered":"http:\/\/catolicasmexico.com\/blog\/?p=36"},"modified":"2017-07-24T11:47:28","modified_gmt":"2017-07-24T16:47:28","slug":"libertad-que-esclaviza","status":"publish","type":"post","link":"http:\/\/catolicasmexico.com\/blog\/libertad-que-esclaviza\/","title":{"rendered":"Libertad que esclaviza&#8230;"},"content":{"rendered":"<p><a href=\"http:\/\/catolicasmexico.com\/blog\/wp-content\/uploads\/2013\/05\/ppbebevientre03042013.jpg\"><img data-attachment-id=\"348\" data-permalink=\"http:\/\/catolicasmexico.com\/blog\/ignorancia-e-ideologia-las-armas-del-lobby-del-aborto\/ppbebevientre03042013\/\" data-orig-file=\"http:\/\/catolicasmexico.com\/blog\/wp-content\/uploads\/2013\/05\/ppbebevientre03042013.jpg\" data-orig-size=\"500,340\" data-comments-opened=\"1\" data-image-meta=\"{&quot;aperture&quot;:&quot;0&quot;,&quot;credit&quot;:&quot;&quot;,&quot;camera&quot;:&quot;&quot;,&quot;caption&quot;:&quot;&quot;,&quot;created_timestamp&quot;:&quot;0&quot;,&quot;copyright&quot;:&quot;&quot;,&quot;focal_length&quot;:&quot;0&quot;,&quot;iso&quot;:&quot;0&quot;,&quot;shutter_speed&quot;:&quot;0&quot;,&quot;title&quot;:&quot;&quot;,&quot;orientation&quot;:&quot;1&quot;}\" data-image-title=\"ppbebevientre03042013\" data-image-description=\"\" data-medium-file=\"http:\/\/catolicasmexico.com\/blog\/wp-content\/uploads\/2013\/05\/ppbebevientre03042013-300x204.jpg\" data-large-file=\"http:\/\/catolicasmexico.com\/blog\/wp-content\/uploads\/2013\/05\/ppbebevientre03042013.jpg\" class=\"alignleft size-full wp-image-348\" src=\"http:\/\/catolicasmexico.com\/blog\/wp-content\/uploads\/2013\/05\/ppbebevientre03042013.jpg\" alt=\"\" width=\"500\" height=\"340\" srcset=\"http:\/\/catolicasmexico.com\/blog\/wp-content\/uploads\/2013\/05\/ppbebevientre03042013.jpg 500w, http:\/\/catolicasmexico.com\/blog\/wp-content\/uploads\/2013\/05\/ppbebevientre03042013-300x204.jpg 300w, http:\/\/catolicasmexico.com\/blog\/wp-content\/uploads\/2013\/05\/ppbebevientre03042013-150x150.jpg 150w\" sizes=\"100vw\" \/> <\/a><\/p>\n<p><em>En \u00e9ste siglo hemos podido cosechar logros sembrados por personas que apasionadas por la justicia se entregaron como adarga contra el abuso y la iniquidad utilizando como estandarte la VERDAD hasta<\/em>\u00a0conquistar libertades que han significado un progreso humano; mismas que hoy me conceden la posibilidad de escribirles y a ustedes de leerme. \u00a0Pero siendo en el mundo -el movimiento- la \u00fanica constante, debemos generar conciencia de que si no avanzamos, retrocedemos. \u00a0Y aunque nadie desea involucionar, hoy la sociedad da muestras de un retroceso devastador. Basta observar a organizaciones e instituciones que lucran pisoteando nuestra dignidad vendiendo \u201capoyos\u201d con slogans de &lt;&lt;libertad&gt;&gt; y banderola -de maldad disfrazada de bondad-. Tal es el caso del &lt;&lt;aborto provocado&gt;&gt;. Y es com\u00fan escuchar que -nadie quiere el aborto- incluso quienes est\u00e1n a favor lo postulan, argumentando que el aborto es un recurso que beneficia a la mujer brind\u00e1ndole una mayor \u201cautonom\u00eda reproductiva\u201d cuando en el fondo el &lt;&lt;aborto provocado&gt;&gt; es un mecanismo barato, remunerador y f\u00e1cil para evadir la responsabilidad de generar pol\u00edticas p\u00fablicas que realmente beneficien a una mujer embarazada y le permitan tomar una decisi\u00f3n verdaderamente libre sobre su maternidad.<\/p>\n<p>Negar y quitar la vida a un ser humano solamente porque se encuentra indefenso, por no estar dentro de los planes, porque es apenas una c\u00e9lula, y\/o porque es portador de alguna enfermedad: es una injusticia; quien apoya las injusticias: retrocede.<\/p>\n<p>Con el aborto provocado no solamente se pierde una vida, se pierde tambi\u00e9n la libertad, pues nos esclaviza al sufrimiento moral, psicol\u00f3gico y f\u00edsico. Se pierde el respeto a la mujer fomentando un comportamiento machista de irresponsabilidad y se resta trascendencia al amor que debe reinar en un acto coital.<\/p>\n<p>Promover la vida no consiste en criminalizar ni juzgar a la mujer que aborta, sino en brindarle consuelo y esperanza. Promover la vida significa elevar la dignidad de la mujer. \u00a0Promover la vida implica un crecimiento en humanidad que defienda la justicia y proteja a los d\u00e9biles. Promover la vida es -querer-querer- a los dem\u00e1s contribuyendo en su felicidad. Promover la vida consiste en apostar por la maravillosa vocaci\u00f3n a la que el ser humano est\u00e1 llamado: el AMOR.<\/p>\n<p>Virginia Arana Ruiz (miembro de OBCIFA)<\/p>\n","protected":false},"excerpt":{"rendered":"<p>En \u00e9ste siglo hemos podido cosechar logros sembrados por personas que apasionadas por la justicia se entregaron como adarga contra el abuso y la iniquidad utilizando como estandarte la VERDAD hasta\u00a0conquistar libertades que han significado un progreso humano; mismas que hoy me conceden la posibilidad de escribirles y a ustedes de leerme. \u00a0Pero siendo en [&hellip;]<\/p>\n","protected":false},"author":2,"featured_media":348,"comment_status":"open","ping_status":"open","sticky":false,"template":"","format":"standard","meta":{"spay_email":"","jetpack_publicize_message":"","jetpack_is_tweetstorm":false},"categories":[9,15],"tags":[],"aioseo_notices":[],"jetpack_featured_media_url":"http:\/\/catolicasmexico.com\/blog\/wp-content\/uploads\/2013\/05\/ppbebevientre03042013.jpg","jetpack_publicize_connections":[],"jetpack_shortlink":"https:\/\/wp.me\/p3B5XH-A","jetpack-related-posts":[{"id":2572,"url":"http:\/\/catolicasmexico.com\/blog\/increible-llega-a-espana-la-promocion-de-la-pedofilia\/","url_meta":{"origin":36,"position":0},"title":"Incre\u00edble: llega a Espa\u00f1a la promoci\u00f3n de la pedofilia.","date":"11 febrero 2014","format":false,"excerpt":"Articulo de Intereconom\u00edapor Daniel Mar\u00edn. Un cartel de publicidad en Barcelona usando del derecho a la libertad de expresi\u00f3n exhorta a los ciudadanos a posicionarse a favor y a practicar la pedofilia. Un cartel de publicidad en Barcelona valiendose del derecho a la libertad de expresi\u00f3n exhorta a los ciudadanos\u2026","rel":"","context":"En \u00abEspa\u00f1a\u00bb","img":{"alt_text":"","src":"https:\/\/i0.wp.com\/catolicasmexico.com\/blog\/wp-content\/uploads\/2014\/02\/20140211-184324.jpg?resize=350%2C200","width":350,"height":200},"classes":[]},{"id":2777,"url":"http:\/\/catolicasmexico.com\/blog\/onu-y-oea-son-titeres-de-la-agenda-pro-gay-y-pro-aborto-denuncia-experta\/","url_meta":{"origin":36,"position":1},"title":"ONU y OEA son t\u00edteres de la agenda pro gay y pro aborto, denuncia experta","date":"27 marzo 2014","format":false,"excerpt":"Neydi Casillas. Foto: adfmedia.org ROMA, 26 Mar. 14 \/ 01:35 pm (ACI\/EWTN Noticias).- La abogada Neydi Casillas Padr\u00f3n, experta en monitoreo de organizaciones internacionales en temas de vida, libertad religiosa y familia, asegur\u00f3 que tanto la Organizaci\u00f3n de Naciones Unidas (ONU) y la Organizaci\u00f3n de los Estados Americanos (OEA), son\u2026","rel":"","context":"En \u00abAborto\u00bb","img":{"alt_text":"","src":"https:\/\/i1.wp.com\/catolicasmexico.com\/blog\/wp-content\/uploads\/2014\/03\/20140327-172131.jpg?resize=350%2C200","width":350,"height":200},"classes":[]},{"id":2503,"url":"http:\/\/catolicasmexico.com\/blog\/el-sexo-salvaje-y-el-genero-quieren-destruir-la-familia-y-crear-un-nuevo-orden-mundial\/","url_meta":{"origin":36,"position":2},"title":"El sexo salvaje y el g\u00e9nero quieren destruir la familia y crear un nuevo orden mundial.","date":"3 febrero 2014","format":false,"excerpt":"Religi\u00f3n en libertad. (Traduccci\u00f3n de Helena Faccia Serrano, Alcal\u00e1 de Henares) La alemana Gabriele Kuby, nacida en Constanza en 1944, es por formaci\u00f3n soci\u00f3loga y autora de ensayos dedicados a la educaci\u00f3n y a la sexualidad. Madre de tres chicos, se dedic\u00f3 durante m\u00e1s de 20 a\u00f1os a traducir desde\u2026","rel":"","context":"En \u00abFamilia\u00bb","img":{"alt_text":"","src":"https:\/\/i2.wp.com\/catolicasmexico.com\/blog\/wp-content\/uploads\/2014\/02\/20140203-091324.jpg?resize=350%2C200","width":350,"height":200},"classes":[]},{"id":812,"url":"http:\/\/catolicasmexico.com\/blog\/convencion-pro-gay-de-oea-atenta-contra-libertad-de-expresion-advierten\/","url_meta":{"origin":36,"position":3},"title":"Convenci\u00f3n pro gay de OEA atenta contra libertad de expresi\u00f3n, advierten","date":"12 junio 2013","format":false,"excerpt":"REDACCI\u00d3N CENTRAL, 12 Jun. 13 \/ 03:48 am (ACI\/EWTN Noticias).- Neydy Casillas, asesora jur\u00eddica de la Alliance Defending Freedom (ADF), denunci\u00f3 que la abiertamente pro-gay Convenci\u00f3n Interamericana contra el Racismo y Toda Forma de Discriminaci\u00f3n e Intolerancia, aprobada en la 43\u00ba Asamblea General de la Organizaci\u00f3n de Estados Americanos (OEA),\u2026","rel":"","context":"En \u00abHomosexualidad\u00bb","img":{"alt_text":"","src":"","width":0,"height":0},"classes":[]},{"id":168,"url":"http:\/\/catolicasmexico.com\/blog\/organizan-jornada-de-quince-dias-por-la-libertad-religiosa-en-ee-uu\/","url_meta":{"origin":36,"position":4},"title":"Organizan jornada de quince d\u00edas por la libertad religiosa en EE.UU.","date":"7 mayo 2013","format":false,"excerpt":"WASHINGTON D.C., 07 May. 13 \/ 06:20 am (ACI\/EWTN Noticias).- Con el fin de promover la libertad religiosa y recordar la importancia de preservar este derecho fundamental en todo el pa\u00eds, la Conferencia de Obispos Cat\u00f3licos de los Estados Unidos (USCCB por sus siglas en ingl\u00e9s) ha convocado a la\u2026","rel":"","context":"En \u00abIglesia cat\u00f3lica\u00bb","img":{"alt_text":"","src":"https:\/\/i1.wp.com\/catolicasmexico.com\/blog\/wp-content\/uploads\/2013\/05\/image-8.jpeg?resize=350%2C200","width":350,"height":200},"classes":[]},{"id":1389,"url":"http:\/\/catolicasmexico.com\/blog\/un-juez-frena-la-ley-de-dakota-del-norte-que-prohibe-el-aborto-despues-de-6-semanas-la-llama-claramente-inconstitucional\/","url_meta":{"origin":36,"position":5},"title":"Un juez frena la ley de Dakota del Norte que proh\u00edbe el aborto despu\u00e9s de 6 semanas: La llama 'claramente inconstitucional'","date":"25 julio 2013","format":false,"excerpt":"Por Ben Johnson Traducci\u00f3n y edici\u00f3n libre Alejandro P. de www.catolicasmexico.com Lunes, 22 de julio de 2013 12:22(LifeSiteNews.com) \u2013 Un juez de distrito de Estados Unidos ha frenado la ley que habr\u00eda prohibido el aborto a partir de seis semanas de embarazo en Dakota del Norte. La ley, que prohibe\u2026","rel":"","context":"En \u00abAborto\u00bb","img":{"alt_text":"","src":"","width":0,"height":0},"classes":[]}],"jetpack_likes_enabled":false,"jetpack_sharing_enabled":true,"_links":{"self":[{"href":"http:\/\/catolicasmexico.com\/blog\/wp-json\/wp\/v2\/posts\/36"}],"collection":[{"href":"http:\/\/catolicasmexico.com\/blog\/wp-json\/wp\/v2\/posts"}],"about":[{"href":"http:\/\/catolicasmexico.com\/blog\/wp-json\/wp\/v2\/types\/post"}],"author":[{"embeddable":true,"href":"http:\/\/catolicasmexico.com\/blog\/wp-json\/wp\/v2\/users\/2"}],"replies":[{"embeddable":true,"href":"http:\/\/catolicasmexico.com\/blog\/wp-json\/wp\/v2\/comments?post=36"}],"version-history":[{"count":4,"href":"http:\/\/catolicasmexico.com\/blog\/wp-json\/wp\/v2\/posts\/36\/revisions"}],"predecessor-version":[{"id":4747,"href":"http:\/\/catolicasmexico.com\/blog\/wp-json\/wp\/v2\/posts\/36\/revisions\/4747"}],"wp:featuredmedia":[{"embeddable":true,"href":"http:\/\/catolicasmexico.com\/blog\/wp-json\/wp\/v2\/media\/348"}],"wp:attachment":[{"href":"http:\/\/catolicasmexico.com\/blog\/wp-json\/wp\/v2\/media?parent=36"}],"wp:term":[{"taxonomy":"category","embeddable":true,"href":"http:\/\/catolicasmexico.com\/blog\/wp-json\/wp\/v2\/categories?post=36"},{"taxonomy":"post_tag","embeddable":true,"href":"http:\/\/catolicasmexico.com\/blog\/wp-json\/wp\/v2\/tags?post=36"}],"curies":[{"name":"wp","href":"https:\/\/api.w.org\/{rel}","templated":true}]}}