{"id":353,"date":"2013-05-15T18:21:47","date_gmt":"2013-05-15T23:21:47","guid":{"rendered":"http:\/\/catolicasmexico.com\/blog\/?p=353"},"modified":"2013-05-15T18:23:27","modified_gmt":"2013-05-15T23:23:27","slug":"abortista-gosnell-es-sentenciado-a-cadena-perpetua","status":"publish","type":"post","link":"http:\/\/catolicasmexico.com\/blog\/abortista-gosnell-es-sentenciado-a-cadena-perpetua\/","title":{"rendered":"Abortista Gosnell es sentenciado a cadena perpetua"},"content":{"rendered":"<p><a href=\"http:\/\/catolicasmexico.com\/blog\/wp-content\/uploads\/2013\/05\/image-22.jpeg\"><img data-attachment-id=\"354\" data-permalink=\"http:\/\/catolicasmexico.com\/blog\/abortista-gosnell-es-sentenciado-a-cadena-perpetua\/image-22\/\" data-orig-file=\"http:\/\/catolicasmexico.com\/blog\/wp-content\/uploads\/2013\/05\/image-22.jpeg\" data-orig-size=\"500,340\" data-comments-opened=\"1\" data-image-meta=\"{&quot;aperture&quot;:&quot;0&quot;,&quot;credit&quot;:&quot;&quot;,&quot;camera&quot;:&quot;&quot;,&quot;caption&quot;:&quot;&quot;,&quot;created_timestamp&quot;:&quot;0&quot;,&quot;copyright&quot;:&quot;&quot;,&quot;focal_length&quot;:&quot;0&quot;,&quot;iso&quot;:&quot;0&quot;,&quot;shutter_speed&quot;:&quot;0&quot;,&quot;title&quot;:&quot;&quot;,&quot;orientation&quot;:&quot;0&quot;}\" data-image-title=\"image (22)\" data-image-description=\"\" data-medium-file=\"http:\/\/catolicasmexico.com\/blog\/wp-content\/uploads\/2013\/05\/image-22-300x204.jpeg\" data-large-file=\"http:\/\/catolicasmexico.com\/blog\/wp-content\/uploads\/2013\/05\/image-22.jpeg\" class=\"alignnone size-medium wp-image-354\" src=\"http:\/\/catolicasmexico.com\/blog\/wp-content\/uploads\/2013\/05\/image-22-300x204.jpg\" alt=\"\" width=\"300\" height=\"204\" srcset=\"http:\/\/catolicasmexico.com\/blog\/wp-content\/uploads\/2013\/05\/image-22-300x204.jpg 300w, http:\/\/catolicasmexico.com\/blog\/wp-content\/uploads\/2013\/05\/image-22-150x150.jpeg 150w\" sizes=\"100vw\" \/> <\/a><\/p>\n<p>FILADELFIA, 15 May. 13 \/ 06:13 am (<a href=\"http:\/\/www.aciprensa.com\/\" target=\"_blank\"><strong>ACI\/EWTN Noticias<\/strong><\/a>).- Tras ser condenado por el asesinato de tres beb\u00e9s nacidos vivos, el abortista Kermit Gosnell fue sentenciado el 14 de mayo a dos cadenas perpetuas sin derecho a libertad condicional por dos de las tres acusaciones que enfrent\u00f3.<\/p>\n<p>Al no apelar a su sentencia, Gosnell pudo evitar la pena de muerte por tres condenas de asesinato en primer grado.<\/p>\n<p>Gosnell rechaz\u00f3 su derecho a apelaci\u00f3n\u00a0 \u201ca cambio de pasar la\u00a0<a href=\"http:\/\/www.aciprensa.com\/vida\" target=\"_blank\">vida<\/a>\u00a0en prisi\u00f3n\u2026 en vez de la pena de muerte\u201d, indic\u00f3 hoy la oficina del fiscal distrital de Filadelfia, Seth Williams.<\/p>\n<p>Por ello, fue \u201cinmediatamente sentenciado\u201d.<\/p>\n<p>Hoy, 15 de mayo, Gosnell ser\u00e1 sentenciado por la muerte del tercer ni\u00f1o y del homicidio involuntario de una paciente en sus instalaciones, una madre que muri\u00f3 de una sobredosis de medicamentos, as\u00ed como de muchos cargos menores.<\/p>\n<p>Nueve exempleados de Gosnell han enfrentado acusaciones estatales y federales por sus actos en la cl\u00ednica del m\u00e9dico abortista. Ocho se han declarado culpables de varias acusaciones en el caso, tres de ellos por asesinato en tercer grado.<\/p>\n<p>El exempleado Stephen Massof dijo en la corte, a inicios de abril, que vio cerca de 100 beb\u00e9s nacidos vivos, que luego fueron \u201ccortados con tijeras\u201d en la nuca por trabajadores de la cl\u00ednica para asegurar su muerte.<\/p>\n<p>Massof est\u00e1 en prisi\u00f3n tras haberse declarado culpable de asesinato en tercer grado, por las muertes de dos reci\u00e9n nacidos.<\/p>\n<p>En un informe elaborado en enero de 2011, el fiscal distrital encontr\u00f3 que el Departamento de Salud de Pensilvania tuvo contacto con la cl\u00ednica de Gosnell en 1979, el a\u00f1o en que la aprob\u00f3. Luego de eso, el departamento no realiz\u00f3 ninguna supervisi\u00f3n al sitio hasta 1989, en la que encontr\u00f3 \u201cnumerosas violaciones\u201d.<\/p>\n<p>Dos nuevas supervisiones al lugar, en 1992 y 1993, encontraron m\u00e1s violaciones, pero no hicieron correcciones.<\/p>\n<p>\u201cCon el cambio de administraci\u00f3n del Gobernador Casey al Gobernador Ridge\u201d, se\u00f1al\u00f3 el informe, \u201clas autoridades concluyeron que las inspecciones \u2018pondr\u00edan una barrera para las mujeres\u2019 que buscan abortos. Era mejor dejar a las cl\u00ednicas hacer lo que quisieran, incluso a pesar, como prob\u00f3 Gosnell, que eso signific\u00f3 que tanto mujeres como beb\u00e9s pagar\u00edan\u201d.<\/p>\n<p>El nombre de Gosnell se convirti\u00f3 en un grito de guerra para los defensores de la vida, que criticaron la escasa cobertura de este juicio por parte de los medios de comunicaci\u00f3n. Sus esfuerzos en las redes sociales ayudaron a atraer la atenci\u00f3n al caso.<\/p>\n","protected":false},"excerpt":{"rendered":"<p>FILADELFIA, 15 May. 13 \/ 06:13 am (ACI\/EWTN Noticias).- Tras ser condenado por el asesinato de tres beb\u00e9s nacidos vivos, el abortista Kermit Gosnell fue sentenciado el 14 de mayo a dos cadenas perpetuas sin derecho a libertad condicional por dos de las tres acusaciones que enfrent\u00f3. Al no apelar a su sentencia, Gosnell pudo [&hellip;]<\/p>\n","protected":false},"author":2,"featured_media":354,"comment_status":"open","ping_status":"open","sticky":false,"template":"","format":"standard","meta":{"spay_email":"","jetpack_publicize_message":"","jetpack_is_tweetstorm":false},"categories":[9],"tags":[],"aioseo_notices":[],"jetpack_featured_media_url":"http:\/\/catolicasmexico.com\/blog\/wp-content\/uploads\/2013\/05\/image-22.jpeg","jetpack_publicize_connections":[],"jetpack_shortlink":"https:\/\/wp.me\/p3B5XH-5H","jetpack-related-posts":[{"id":325,"url":"http:\/\/catolicasmexico.com\/blog\/abortista-gosnell-declarado-culpable-por-el-homicidio-de-tres-bebes\/","url_meta":{"origin":353,"position":0},"title":"Abortista Gosnell, declarado culpable por el homicidio de tres bebes","date":"14 mayo 2013","format":false,"excerpt":"FILADELFIA, 13 May. 13 \/ 05:34 pm (ACI\/EWTN Noticias).- El m\u00e9dico abortista de Filadelfia (Estados Unidos) Kermit Gosnell fue declarado culpable de tres de las cuatro acusaciones de asesinar beb\u00e9s que nacieron vivos tras abortos fallidos. Gosnell, de 72 a\u00f1os, podr\u00eda enfrentar la pena de muerte por las acusaciones de\u2026","rel":"","context":"En \u00abAborto\u00bb","img":{"alt_text":"","src":"","width":0,"height":0},"classes":[]},{"id":31,"url":"http:\/\/catolicasmexico.com\/blog\/31\/","url_meta":{"origin":353,"position":1},"title":"Juicio contra el m\u00e9dico Kermit Gosnell","date":"21 abril 2013","format":false,"excerpt":"\u00a0 Filadelfia.12 Abr. 13 \/ 06:37 pm (ACI\/EWTN Noticias).- El juicio contra el m\u00e9dico Kermit Gosnell, acusado de asesinar a beb\u00e9s que sobrevivieron a los abortos tard\u00edos que practic\u00f3 en su cl\u00ednica de Filadelfia, ha destapado el horror del negocio del\u00a0aborto\u00a0con la aparici\u00f3n de fotograf\u00edas de beb\u00e9s decapitados y cuerpos\u2026","rel":"","context":"En \u00abAborto\u00bb","img":{"alt_text":"","src":"https:\/\/i0.wp.com\/catolicasmexico.com\/blog\/wp-content\/uploads\/2013\/04\/image.jpeg?resize=350%2C200","width":350,"height":200},"classes":[]},{"id":88,"url":"http:\/\/catolicasmexico.com\/blog\/88\/","url_meta":{"origin":353,"position":2},"title":"Un juez federal desestimo nueve acusaciones","date":"29 abril 2013","format":false,"excerpt":"POR BEN JOHNSON FILADELFIA, \u00a023 de abril 2014 (LifeSiteNews.com\u00a0(traduction CQV)) \u2014 \u00a0Un juez federal desestimo nueve acusaciones - tres acusaciones de muerte y una acusaci\u00f3n de infanticidio- contra el Dr. de Philadelphia, Kermin Gosnell, en el proceso de esta ma\u00f1ana. Los periodicos locales, reportaron que el juez rechazo las tres\u2026","rel":"","context":"En \u00abAborto\u00bb","img":{"alt_text":"","src":"https:\/\/i2.wp.com\/catolicasmexico.com\/blog\/wp-content\/uploads\/2013\/04\/kermit-gosnell.jpg?resize=350%2C200","width":350,"height":200},"classes":[]},{"id":373,"url":"http:\/\/catolicasmexico.com\/blog\/ex-abortista-convertida-en-lider-pro-vida-cuestiona-a-quienes-piden-pena-de-muerte-para-gosnell\/","url_meta":{"origin":353,"position":3},"title":"Ex abortista convertida en l\u00edder pro-vida cuestiona a quienes piden pena de muerte para Gosnell","date":"17 mayo 2013","format":false,"excerpt":"WASHINGTON D.C., 16 May. 13 \/ 06:12 am (ACI\/EWTN Noticias).- Abby Johnson, quien\u00a0hace pocos a\u00f1os dej\u00f3 su trabajo como directora de una cl\u00ednica abortista para convertirse en l\u00edder pro-vida, critic\u00f3 la \u201chostilidad\u201d de quienes piden la pena de muerte para el m\u00e9dico abortista Kermit Gosnell. \u201c\u00bfQu\u00e9 es lo que merezco\u2026","rel":"","context":"En \u00abAborto\u00bb","img":{"alt_text":"","src":"https:\/\/i0.wp.com\/catolicasmexico.com\/blog\/wp-content\/uploads\/2013\/05\/image-23.jpeg?resize=350%2C200","width":350,"height":200},"classes":[]},{"id":41,"url":"http:\/\/catolicasmexico.com\/blog\/41\/","url_meta":{"origin":353,"position":4},"title":"Los horrores del abortorio de Gosnell","date":"23 abril 2013","format":false,"excerpt":"Sigue el juicio contra el aborto convertido en infanticidio en EEUU, los cr\u00edmenes de Kermit Gosnell cada d\u00eda que pasa se muestran m\u00e1s espeluznantes. \u00a0 REDACCI\u00d3N HO.- Una antigua trabajadora del abortorio,\u00a0Kareema Cross, declar\u00f3 en el juicio contra Gosnell, acusado de infanticidio y de provocar la muerte de mujeres, que\u2026","rel":"","context":"En \u00abAborto\u00bb","img":{"alt_text":"","src":"https:\/\/i1.wp.com\/catolicasmexico.com\/blog\/wp-content\/uploads\/2013\/04\/image-4.jpeg?resize=350%2C200","width":350,"height":200},"classes":[]},{"id":251,"url":"http:\/\/catolicasmexico.com\/blog\/exportaciones-toxicas-harvey-karman-planned-parenthood-y-la-explotacion-de-victimas-de-violacion\/","url_meta":{"origin":353,"position":5},"title":"Exportaciones t\u00f3xicas: Harvey Karman, Planned Parenthood, y la explotaci\u00f3n de v\u00edctimas de violaci\u00f3n","date":"11 mayo 2013","format":false,"excerpt":"Por Rebecca Oas, Ph.D. NUEVA YORK, 10 de mayo (C-FAM) Una iniciativa para promover el aborto sacando provecho de mujeres violadas en la guerra reaviva la memoria de otra anterior, de sus peligrosos aparatos y de un macabro abortista que est\u00e1 siendo procesado por asesinato.\u00a0 Una nueva\u00a0campa\u00f1a\u00a0pol\u00edtica busca invalidar una\u2026","rel":"","context":"En \u00abAborto\u00bb","img":{"alt_text":"","src":"https:\/\/i0.wp.com\/catolicasmexico.com\/blog\/wp-content\/uploads\/2013\/05\/HarveyKarman-235px-235x254.jpg?resize=350%2C200","width":350,"height":200},"classes":[]}],"jetpack_likes_enabled":false,"jetpack_sharing_enabled":true,"_links":{"self":[{"href":"http:\/\/catolicasmexico.com\/blog\/wp-json\/wp\/v2\/posts\/353"}],"collection":[{"href":"http:\/\/catolicasmexico.com\/blog\/wp-json\/wp\/v2\/posts"}],"about":[{"href":"http:\/\/catolicasmexico.com\/blog\/wp-json\/wp\/v2\/types\/post"}],"author":[{"embeddable":true,"href":"http:\/\/catolicasmexico.com\/blog\/wp-json\/wp\/v2\/users\/2"}],"replies":[{"embeddable":true,"href":"http:\/\/catolicasmexico.com\/blog\/wp-json\/wp\/v2\/comments?post=353"}],"version-history":[{"count":4,"href":"http:\/\/catolicasmexico.com\/blog\/wp-json\/wp\/v2\/posts\/353\/revisions"}],"predecessor-version":[{"id":361,"href":"http:\/\/catolicasmexico.com\/blog\/wp-json\/wp\/v2\/posts\/353\/revisions\/361"}],"wp:featuredmedia":[{"embeddable":true,"href":"http:\/\/catolicasmexico.com\/blog\/wp-json\/wp\/v2\/media\/354"}],"wp:attachment":[{"href":"http:\/\/catolicasmexico.com\/blog\/wp-json\/wp\/v2\/media?parent=353"}],"wp:term":[{"taxonomy":"category","embeddable":true,"href":"http:\/\/catolicasmexico.com\/blog\/wp-json\/wp\/v2\/categories?post=353"},{"taxonomy":"post_tag","embeddable":true,"href":"http:\/\/catolicasmexico.com\/blog\/wp-json\/wp\/v2\/tags?post=353"}],"curies":[{"name":"wp","href":"https:\/\/api.w.org\/{rel}","templated":true}]}}