{"id":3495,"date":"2014-10-30T07:28:04","date_gmt":"2014-10-30T13:28:04","guid":{"rendered":"http:\/\/catolicasmexico.com\/blog\/?p=3495"},"modified":"2019-02-22T21:11:10","modified_gmt":"2019-02-23T03:11:10","slug":"una-pareja-dijo-no-al-aborto-a-pesar-del-diagnostico-el-bebe-nacio-completamente-sano","status":"publish","type":"post","link":"http:\/\/catolicasmexico.com\/blog\/una-pareja-dijo-no-al-aborto-a-pesar-del-diagnostico-el-bebe-nacio-completamente-sano\/","title":{"rendered":"Una pareja dijo no al aborto, a pesar del diagn\u00f3stico. \u00a1El beb\u00e9 naci\u00f3 completamente sano!"},"content":{"rendered":"<p><a href=\"http:\/\/catolicasmexico.com\/blog\/wp-content\/uploads\/2014\/10\/joshuasheenan.png\"><img data-attachment-id=\"4646\" data-permalink=\"http:\/\/catolicasmexico.com\/blog\/una-pareja-dijo-no-al-aborto-a-pesar-del-diagnostico-el-bebe-nacio-completamente-sano\/joshuasheenan\/\" data-orig-file=\"http:\/\/catolicasmexico.com\/blog\/wp-content\/uploads\/2014\/10\/joshuasheenan.png\" data-orig-size=\"626,425\" data-comments-opened=\"1\" data-image-meta=\"{&quot;aperture&quot;:&quot;0&quot;,&quot;credit&quot;:&quot;&quot;,&quot;camera&quot;:&quot;&quot;,&quot;caption&quot;:&quot;&quot;,&quot;created_timestamp&quot;:&quot;0&quot;,&quot;copyright&quot;:&quot;&quot;,&quot;focal_length&quot;:&quot;0&quot;,&quot;iso&quot;:&quot;0&quot;,&quot;shutter_speed&quot;:&quot;0&quot;,&quot;title&quot;:&quot;&quot;,&quot;orientation&quot;:&quot;0&quot;}\" data-image-title=\"joshuasheenan\" data-image-description=\"\" data-medium-file=\"http:\/\/catolicasmexico.com\/blog\/wp-content\/uploads\/2014\/10\/joshuasheenan-300x204.png\" data-large-file=\"http:\/\/catolicasmexico.com\/blog\/wp-content\/uploads\/2014\/10\/joshuasheenan.png\" class=\"alignleft size-full wp-image-4646\" src=\"http:\/\/catolicasmexico.com\/blog\/wp-content\/uploads\/2014\/10\/joshuasheenan.png\" alt=\"\" width=\"626\" height=\"425\" srcset=\"http:\/\/catolicasmexico.com\/blog\/wp-content\/uploads\/2014\/10\/joshuasheenan.png 626w, http:\/\/catolicasmexico.com\/blog\/wp-content\/uploads\/2014\/10\/joshuasheenan-300x204.png 300w, http:\/\/catolicasmexico.com\/blog\/wp-content\/uploads\/2014\/10\/joshuasheenan-150x150.png 150w\" sizes=\"100vw\" \/> <\/a><\/p>\n<p>Art\u00edculo original: Sarah Zagorski, Dubl\u00edn, Irlanda, Lifesnews.com, traducci\u00f3n y edici\u00f3n libre Jules para cat\u00f3licas M\u00e9xico 22 de octubre de 2014.<\/p>\n<p>Cuando Melanie y Damion Sheenan fueron al hospital para una ecograf\u00eda del vientre de Melanie, veinte semanas embarazada, recibieron una noticia muy preocupante. El m\u00e9dico les dijo que su hijo no nacido ten\u00eda graves deformaciones fetales, incluso un cerebro y una columna no formados. Se les sugiri\u00f3 inmediatamente que abortaran.<\/p>\n<p>\u00abSent\u00edan que el ni\u00f1o no sobrevivir\u00eda al parto, coment\u00f3 Melanie al Christian News Network, y si sobreviviera, tendr\u00eda discapacidades tan onerosas que \u201cno tendr\u00eda la menor esperanza de una vida feliz.\u201d Me hicieron inmensa presi\u00f3n para que abortara al beb\u00e9.\u00bb<\/p>\n<p>Sin embargo, la pareja rehus\u00f3 y dio a luz a un hijo en perfecta salud, a quien dieron el nombre de Josu\u00e9. La diagnosis del doctor fue completamente equivocada. \u00abLos m\u00e9dicos dijeron que Josu\u00e9 ser\u00eda totalmente incapaz de vivir, dijo Damion, y ahora: tiene diecis\u00e9is semanas y es brillante. Hace todo lo que un beb\u00e9 deber\u00eda hacer. Es lo mejor que pudiera haber ocurrido a nuestra familia. Ahora no podemos imaginar nuestra familia sin \u00e9l, aporta tanta alegr\u00eda y amor a nuestro hogar.\u00bb<\/p>\n<p>La pareja explic\u00f3 que aun despu\u00e9s de rehusar el aborto, se les sigui\u00f3 haciendo presi\u00f3n insistentemente a que mataran su beb\u00e9. \u00abMe llamaban a mi celular tanto como a la casa, expres\u00f3 Melanie, para decirme cu\u00e1ntos d\u00edas y semanas me quedaban antes del l\u00edmite de 24 semanas [para abortar]. Cada vez que \u00edbamos a la cl\u00ednica para una cita, la enfermera se nos presentaba al doctor como una pareja que iba en contra del consejo m\u00e9dico por seguir con nuestro embarazo. Nos hicieron sentir como si estuvi\u00e9ramos haciendo algo terriblemente mal en decidir de guardar nuestro beb\u00e9.\u00bb<\/p>\n<p>Al parecer, eso es m\u00e1s acoso que un buen asesoramiento m\u00e9dico. Mientras que nuestra sociedad pro-aborto pretende promover ampliamente el \u00abderecho a decidir (libremente)\u00bb, cuando una familia toma la decisi\u00f3n de parir son perseguidos. Nadie ten\u00eda derecho de hablar as\u00ed tan irrespetuosamente a Melanie y Damion por libremente elegir guardar su ni\u00f1o.<\/p>\n<p><img class=\"alignnone\" src=\"http:\/\/lifenews.wpengine.netdna-cdn.com\/wp-content\/uploads\/2014\/10\/joshuasheenan2.png\" alt=\"\" width=\"484\" height=\"253\"  \/> <\/p>\n<p>\u00abProbablemente pensaban que ser\u00eda injusto hacerle entrar en el mundo, constat\u00f3 Damion; por eso nos sugirieron el aborto.\u00bb Consideraban que la calidad de vida de Josu\u00e9 ser\u00eda muy pobre puesto que ser\u00eda tan discapacitado.<\/p>\n<p>\u00abAunque las madres s\u00f3lo tengan horas, d\u00edas o semanas con su beb\u00e9, concluy\u00f3 Melanie, dicen que ese tiempo es lo m\u00e1s precioso que hay. Adem\u00e1s, en nuestra situaci\u00f3n, la diagnosis del m\u00e9dico fue completamente incorrecta\u2026 si hubi\u00e9ramos proseguido seg\u00fan los consejos de los doctores, \u00e9l no estar\u00eda hoy con nosotros. El mejor consejo que yo puedo dar es de siempre seguir adelante cual que sea la circunstancia, porque sigue siendo una vida humana, y Dios siempre tiene un plan.\u00bb<\/p>\n<p>Usted puede aprender m\u00e1s sobre Melanie y Damion en este video:<br \/>\n<span class=\"embed-youtube\" style=\"text-align:center; display: block;\"><iframe class='youtube-player' width='600' height='338' src='https:\/\/www.youtube.com\/embed\/65-OzZiz068?version=3&#038;rel=1&#038;showsearch=0&#038;showinfo=1&#038;iv_load_policy=1&#038;fs=1&#038;hl=es-ES&#038;autohide=2&#038;wmode=transparent' allowfullscreen='true' style='border:0;' sandbox='allow-scripts allow-same-origin allow-popups allow-presentation'><\/iframe><\/span><\/p>\n","protected":false},"excerpt":{"rendered":"<p>Art\u00edculo original: Sarah Zagorski, Dubl\u00edn, Irlanda, Lifesnews.com, traducci\u00f3n y edici\u00f3n libre Jules para cat\u00f3licas M\u00e9xico 22 de octubre de 2014. Cuando Melanie y Damion Sheenan fueron al hospital para una ecograf\u00eda del vientre de Melanie, veinte semanas embarazada, recibieron una noticia muy preocupante. El m\u00e9dico les dijo que su hijo no nacido ten\u00eda graves deformaciones [&hellip;]<\/p>\n","protected":false},"author":10,"featured_media":4646,"comment_status":"open","ping_status":"open","sticky":false,"template":"","format":"standard","meta":{"spay_email":"","jetpack_publicize_message":"","jetpack_is_tweetstorm":false},"categories":[9,332],"tags":[718,537],"aioseo_notices":[],"jetpack_featured_media_url":"http:\/\/catolicasmexico.com\/blog\/wp-content\/uploads\/2014\/10\/joshuasheenan.png","jetpack_publicize_connections":[],"jetpack_shortlink":"https:\/\/wp.me\/p3B5XH-Un","jetpack-related-posts":[{"id":3782,"url":"http:\/\/catolicasmexico.com\/blog\/una-pareja-aborta-a-su-bebe-de-28-semanas-debido-a-una-malformacion-de-la-mano-izquierda\/","url_meta":{"origin":3495,"position":0},"title":"Una pareja aborta a su beb\u00e9 de 28 semanas debido a una malformaci\u00f3n de la mano izquierda","date":"28 mayo 2015","format":false,"excerpt":"Por Cassy Fiano LiveActionNews - art\u00edculo de CQV traducido por CM. (...) Una pareja australiana decidi\u00f3 abortar a su beb\u00e9 a las 28 semanas de embarazo, s\u00f3lo por esta raz\u00f3n: el ni\u00f1o fue diagnosticado que nacer\u00eda con una deformidad de la mano y ellos pensaban que el ni\u00f1o tendr\u00eda una\u2026","rel":"","context":"En \u00abAborto\u00bb","img":{"alt_text":"","src":"","width":0,"height":0},"classes":[]},{"id":4755,"url":"http:\/\/catolicasmexico.com\/blog\/vive-gracias-a-sus-padres\/","url_meta":{"origin":3495,"position":1},"title":"Vive gracias a sus padres.","date":"16 agosto 2017","format":false,"excerpt":"Par Nancy Flanders (Live Action News ) traducido por Campagne Qu\u00e9bec-Vie. Estos padres rechazaron el aborto de su hijo a pesar de las presiones intensas del personal m\u00e9dico. La madre se le rompi\u00f3 la fuente prematuramente cuando ten\u00eda 20 semanas de embarazo raz\u00f3n por la cual los m\u00e9dicos le sugirieron\u2026","rel":"","context":"En \u00abAborto\u00bb","img":{"alt_text":"","src":"https:\/\/i1.wp.com\/catolicasmexico.com\/blog\/wp-content\/uploads\/2017\/08\/38849c75-f114-4c5c-8f0b-d98660c38fd2.jpg?resize=350%2C200","width":350,"height":200},"classes":[]},{"id":3443,"url":"http:\/\/catolicasmexico.com\/blog\/dijo-no-al-aborto-despues-de-ver-el-ultrasonido-de-su-bebe\/","url_meta":{"origin":3495,"position":2},"title":"Dijo \"no\" al aborto despu\u00e9s de ver el ultrasonido de su beb\u00e9.","date":"2 octubre 2014","format":false,"excerpt":"En Un video de YouTube, titulado \"la historia de mi casi-aborto\", una mujer de 20 a\u00f1os de edad cuenta c\u00f3mo ella renunci\u00f3 a su tentativa de aborto despu\u00e9s de ver la ecograf\u00eda de su beb\u00e9. La joven, quien se identifica como \"AutumnBabydolllxx\", se\u00f1al\u00f3 que, aunque ella misma se considera pro-elecci\u00f3n,\u2026","rel":"","context":"En \u00abAborto\u00bb","img":{"alt_text":"","src":"https:\/\/i2.wp.com\/catolicasmexico.com\/blog\/wp-content\/uploads\/2014\/10\/20141002-160742.jpg?resize=350%2C200","width":350,"height":200},"classes":[]},{"id":3649,"url":"http:\/\/catolicasmexico.com\/blog\/embarazada-a-los-17-aun-con-un-diagnostico-de-anencefalia-dijo-si-a-la-vida\/","url_meta":{"origin":3495,"position":3},"title":"Embarazada a los 17, aun con un diagn\u00f3stico de anencefalia, dijo s\u00ed a la vida","date":"12 marzo 2015","format":false,"excerpt":"Articulo original por Rebeca o ' Brien LifeSiteNews - traducido del sitio Campagne Quebec Vie para catolicasmexico.com \u00a0 MICAH ten\u00eda diecisiete a\u00f1os cuando descubri\u00f3 que estaba embarazada. Pero el aborto simplemente no era una opci\u00f3n para ella y su novio, Kyle. \u00a0 \"No est\u00e1bamos preparados en absoluto, pero ambos sentimos\u2026","rel":"","context":"En \u00abEmbarazo\u00bb","img":{"alt_text":"","src":"https:\/\/i0.wp.com\/catolicasmexico.com\/blog\/wp-content\/uploads\/2015\/03\/Ambra_333_500_55.jpg?resize=350%2C200","width":350,"height":200},"classes":[]},{"id":4409,"url":"http:\/\/catolicasmexico.com\/blog\/nace-un-bebe-milagrosamente-al-sobrevivir-a-un-aborto-a-las-7-semanas-de-gestacion\/","url_meta":{"origin":3495,"position":4},"title":"Nace un beb\u00e9 milagrosamente al sobrevivir a un aborto a las 7 semanas de gestaci\u00f3n.","date":"9 junio 2016","format":false,"excerpt":"Vicky Harper, de 24 a\u00f1os viv\u00eda una situaci\u00f3n financiera dif\u00edcil cuando descubri\u00f3 que estaba embarazada de su tercer hijo. Preocupada y asustada, decidi\u00f3 que era mejor abortar a su beb\u00e9.\u00a0 Su novio Kennan McIvor, de 19 a\u00f1os, le asegur\u00f3 que estaba dispuesto a cuidar de ella y el beb\u00e9, pero\u2026","rel":"","context":"En \u00abAborto\u00bb","img":{"alt_text":"","src":"https:\/\/i1.wp.com\/catolicasmexico.com\/blog\/wp-content\/uploads\/2016\/06\/IMG_0689.jpg?resize=350%2C200","width":350,"height":200},"classes":[]},{"id":879,"url":"http:\/\/catolicasmexico.com\/blog\/celeste-una-bebe-que-nacio-a-las-22-semanas-vivio-solo-3-horas-pero-su-vida-cambio-el-mundo\/","url_meta":{"origin":3495,"position":5},"title":"Celeste, una beb\u00e9 que naci\u00f3  a las 22 semanas, vivi\u00f3 solo 3 horas, pero su vida cambi\u00f3 el mundo.","date":"17 junio 2013","format":false,"excerpt":"Escrita por Melanie Pritchard. Del blog de www.cqv.qc.ca Traducida y editada del franc\u00e9s www.catolicasmexico.com Nota del editor: Melanie Pritchard es una conferencista pro-vida y pro-castidad reconocida. Vamos a conocer a Celeste, Su nombre significa \"el cielo\". Era un nombre que le iba perfectamente a un ni\u00f1a nacida de 22 semanas\u2026","rel":"","context":"En \u00abAborto\u00bb","img":{"alt_text":"","src":"","width":0,"height":0},"classes":[]}],"jetpack_likes_enabled":false,"jetpack_sharing_enabled":true,"_links":{"self":[{"href":"http:\/\/catolicasmexico.com\/blog\/wp-json\/wp\/v2\/posts\/3495"}],"collection":[{"href":"http:\/\/catolicasmexico.com\/blog\/wp-json\/wp\/v2\/posts"}],"about":[{"href":"http:\/\/catolicasmexico.com\/blog\/wp-json\/wp\/v2\/types\/post"}],"author":[{"embeddable":true,"href":"http:\/\/catolicasmexico.com\/blog\/wp-json\/wp\/v2\/users\/10"}],"replies":[{"embeddable":true,"href":"http:\/\/catolicasmexico.com\/blog\/wp-json\/wp\/v2\/comments?post=3495"}],"version-history":[{"count":6,"href":"http:\/\/catolicasmexico.com\/blog\/wp-json\/wp\/v2\/posts\/3495\/revisions"}],"predecessor-version":[{"id":4859,"href":"http:\/\/catolicasmexico.com\/blog\/wp-json\/wp\/v2\/posts\/3495\/revisions\/4859"}],"wp:featuredmedia":[{"embeddable":true,"href":"http:\/\/catolicasmexico.com\/blog\/wp-json\/wp\/v2\/media\/4646"}],"wp:attachment":[{"href":"http:\/\/catolicasmexico.com\/blog\/wp-json\/wp\/v2\/media?parent=3495"}],"wp:term":[{"taxonomy":"category","embeddable":true,"href":"http:\/\/catolicasmexico.com\/blog\/wp-json\/wp\/v2\/categories?post=3495"},{"taxonomy":"post_tag","embeddable":true,"href":"http:\/\/catolicasmexico.com\/blog\/wp-json\/wp\/v2\/tags?post=3495"}],"curies":[{"name":"wp","href":"https:\/\/api.w.org\/{rel}","templated":true}]}}