{"id":347,"date":"2013-05-16T08:00:10","date_gmt":"2013-05-16T13:00:10","guid":{"rendered":"http:\/\/catolicasmexico.com\/blog\/?p=347"},"modified":"2013-05-15T14:59:30","modified_gmt":"2013-05-15T19:59:30","slug":"ignorancia-e-ideologia-las-armas-del-lobby-del-aborto","status":"publish","type":"post","link":"http:\/\/catolicasmexico.com\/blog\/ignorancia-e-ideologia-las-armas-del-lobby-del-aborto\/","title":{"rendered":"Ignorancia e ideolog\u00eda : Las armas del lobby del aborto"},"content":{"rendered":"<p>Articulo de Aci Prensa.<\/p>\n<p><span style=\"color: #000000;\"><a href=\"http:\/\/catolicasmexico.com\/blog\/wp-content\/uploads\/2013\/05\/ppbebevientre03042013.jpg\"><img data-attachment-id=\"348\" data-permalink=\"http:\/\/catolicasmexico.com\/blog\/ignorancia-e-ideologia-las-armas-del-lobby-del-aborto\/ppbebevientre03042013\/\" data-orig-file=\"http:\/\/catolicasmexico.com\/blog\/wp-content\/uploads\/2013\/05\/ppbebevientre03042013.jpg\" data-orig-size=\"500,340\" data-comments-opened=\"1\" data-image-meta=\"{&quot;aperture&quot;:&quot;0&quot;,&quot;credit&quot;:&quot;&quot;,&quot;camera&quot;:&quot;&quot;,&quot;caption&quot;:&quot;&quot;,&quot;created_timestamp&quot;:&quot;0&quot;,&quot;copyright&quot;:&quot;&quot;,&quot;focal_length&quot;:&quot;0&quot;,&quot;iso&quot;:&quot;0&quot;,&quot;shutter_speed&quot;:&quot;0&quot;,&quot;title&quot;:&quot;&quot;,&quot;orientation&quot;:&quot;1&quot;}\" data-image-title=\"ppbebevientre03042013\" data-image-description=\"\" data-medium-file=\"http:\/\/catolicasmexico.com\/blog\/wp-content\/uploads\/2013\/05\/ppbebevientre03042013-300x204.jpg\" data-large-file=\"http:\/\/catolicasmexico.com\/blog\/wp-content\/uploads\/2013\/05\/ppbebevientre03042013.jpg\" class=\"alignleft size-medium wp-image-348\" title=\"ppbebevientre03042013\" src=\"http:\/\/catolicasmexico.com\/blog\/wp-content\/uploads\/2013\/05\/ppbebevientre03042013-300x204.jpg\" alt=\"\" width=\"300\" height=\"204\" srcset=\"http:\/\/catolicasmexico.com\/blog\/wp-content\/uploads\/2013\/05\/ppbebevientre03042013-300x204.jpg 300w, http:\/\/catolicasmexico.com\/blog\/wp-content\/uploads\/2013\/05\/ppbebevientre03042013-150x150.jpg 150w\" sizes=\"100vw\" \/> <\/a>Hace algunos d\u00edas sosten\u00eda algo parecido a un debate con una joven defensora del aborto. Algo que me qued\u00f3 claro de sus \u201cargumentos\u201d es que su defensa del asesinato en el vientre ten\u00eda dos pilares:<strong>su ignorancia y su ideolog\u00eda<\/strong>.<\/span><\/p>\n<p>\u00bfC\u00f3mo es eso? Bueno, les comparto algunos fragmentos para que tengan una idea y dejar m\u00e1s claro el asunto, manteniendo la reserva necesaria de su identidad:<\/p>\n<p><a href=\"http:\/\/catolicasmexico.com\/blog\/wp-content\/uploads\/2013\/05\/Aborto-no-es-ciencia.jpg\"><img data-attachment-id=\"350\" data-permalink=\"http:\/\/catolicasmexico.com\/blog\/ignorancia-e-ideologia-las-armas-del-lobby-del-aborto\/aborto-no-es-ciencia\/\" data-orig-file=\"http:\/\/catolicasmexico.com\/blog\/wp-content\/uploads\/2013\/05\/Aborto-no-es-ciencia.jpg\" data-orig-size=\"1009,281\" data-comments-opened=\"1\" data-image-meta=\"{&quot;aperture&quot;:&quot;0&quot;,&quot;credit&quot;:&quot;&quot;,&quot;camera&quot;:&quot;&quot;,&quot;caption&quot;:&quot;&quot;,&quot;created_timestamp&quot;:&quot;0&quot;,&quot;copyright&quot;:&quot;&quot;,&quot;focal_length&quot;:&quot;0&quot;,&quot;iso&quot;:&quot;0&quot;,&quot;shutter_speed&quot;:&quot;0&quot;,&quot;title&quot;:&quot;&quot;,&quot;orientation&quot;:&quot;1&quot;}\" data-image-title=\"Aborto-no-es-ciencia\" data-image-description=\"\" data-medium-file=\"http:\/\/catolicasmexico.com\/blog\/wp-content\/uploads\/2013\/05\/Aborto-no-es-ciencia-300x84.jpg\" data-large-file=\"http:\/\/catolicasmexico.com\/blog\/wp-content\/uploads\/2013\/05\/Aborto-no-es-ciencia.jpg\" class=\"alignnone size-full wp-image-350\" title=\"Aborto-no-es-ciencia\" src=\"http:\/\/catolicasmexico.com\/blog\/wp-content\/uploads\/2013\/05\/Aborto-no-es-ciencia.jpg\" alt=\"\" width=\"1009\" height=\"281\" srcset=\"http:\/\/catolicasmexico.com\/blog\/wp-content\/uploads\/2013\/05\/Aborto-no-es-ciencia.jpg 1009w, http:\/\/catolicasmexico.com\/blog\/wp-content\/uploads\/2013\/05\/Aborto-no-es-ciencia.jpg 768w, http:\/\/catolicasmexico.com\/blog\/wp-content\/uploads\/2013\/05\/Aborto-no-es-ciencia-300x84.jpg 300w, http:\/\/catolicasmexico.com\/blog\/wp-content\/uploads\/2013\/05\/Aborto-no-es-ciencia-150x150.jpg 150w\" sizes=\"100vw\" \/> <\/a><\/p>\n<p>Descontando que ya\u00a0<a href=\"http:\/\/www.aciprensa.com\/noticias\/estudio-prohibicion-del-aborto-no-aumenta-mortalidad-materna\/\" target=\"_blank\">la falsa relaci\u00f3n entre prohibici\u00f3n del aborto y mortalidad materna ha sido desmentida cient\u00edficamente hasta el cansancio<\/a>, ella dice que \u201cesto (el aborto) no se trata de ciencia, sino de consciencia y de humanidad\u201d. Bien, este es un asunto terrible:<strong>\u00a0Es desastroso, humanamente hablando que alguien asegure que defender al ser humano no es un asunto de \u201cciencia\u201d<\/strong>.<\/p>\n<p>Porque precisamente la ciencia nos aclara que\u00a0<strong>la vida humana comienza en la fecundaci\u00f3n<\/strong>, tal como magistralmente\u00a0<a href=\"http:\/\/www.aciprensa.com\/noticias\/experto-genetista-a-legisladores-del-mundo-la-vida-empieza-en-la-fecundacion-38464\/\" target=\"_blank\">lo indic\u00f3 el\u00a0Doctor en Ciencias Biol\u00f3gicas Nicol\u00e1s Jouve de la Barreda<\/a>,\u00a0miembro del comit\u00e9 de bio\u00e9tica de Espa\u00f1a y Consultor del Pontificio Consejo para la Familia en el Vaticano.<\/p>\n<p>Y si quien est\u00e1 en el vientre ya es un ser humano diferente a su madre,\u00a0<strong>\u00bfqu\u00e9 argumento sustentado en la \u201cconsciencia\u201d y \u201chumanidad\u201d podr\u00eda justificar asesinar a este ser humano indefenso?<\/strong>Respuesta correcta: La ideolog\u00eda.<\/p>\n<p>\u00bfCu\u00e1l ideolog\u00eda? La de g\u00e9nero. Esa que asegurando que defiende a la mujer la alienta a matar a su propio hijo, intentando convencerla de que dif\u00edcilmente se trata de m\u00e1s que un ri\u00f1\u00f3n, y\u00a0<strong>conden\u00e1ndola a sufrir -en soledad- el\u00a0<a href=\"http:\/\/www.aciprensa.com\/aborto\/post-aborto.htm\" target=\"_blank\">s\u00edndrome post-aborto<\/a><\/strong>, que incluye depresiones severas que la pueden llevar al suicidio.<\/p>\n<p>OJO: No se pueden perder\u00a0<a href=\"http:\/\/www.aciprensa.com\/noticias\/terroristas-de-eta-y-el-aborto-matan-inocentes-denuncia-derecho-a-vivir-47640\/\" target=\"_blank\">esta genial relaci\u00f3n entre el asesinato a inocentes realizado por el grupo terrorista espa\u00f1ol ETA y los abortistas<\/a>, en palabras de la portavoz de Derecho a Vivir, G\u00e1dor Joya:\u00a0\u201dAl final, las v\u00edctimas son las mismas en un caso y en otro,\u00a0<strong>seres humanos inocentes que mueren como consecuencia de una ideolog\u00eda<\/strong>\u201c.<\/p>\n<p>Entonces: Ignorancia e ideolog\u00eda. La primera ciegamente confiada en la segunda.<\/p>\n<p>\u00bfQue no es ciega?<\/p>\n<p><a href=\"http:\/\/catolicasmexico.com\/blog\/wp-content\/uploads\/2013\/05\/Abortos-hasta-segundo-mes.jpg\"><img data-attachment-id=\"351\" data-permalink=\"http:\/\/catolicasmexico.com\/blog\/ignorancia-e-ideologia-las-armas-del-lobby-del-aborto\/abortos-hasta-segundo-mes\/\" data-orig-file=\"http:\/\/catolicasmexico.com\/blog\/wp-content\/uploads\/2013\/05\/Abortos-hasta-segundo-mes.jpg\" data-orig-size=\"995,245\" data-comments-opened=\"1\" data-image-meta=\"{&quot;aperture&quot;:&quot;0&quot;,&quot;credit&quot;:&quot;&quot;,&quot;camera&quot;:&quot;&quot;,&quot;caption&quot;:&quot;&quot;,&quot;created_timestamp&quot;:&quot;0&quot;,&quot;copyright&quot;:&quot;&quot;,&quot;focal_length&quot;:&quot;0&quot;,&quot;iso&quot;:&quot;0&quot;,&quot;shutter_speed&quot;:&quot;0&quot;,&quot;title&quot;:&quot;&quot;,&quot;orientation&quot;:&quot;1&quot;}\" data-image-title=\"Abortos-hasta-segundo-mes\" data-image-description=\"\" data-medium-file=\"http:\/\/catolicasmexico.com\/blog\/wp-content\/uploads\/2013\/05\/Abortos-hasta-segundo-mes-300x74.jpg\" data-large-file=\"http:\/\/catolicasmexico.com\/blog\/wp-content\/uploads\/2013\/05\/Abortos-hasta-segundo-mes.jpg\" class=\"alignnone size-full wp-image-351\" title=\"Abortos-hasta-segundo-mes\" src=\"http:\/\/catolicasmexico.com\/blog\/wp-content\/uploads\/2013\/05\/Abortos-hasta-segundo-mes.jpg\" alt=\"\" width=\"995\" height=\"245\" srcset=\"http:\/\/catolicasmexico.com\/blog\/wp-content\/uploads\/2013\/05\/Abortos-hasta-segundo-mes.jpg 995w, http:\/\/catolicasmexico.com\/blog\/wp-content\/uploads\/2013\/05\/Abortos-hasta-segundo-mes.jpg 768w, http:\/\/catolicasmexico.com\/blog\/wp-content\/uploads\/2013\/05\/Abortos-hasta-segundo-mes-300x74.jpg 300w, http:\/\/catolicasmexico.com\/blog\/wp-content\/uploads\/2013\/05\/Abortos-hasta-segundo-mes-150x150.jpg 150w\" sizes=\"100vw\" \/> <\/a><\/p>\n<p>Documentales trucados de abortos de ni\u00f1os de siete meses, asegura esta joven, para poco m\u00e1s lanzar una frase m\u00e1s avezada: \u201clos abortos se dan (para que no ponga en riesgo a la mujer) hasta el segundo mes\u201d.<\/p>\n<p>Bien. Es probable que quienes visiten regularmente ACI Prensa ya est\u00e9n al tanto de que Kermit Gosnell, m\u00e9dico abortista que practicaba abortos tard\u00edos -\u201dlate-term abortions\u201d- fue condenado ayer<a href=\"http:\/\/www.aciprensa.com\/noticias\/eeuu-rey-del-aborto-gosnell-es-condenado-por-asesinato-de-tres-bebes-42254\/\" target=\"_blank\">por asesinar incluso a los ni\u00f1os que lograron sobrevivir a sus abortos<\/a>.<\/p>\n<p><strong>Los abortos en Estados Unidos, donde\u00a0<a href=\"http:\/\/www.aciprensa.com\/noticias\/muestran-fotos-de-joven-que-murio-tras-aborto-legal-y-seguro-61925\/\" target=\"_blank\">se promocionan como \u201clegales y seguros\u201d<\/a>\u00a0se realizan durante los 9 meses de embarazo<\/strong>.<\/p>\n<p>\u00bfY c\u00f3mo lo hacen? Los testimonios recogidos en las acusaciones contra Gosnell son tan reveladores como repulsivos:\u00a0\u201cRegularmente e ilegalmente asisti\u00f3 al parto de beb\u00e9s vivos y viables en el tercer trimestre de embarazo \u2013 y luego asesin\u00f3 a estos reci\u00e9n nacidos cortando sus m\u00e9dulas espinales con tijeras\u201d.<\/p>\n<p>\u201cDocumentales trucados de abortos de ni\u00f1os de siete meses\u201d, abortos \u201chasta el segundo mes\u201d. Ignorancia e ideolog\u00eda.<\/p>\n<p>\u201cUn cine gore espantoso y completamente alejado a la realidad\u201d.\u00a0<a href=\"http:\/\/www.aciprensa.com\/noticias\/mas-de-1720-millones-de-abortos-en-el-mundo-desde-hace-40-anos-85929\/\" target=\"_blank\">Los m\u00e1s de\u00a01.720 millones de abortos realizados en el mundo desde hace 40 a\u00f1os<\/a>\u00a0superan por mucho las peores pesadillas o cine de terror que se pueda producir jam\u00e1s.<\/p>\n<p><strong>Sigamos denunciando, sigamos educando<\/strong>. Pues, como reconoci\u00f3 la revista TIME -que dif\u00edcilmente podr\u00edamos considerar pro-vida-,\u00a0<a href=\"http:\/\/www.aciprensa.com\/blog\/time-una-portada-de-revista-para-enmarcar\/\" target=\"_blank\">los promotores del aborto est\u00e1n perdiendo terreno desde hace 40 a\u00f1os<\/a>. \u00bfC\u00f3mo? \u00bfPor qu\u00e9? Porque quien ve la salvaje carnicer\u00eda que es el aborto, en casos como el de Gosnell, no puede quedar \u201cneutral\u201d.<\/p>\n","protected":false},"excerpt":{"rendered":"<p>Articulo de Aci Prensa. Hace algunos d\u00edas sosten\u00eda algo parecido a un debate con una joven defensora del aborto. Algo que me qued\u00f3 claro de sus \u201cargumentos\u201d es que su defensa del asesinato en el vientre ten\u00eda dos pilares:su ignorancia y su ideolog\u00eda. \u00bfC\u00f3mo es eso? Bueno, les comparto algunos fragmentos para que tengan una [&hellip;]<\/p>\n","protected":false},"author":2,"featured_media":348,"comment_status":"open","ping_status":"open","sticky":false,"template":"","format":"standard","meta":{"spay_email":"","jetpack_publicize_message":"","jetpack_is_tweetstorm":false},"categories":[9],"tags":[],"aioseo_notices":[],"jetpack_featured_media_url":"http:\/\/catolicasmexico.com\/blog\/wp-content\/uploads\/2013\/05\/ppbebevientre03042013.jpg","jetpack_publicize_connections":[],"jetpack_shortlink":"https:\/\/wp.me\/p3B5XH-5B","jetpack-related-posts":[{"id":2439,"url":"http:\/\/catolicasmexico.com\/blog\/el-nuevo-delito-en-francia-obstaculizar-el-derecho-al-aborto\/","url_meta":{"origin":347,"position":0},"title":"El nuevo delito en Francia : \"obstaculizar el derecho al aborto\"","date":"24 enero 2014","format":false,"excerpt":"Articulo de Religi\u00f3n en Libertad. Se debate en estos momentos en Francia la que se da en llamar, en uno de esos \u201cdivertidos\u201d juegos de palabras que tanto gustan al autodenominado progresismo europeo, la \u201cLey de igualdad hombre-mujer\u201d, en la que lo mismo cabe un roto que un descos\u00edo, con\u2026","rel":"","context":"En \u00abAborto\u00bb","img":{"alt_text":"","src":"https:\/\/i0.wp.com\/catolicasmexico.com\/blog\/wp-content\/uploads\/2014\/01\/20140124-132909.jpg?resize=350%2C200","width":350,"height":200},"classes":[]},{"id":730,"url":"http:\/\/catolicasmexico.com\/blog\/denuncian-intento-de-aprobar-ideologia-gay-y-aborto-en-asamblea-general-de-la-oea\/","url_meta":{"origin":347,"position":1},"title":"Denuncian intento de aprobar ideolog\u00eda gay y aborto en Asamblea General de la OEA","date":"5 junio 2013","format":false,"excerpt":"GUATEMALA, 04 Jun. 13 \/ 05:42 pm (ACI\/EWTN Noticias).- Organizaciones defensoras de la vida y la familia de Guatemala denunciaron en un comunicado que en el marco de la 43 Asamblea General de la Organizaci\u00f3n de Estados Americanos (OEA), que se realiza en estos d\u00edas en ese pa\u00eds, se buscar\u00eda\u2026","rel":"","context":"En \u00abAborto\u00bb","img":{"alt_text":"","src":"","width":0,"height":0},"classes":[]},{"id":4759,"url":"http:\/\/catolicasmexico.com\/blog\/un-bebe-de-35-semanas-de-embarazo-sobrevive-al-aborto-fue-salvado-por-la-enfermera-que-lo-oyo-llorar-dentro-de-una-bolsa-de-plastico\/","url_meta":{"origin":347,"position":2},"title":"Un beb\u00e9 de 35 semanas de embarazo sobrevive al aborto; fue salvado por la enfermera que lo oy\u00f3 llorar dentro de una bolsa de pl\u00e1stico","date":"30 agosto 2017","format":false,"excerpt":"Par Cassy Fiano (LiveActionNews) \u2014 traducci\u00f3n al espa\u00f1ol CM.\u00a0 Un beb\u00e9 de 35 semanas de embarazo sobrevive al aborto; fue salvado por la enfermera que lo oy\u00f3 llorar dentro de una bolsa de pl\u00e1stico.\u00a0 La noticia viene de China y nos cuenta la historia de un bebito que sobrevivi\u00f3 al\u2026","rel":"","context":"En \u00abAborto\u00bb","img":{"alt_text":"","src":"https:\/\/i0.wp.com\/catolicasmexico.com\/blog\/wp-content\/uploads\/2017\/08\/img_0146.jpg?resize=350%2C200","width":350,"height":200},"classes":[]},{"id":4966,"url":"http:\/\/catolicasmexico.com\/blog\/estan-relacionados-la-anticoncepcion-y-el-aborto-los-hechos-hablan\/","url_meta":{"origin":347,"position":3},"title":"\u00bfEst\u00e1n relacionados la anticoncepci\u00f3n y el aborto?... los hechos hablan","date":"28 julio 2021","format":false,"excerpt":"Foto :\u00a0bisonov\/AdobeStock Publicado por Augustin Hamilton el 27\/07\/2021 18:17 Por Anne Marie Williams (LiveActionNews) - Traducido por Campagne Qu\u00e9bec-Vie - Foto: bisonov \/ AdobeStock . traducci\u00f3n libre CM Molly Jong-Fast, autora y periodista, escribi\u00f3 un art\u00edculo en Vogue: \u201cEl movimiento contra la anticoncepci\u00f3n es el nuevo movimiento contra el aborto\u201d;\u2026","rel":"","context":"En \u00abAborto\u00bb","img":{"alt_text":"","src":"https:\/\/i1.wp.com\/catolicasmexico.com\/blog\/wp-content\/uploads\/2021\/07\/Pilules-contraception-bisonov.jpg?resize=350%2C200","width":350,"height":200},"classes":[]},{"id":2450,"url":"http:\/\/catolicasmexico.com\/blog\/masquemilpalabras-org-una-herramienta-de-cidevida-para-defender-la-vida\/","url_meta":{"origin":347,"position":4},"title":"masquemilpalabras.org, una herramienta de CIDEVIDA para defender la vida","date":"26 enero 2014","format":false,"excerpt":"Estimado defensor de la vida: Como bien sabes, el gobierno acaba de aprobar el\u00a0Anteproyecto de la nueva Ley del Aborto\u00a0por lo que ha vuelto a abrirse el debate en la sociedad. Como ha ocurrido en ocasiones anteriores se habla, se opina, se entra en discusiones acaloradas pero\u00a0nadie muestra la aut\u00e9ntica\u00a0realidad.\u2026","rel":"","context":"En \u00abAborto\u00bb","img":{"alt_text":"","src":"","width":0,"height":0},"classes":[]},{"id":4184,"url":"http:\/\/catolicasmexico.com\/blog\/ted-cruz-hillary-apoya-el-aborto-hasta-el-nacimiento\/","url_meta":{"origin":347,"position":5},"title":"Ted Cruz: Hillary apoya el aborto hasta el nacimiento","date":"18 enero 2016","format":false,"excerpt":"\u00a0 Hillary Clinton ser\u00e1 probablemente el candidato dem\u00f3crata a la Presidencia y su postura radical en la promoci\u00f3n del aborto est\u00e1 desconectada de \u00a0la mayor\u00eda de los estadounidenses, quienes se oponen a todos o casi todos los abortos. \u00a0 Recientemente, el candidato presidencial republicano pro-vida Ted Cruz resumi\u00f3 la posici\u00f3n\u2026","rel":"","context":"En \u00abAborto\u00bb","img":{"alt_text":"","src":"https:\/\/i1.wp.com\/catolicasmexico.com\/blog\/wp-content\/uploads\/2016\/01\/hillaryclinton51.jpg?resize=350%2C200","width":350,"height":200},"classes":[]}],"jetpack_likes_enabled":false,"jetpack_sharing_enabled":true,"_links":{"self":[{"href":"http:\/\/catolicasmexico.com\/blog\/wp-json\/wp\/v2\/posts\/347"}],"collection":[{"href":"http:\/\/catolicasmexico.com\/blog\/wp-json\/wp\/v2\/posts"}],"about":[{"href":"http:\/\/catolicasmexico.com\/blog\/wp-json\/wp\/v2\/types\/post"}],"author":[{"embeddable":true,"href":"http:\/\/catolicasmexico.com\/blog\/wp-json\/wp\/v2\/users\/2"}],"replies":[{"embeddable":true,"href":"http:\/\/catolicasmexico.com\/blog\/wp-json\/wp\/v2\/comments?post=347"}],"version-history":[{"count":1,"href":"http:\/\/catolicasmexico.com\/blog\/wp-json\/wp\/v2\/posts\/347\/revisions"}],"predecessor-version":[{"id":352,"href":"http:\/\/catolicasmexico.com\/blog\/wp-json\/wp\/v2\/posts\/347\/revisions\/352"}],"wp:featuredmedia":[{"embeddable":true,"href":"http:\/\/catolicasmexico.com\/blog\/wp-json\/wp\/v2\/media\/348"}],"wp:attachment":[{"href":"http:\/\/catolicasmexico.com\/blog\/wp-json\/wp\/v2\/media?parent=347"}],"wp:term":[{"taxonomy":"category","embeddable":true,"href":"http:\/\/catolicasmexico.com\/blog\/wp-json\/wp\/v2\/categories?post=347"},{"taxonomy":"post_tag","embeddable":true,"href":"http:\/\/catolicasmexico.com\/blog\/wp-json\/wp\/v2\/tags?post=347"}],"curies":[{"name":"wp","href":"https:\/\/api.w.org\/{rel}","templated":true}]}}