{"id":3469,"date":"2014-10-14T13:35:28","date_gmt":"2014-10-14T18:35:28","guid":{"rendered":"http:\/\/catolicasmexico.com\/blog\/?p=3469"},"modified":"2014-10-17T20:17:04","modified_gmt":"2014-10-18T01:17:04","slug":"plan-masonico-corromper-el-corazon-de-la-mujer","status":"publish","type":"post","link":"http:\/\/catolicasmexico.com\/blog\/plan-masonico-corromper-el-corazon-de-la-mujer\/","title":{"rendered":"Plan mas\u00f3nico :Corromper el coraz\u00f3n de la mujer"},"content":{"rendered":"<p style=\"text-align: justify;\">El Santo padre Pio IX enter\u00e1ndose de la existencia de un documento redactado por los carboneros (sociedad secreta italiana) en donde se planeaba la destrucci\u00f3n de la iglesia, orden\u00f3 su publicaci\u00f3n la cual revelaba lo siguiente: &#8230;.\u00bbfabriquen corazones viles y de este modo desaparecer\u00e1 la iglesia cat\u00f3lica\u00bb&#8230;\u00bfc\u00f3mo podemos envilecer el coraz\u00f3n de los ni\u00f1os? Implantandolo primero en el coraz\u00f3n de la mujer. Los francmasones explican este postulado con la frase siguiente:\u00a0 &#8230;\u00bb Para destruir a la iglesia, se debe en primer lugar destruir a la mujer, m\u00e1s como es imposible destruirla como tal, entonces tenemos que corromper el coraz\u00f3n de las madres cat\u00f3licas, as\u00ed los cat\u00f3licos, ser\u00e1n exterminados.\u00a0 \u00a0Para llegar a nuestro fin se deber\u00e1 crear\u00a0 el hast\u00edo hacia dos cosas, LA FAMILIA y LA RELIGI\u00d3N. Si la mujer pierde el contacto con la familia y la iglesia de este modo podremos enviciar su coraz\u00f3n.<\/p>\n<p>\u00a0<a href=\"http:\/\/catolicasmexico.com\/blog\/wp-content\/uploads\/2014\/10\/abortistas.jpg\"><img data-attachment-id=\"3470\" data-permalink=\"http:\/\/catolicasmexico.com\/blog\/plan-masonico-corromper-el-corazon-de-la-mujer\/abortistas\/\" data-orig-file=\"http:\/\/catolicasmexico.com\/blog\/wp-content\/uploads\/2014\/10\/abortistas.jpg\" data-orig-size=\"636,345\" data-comments-opened=\"1\" data-image-meta=\"{&quot;aperture&quot;:&quot;0&quot;,&quot;credit&quot;:&quot;&quot;,&quot;camera&quot;:&quot;&quot;,&quot;caption&quot;:&quot;&quot;,&quot;created_timestamp&quot;:&quot;0&quot;,&quot;copyright&quot;:&quot;&quot;,&quot;focal_length&quot;:&quot;0&quot;,&quot;iso&quot;:&quot;0&quot;,&quot;shutter_speed&quot;:&quot;0&quot;,&quot;title&quot;:&quot;&quot;,&quot;orientation&quot;:&quot;0&quot;}\" data-image-title=\"abortistas\" data-image-description=\"\" data-medium-file=\"http:\/\/catolicasmexico.com\/blog\/wp-content\/uploads\/2014\/10\/abortistas-300x163.jpg\" data-large-file=\"http:\/\/catolicasmexico.com\/blog\/wp-content\/uploads\/2014\/10\/abortistas.jpg\" class=\"alignleft  wp-image-3470\" src=\"http:\/\/catolicasmexico.com\/blog\/wp-content\/uploads\/2014\/10\/abortistas-300x162.jpg\" alt=\"abortistas\" width=\"5\" height=\"3\" srcset=\"http:\/\/catolicasmexico.com\/blog\/wp-content\/uploads\/2014\/10\/abortistas-300x162.jpg 5w\" sizes=\"100vw\" \/> <\/a><iframe loading=\"lazy\" src=\"http:\/\/www.adnstream.com\/embed3\/ppeGsoPniL\" width=\"706\" height=\"398\" frameborder=\"0\" scrolling=\"no\">Necesitas un navegador que soporte iframes para poder ver este contenido.<\/iframe><\/p>\n","protected":false},"excerpt":{"rendered":"<p>El Santo padre Pio IX enter\u00e1ndose de la existencia de un documento redactado por los carboneros (sociedad secreta italiana) en donde se planeaba la destrucci\u00f3n de la iglesia, orden\u00f3 su publicaci\u00f3n la cual revelaba lo siguiente: &#8230;.\u00bbfabriquen corazones viles y de este modo desaparecer\u00e1 la iglesia cat\u00f3lica\u00bb&#8230;\u00bfc\u00f3mo podemos envilecer el coraz\u00f3n de los ni\u00f1os? Implantandolo [&hellip;]<\/p>\n","protected":false},"author":5,"featured_media":3470,"comment_status":"open","ping_status":"open","sticky":false,"template":"","format":"standard","meta":{"spay_email":"","jetpack_publicize_message":"","jetpack_is_tweetstorm":false},"categories":[335,26,28],"tags":[],"aioseo_notices":[],"jetpack_featured_media_url":"http:\/\/catolicasmexico.com\/blog\/wp-content\/uploads\/2014\/10\/abortistas.jpg","jetpack_publicize_connections":[],"jetpack_shortlink":"https:\/\/wp.me\/p3B5XH-TX","jetpack-related-posts":[{"id":2670,"url":"http:\/\/catolicasmexico.com\/blog\/reig-pla-el-obispo-de-alcala-dice-poner-a-la-mujer-como-campeona-de-la-destruccion-de-la-vida-es-desvalorizarla\/","url_meta":{"origin":3469,"position":0},"title":"Reig Pla el obispo de Alcala dice: \u00abponer a la mujer como campeona de la destrucci\u00f3n de la vida es desvalorizarla\u00bb,","date":"7 marzo 2014","format":false,"excerpt":"Articulo de Religi\u00f3n en libertad Reig Pla recuerda que el aborto en Espa\u00f1a \u00abha causado m\u00e1s muertos que la Guerra Civil\u00bb El obispo de Alcal\u00e1 de Henares y presidente de la Subcomisi\u00f3n Episcopal de Familia y Vida, monse\u00f1or Juan Antonio Reig Pl\u00e1, asegur\u00f3 este jueves que \u00abla vida del no\u2026","rel":"","context":"En \u00abAborto\u00bb","img":{"alt_text":"","src":"https:\/\/i2.wp.com\/catolicasmexico.com\/blog\/wp-content\/uploads\/2014\/03\/20140307-134254.jpg?resize=350%2C200","width":350,"height":200},"classes":[]},{"id":2244,"url":"http:\/\/catolicasmexico.com\/blog\/no-olvides-mexico-la-consagracion-al-sacratisimo-corazon-de-cristo-rey\/","url_meta":{"origin":3469,"position":1},"title":"No olvides M\u00e9xico La Consagraci\u00f3n al Sacrat\u00edsimo Coraz\u00f3n de Cristo Rey.","date":"16 diciembre 2013","format":false,"excerpt":"Consagraci\u00f3n al Sacrat\u00edsimo Coraz\u00f3n de Cristo Rey Acto de proclamaci\u00f3n del Sagrado Coraz\u00f3n de Jes\u00fas como Rey de M\u00e9xico y juramento de fidelidad y vasallaje. Coraz\u00f3n Sacrat\u00edsimo del Rey pac\u00edfico: radiante de j\u00fabilo como fieles vasallos, venimos hoy a postrarnos al pie de tu trono y gozosos te proclamamos a\u2026","rel":"","context":"En \u00abFe\u00bb","img":{"alt_text":"","src":"","width":0,"height":0},"classes":[]},{"id":2963,"url":"http:\/\/catolicasmexico.com\/blog\/acto-de-proclamacion-del-sagrado-corazon-de-jesus-como-rey-de-mexico-y-juramento-de-fidelidad-y-vasallaje\/","url_meta":{"origin":3469,"position":2},"title":"Acto de proclamaci\u00f3n del Sagrado Coraz\u00f3n de Jes\u00fas como Rey de Mexico y juramento de fidelidad y vasallaje.","date":"29 mayo 2014","format":false,"excerpt":"Coraz\u00f3n Sacrat\u00edsimo del Rey pac\u00edfico: radiante de j\u00fabilo como fieles vasallos, venimos hoy a postrarnos al pie de tu trono y gozosos te proclamamos a la faz del mundo, REY INMORTAL DE LA NACI\u00d3N MEXICANA, al acatar tu Soberan\u00eda sobre todos los pueblos. Quermos coronar tu frente, \u00a1oh Cristo Rey!\u2026","rel":"","context":"En \u00abFe\u00bb","img":{"alt_text":"","src":"","width":0,"height":0},"classes":[]},{"id":965,"url":"http:\/\/catolicasmexico.com\/blog\/pelosi-se-rie-de-la-carta-del-sacerdote-que-desafio-su-posicion-sobre-el-aborto-esta-actuando-histericamente\/","url_meta":{"origin":3469,"position":3},"title":"Pelosi se r\u00ede de la carta del sacerdote que desafi\u00f3 su posici\u00f3n sobre el aborto: \"Est\u00e1 actuando hist\u00e9ricamente\"","date":"27 junio 2013","format":false,"excerpt":"Por John Jalsevac. Traducido y editado por Alejandro P. de www.catolicasmexico.com Martes, 25 de junio de 2013 15:51 25 De junio del 2013 (LifeSiteNews.com) - La ex presidente de la c\u00e1mara de representantes, Nancy Pelosi se ha re\u00eddo de una carta redactada por el fundador de Sacerdotes por la Vida,\u2026","rel":"","context":"En \u00abAborto\u00bb","img":{"alt_text":"","src":"https:\/\/i0.wp.com\/catolicasmexico.com\/blog\/wp-content\/uploads\/2013\/07\/Nacy-Pelosi-1024x1024.jpeg?resize=350%2C200","width":350,"height":200},"classes":[]},{"id":1567,"url":"http:\/\/catolicasmexico.com\/blog\/obedezcan-lo-que-dice-la-fe-sobre-la-homosexualidad-o-vayan-a-otro-sitio\/","url_meta":{"origin":3469,"position":4},"title":"Obedezcan lo que dice la fe sobre la homosexualidad o vayan a otro sitio","date":"14 agosto 2013","format":false,"excerpt":"Por Kirsten Andersen Jueves 08 de agosto de 2013 18:42 EST (LifeSiteNews.com) ALTOONA, WI, 08 de agosto de 2013\u2013 Una parroquia Cat\u00f3lica en Wisconsin ha dicho a la tropa Boy Scout que ha patrocinado por los \u00faltimos 20 a\u00f1os que tendr\u00e1 que encontrar un nuevo hogar en respuesta a la\u2026","rel":"","context":"En \u00abHomosexualidad\u00bb","img":{"alt_text":"","src":"","width":0,"height":0},"classes":[]},{"id":2190,"url":"http:\/\/catolicasmexico.com\/blog\/la-iglesia-catolica-americana-fue-demandada-por-rechazar-realizar-abortos-en-los-hospitales-catolicos\/","url_meta":{"origin":3469,"position":5},"title":"La iglesia cat\u00f3lica americana fue demandada por rechazar realizar abortos en los hospitales cat\u00f3licos.","date":"10 diciembre 2013","format":false,"excerpt":"Del sito www.cqv.cq.ca traducci\u00f3n y edici\u00f3n libre www.catolicasmexico.com La Asociaci\u00f3n laica ACLU (American Civil Liberties Union), anunci\u00f3 este lunes que demand\u00f3 a la Conferencia de obispos cat\u00f3licos de los Estados Unidos para obtener la condena de las directivas de estos en contra del aborto. Los obispos y a trav\u00e9s de\u2026","rel":"","context":"En \u00abAborto\u00bb","img":{"alt_text":"","src":"","width":0,"height":0},"classes":[]}],"jetpack_likes_enabled":false,"jetpack_sharing_enabled":true,"_links":{"self":[{"href":"http:\/\/catolicasmexico.com\/blog\/wp-json\/wp\/v2\/posts\/3469"}],"collection":[{"href":"http:\/\/catolicasmexico.com\/blog\/wp-json\/wp\/v2\/posts"}],"about":[{"href":"http:\/\/catolicasmexico.com\/blog\/wp-json\/wp\/v2\/types\/post"}],"author":[{"embeddable":true,"href":"http:\/\/catolicasmexico.com\/blog\/wp-json\/wp\/v2\/users\/5"}],"replies":[{"embeddable":true,"href":"http:\/\/catolicasmexico.com\/blog\/wp-json\/wp\/v2\/comments?post=3469"}],"version-history":[{"count":1,"href":"http:\/\/catolicasmexico.com\/blog\/wp-json\/wp\/v2\/posts\/3469\/revisions"}],"predecessor-version":[{"id":3471,"href":"http:\/\/catolicasmexico.com\/blog\/wp-json\/wp\/v2\/posts\/3469\/revisions\/3471"}],"wp:featuredmedia":[{"embeddable":true,"href":"http:\/\/catolicasmexico.com\/blog\/wp-json\/wp\/v2\/media\/3470"}],"wp:attachment":[{"href":"http:\/\/catolicasmexico.com\/blog\/wp-json\/wp\/v2\/media?parent=3469"}],"wp:term":[{"taxonomy":"category","embeddable":true,"href":"http:\/\/catolicasmexico.com\/blog\/wp-json\/wp\/v2\/categories?post=3469"},{"taxonomy":"post_tag","embeddable":true,"href":"http:\/\/catolicasmexico.com\/blog\/wp-json\/wp\/v2\/tags?post=3469"}],"curies":[{"name":"wp","href":"https:\/\/api.w.org\/{rel}","templated":true}]}}