{"id":3466,"date":"2014-10-17T20:23:53","date_gmt":"2014-10-18T01:23:53","guid":{"rendered":"http:\/\/catolicasmexico.com\/blog\/?p=3466"},"modified":"2014-10-17T20:24:26","modified_gmt":"2014-10-18T01:24:26","slug":"profecias-de-san-francisco-de-asis","status":"publish","type":"post","link":"http:\/\/catolicasmexico.com\/blog\/profecias-de-san-francisco-de-asis\/","title":{"rendered":"Profec\u00edas de San Francisco de As\u00eds."},"content":{"rendered":"<p><a href=\"http:\/\/catolicasmexico.com\/blog\/wp-content\/uploads\/2014\/10\/20141010-1300301.jpg\"><img src=\"http:\/\/catolicasmexico.com\/blog\/wp-content\/uploads\/2014\/10\/20141010-1300301.jpg\" alt=\"20141010-130030.jpg\" class=\"alignnone size-full\"  \/> <\/a><\/p>\n<p>Poco antes de morir, San Francisco de As\u00eds reuni\u00f3 a sus seguidores y les advirti\u00f3 de los problemas venideros, diciendo:<br \/>\n1. Sean fuertes, mis hermanos, tomen fuerza y crean en el Se\u00f1or. Se acerca r\u00e1pidamente el tiempo en el que habr\u00e1 grandes pruebas y tribulaciones; abundar\u00e1n perplejidades y disensiones, tanto espirituales como temporales; la caridad de muchos se enfriar\u00e1, y la malicia de los imp\u00edos se incrementar\u00e1.<br \/>\n2. Los demonios tendr\u00e1 un poder inusual; la pureza inmaculada de nuestra Orden y de otras, se obscurecer\u00e1 en demas\u00eda, ya que habr\u00e1 muy pocos cristianos que obedecer\u00e1n al verdadero Sumo Pont\u00edfice y a la Iglesia Romana con corazones leales y caridad perfecta. En el momento de esta tribulaci\u00f3n un hombre, elegido no can\u00f3nicamente, se elevar\u00e1 al Pontificado, y con su astucia se esforzar\u00e1 por llevar a muchos al error y a la muerte.<br \/>\n3. Entonces, los esc\u00e1ndalos se multiplicar\u00e1n, nuestra Orden se dividir\u00e1, y muchas otras ser\u00e1n destruidas por completo, porque se aceptar\u00e1 el error en lugar de oponerse a \u00e9l.<br \/>\n4. Habr\u00e1 tal diversidad de opiniones y cismas entre la gente, entre los religiosos y entre el clero, que, si esos d\u00edas no se acortaren, seg\u00fan las palabras del Evangelio, aun los escogidos ser\u00edan inducidos a error, si no fuere que ser\u00e1n especialmente guiados, en medio de tan grande confusi\u00f3n, por la inmensa misericordia de Dios.<br \/>\n5. Entonces, nuestra Regla y nuestra forma de vida ser\u00e1n violentamente combatidas por algunos, y vendr\u00e1n terribles pruebas sobre nosotros. Los que sean hallados fieles recibir\u00e1n la corona de la vida, pero \u00a1ay de aquellos que, confiando \u00fanicamente en su Orden, se dejen caer en la tibieza!, porque no ser\u00e1n capaces de soportar las tentaciones permitidas para prueba de los elegidos.<br \/>\n6. Aquellos que preserven su fervor y se adhieran a la virtud con amor y celo por la verdad, han de sufrir injurias y persecuciones; ser\u00e1n considerados como rebeldes y cism\u00e1ticos, porque sus perseguidores, empujados por los malos esp\u00edritus, dir\u00e1n que est\u00e1n prestando un gran servicio a Dios mediante la destrucci\u00f3n de hombres tan pestilentes de la faz de la tierra. Pero el Se\u00f1or ha de ser el refugio de los afligidos, y salvar\u00e1 a todos los que conf\u00edan en \u00c9l. Y para ser como su Cabeza [Cristo], estos, los elegidos, actuar\u00e1n con esperanza, y por su muerte comprar\u00e1n para ellos mismos la vida eterna; eligiendo obedecer a Dios antes que a los hombres, ellos no temer\u00e1n nada, y han de preferir perecer antes que consentir en la falsedad y la perfidia.<br \/>\n7. Algunos predicadores mantendr\u00e1n silencio sobre la verdad, y otros la hollar\u00e1n bajo sus pies y la negar\u00e1n. La santidad de vida se llevar\u00e1 a cabo en medio de burlas, proferidas incluso por aquellos que la profesar\u00e1n hacia el exterior, pues en aquellos d\u00edas Nuestro Se\u00f1or Jesucristo no les enviar\u00e1 a \u00e9stos un verdadero Pastor, sino un destructor.\u201d<br \/>\nObras del Ser\u00e1fico Padre San Francisco de As\u00eds, Washbourne, 1882, pp 248-250<\/p>\n","protected":false},"excerpt":{"rendered":"<p>Poco antes de morir, San Francisco de As\u00eds reuni\u00f3 a sus seguidores y les advirti\u00f3 de los problemas venideros, diciendo: 1. Sean fuertes, mis hermanos, tomen fuerza y crean en el Se\u00f1or. Se acerca r\u00e1pidamente el tiempo en el que habr\u00e1 grandes pruebas y tribulaciones; abundar\u00e1n perplejidades y disensiones, tanto espirituales como temporales; la caridad [&hellip;]<\/p>\n","protected":false},"author":2,"featured_media":3465,"comment_status":"open","ping_status":"open","sticky":false,"template":"","format":"standard","meta":{"spay_email":"","jetpack_publicize_message":"","jetpack_is_tweetstorm":false},"categories":[335,25,13,197],"tags":[],"aioseo_notices":[],"jetpack_featured_media_url":"http:\/\/catolicasmexico.com\/blog\/wp-content\/uploads\/2014\/10\/20141010-1300301.jpg","jetpack_publicize_connections":[],"jetpack_shortlink":"https:\/\/wp.me\/p3B5XH-TU","jetpack-related-posts":[{"id":3961,"url":"http:\/\/catolicasmexico.com\/blog\/san-maximiliano-kolbe-loco-de-la-inmaculada\/","url_meta":{"origin":3466,"position":0},"title":"San Maximiliano Kolbe, enamorado de la Inmaculada","date":"20 agosto 2015","format":false,"excerpt":"He aqu\u00ed un muy buen documental (treinta minutos, en espa\u00f1ol) sobre la vida de San Maximiliano Mar\u00eda Kolbe, fundador de la Milicia de la Inmaculada, misionero en Europa y Jap\u00f3n, cura y fraile franciscano que se convirti\u00f3 en esclavo de la Virgen Sant\u00edsima. El padre Kolbe se aprovech\u00f3 de todos\u2026","rel":"","context":"En \u00abataques contra la Iglesia Catolica\u00bb","img":{"alt_text":"","src":"https:\/\/i1.wp.com\/catolicasmexico.com\/blog\/wp-content\/uploads\/2015\/08\/6708711569_269bd1a785_o_d.jpg?resize=350%2C200","width":350,"height":200},"classes":[]},{"id":2894,"url":"http:\/\/catolicasmexico.com\/blog\/mayo-mes-del-santo-rosario\/","url_meta":{"origin":3466,"position":1},"title":"Mayo mes del Santo Rosario","date":"7 mayo 2014","format":false,"excerpt":"Valoricemos en este mes de mayo el rezo del Santo Rosario, pide el Papa Francisco Virgen Del Rosario \/ Autor: Bartolom\u00e9 Esteban Murillo (Dominio P\u00fablico) VATICANO, 07 May. 14 \/ 09:41 am (ACI\/EWTN Noticias).- Al t\u00e9rmino de la Audiencia General de este mi\u00e9rcoles, el Papa Francisco invit\u00f3 a los miles\u2026","rel":"","context":"En \u00abFe\u00bb","img":{"alt_text":"","src":"https:\/\/i2.wp.com\/catolicasmexico.com\/blog\/wp-content\/uploads\/2014\/05\/20140507-155601.jpg?resize=350%2C200","width":350,"height":200},"classes":[]},{"id":3046,"url":"http:\/\/catolicasmexico.com\/blog\/hoy-celebramos-a-san-antonio-de-padua\/","url_meta":{"origin":3466,"position":2},"title":"Hoy celebramos a San Antonio de Padua.","date":"13 junio 2014","format":false,"excerpt":"Autor: P. \u00c1ngel Amo. | Fuente: Catholic.net Antonio de Padua, Santo Presb\u00edtero y Doctor de la Iglesia, Junio 13 Antonio de Padua, Santo Presb\u00edtero y Doctor e la Iglesia (...)Fernando de Bulloes y Taveira de Azevedo, naci\u00f3 en Lisboa hacia el 1195. A Los quince a\u00f1os entr\u00f3 al colegio de\u2026","rel":"","context":"En \u00abFe\u00bb","img":{"alt_text":"","src":"https:\/\/i0.wp.com\/catolicasmexico.com\/blog\/wp-content\/uploads\/2014\/06\/20140613-163648.jpg?resize=350%2C200","width":350,"height":200},"classes":[]},{"id":402,"url":"http:\/\/catolicasmexico.com\/blog\/el-vaticano-ofrecera-conferencia-mundial-provida-y-misa-papal\/","url_meta":{"origin":3466,"position":3},"title":"El Vaticano ofrecer\u00e1 conferencia mundial provida y misa papal","date":"20 mayo 2013","format":false,"excerpt":"Por Austin Ruse ROMA, 17 de mayo (C-FAM) Los provida contuvieron el aliento el d\u00eda en el que el mundo recibi\u00f3 al nuevo Papa. No cuestionaban sus credenciales a favor de la vida, pero se preguntaban si su discurso ser\u00eda en\u00e9rgico. Pronto surgi\u00f3 una vieja cita y las inquietudes se\u2026","rel":"","context":"En \u00abAborto\u00bb","img":{"alt_text":"","src":"https:\/\/i2.wp.com\/catolicasmexico.com\/blog\/wp-content\/uploads\/2013\/05\/image-30.jpeg?resize=350%2C200","width":350,"height":200},"classes":[]},{"id":568,"url":"http:\/\/catolicasmexico.com\/blog\/defender-la-eucaristia-es-nuestro-deber-mas-sagrado\/","url_meta":{"origin":3466,"position":4},"title":"DEFENDER LA EUCARISTIA ES NUESTRO DEBER MAS SAGRADO","date":"27 mayo 2013","format":false,"excerpt":"DEFENDER LA EUCARISTIA ES NUESTRO DEBER MAS SAGRADO Art\u00edculo de la Asociaci\u00f3n Cruz de San Andres. El s\u00e1bado pasado (25 de mayo) en un funeral, el arzobispo de G\u00e9nova y presidente de la Conferencia Episcopal Italiana, Mons. \u00c1ngelo Bagnasco, delante de los fot\u00f3grafos, dio la comuni\u00f3n al transexual Vladimir Luxuria,\u2026","rel":"","context":"En \u00abFe\u00bb","img":{"alt_text":"","src":"","width":0,"height":0},"classes":[]},{"id":3137,"url":"http:\/\/catolicasmexico.com\/blog\/los-que-quieren-dar-lecciones-al-vaticano\/","url_meta":{"origin":3466,"position":5},"title":"Los que quieren dar lecciones al Vaticano.","date":"27 junio 2014","format":false,"excerpt":"La BBC, enredado en un esc\u00e1ndalo sexual sin precedentes. Escrito por Michel Janva Del sitio www.lesalonbeige.com traducci\u00f3n y edici\u00f3n libre www.catolicas mexico.com Una investigaci\u00f3n revel\u00f3 el jueves la magnitud de los abusos sexuales que se cometieron durante 40 a\u00f1os en 28 hospitales p\u00fablicos brit\u00e1nicos por el presentador estrella de la\u2026","rel":"","context":"En \u00abataques contra la Iglesia Catolica\u00bb","img":{"alt_text":"","src":"","width":0,"height":0},"classes":[]}],"jetpack_likes_enabled":false,"jetpack_sharing_enabled":true,"_links":{"self":[{"href":"http:\/\/catolicasmexico.com\/blog\/wp-json\/wp\/v2\/posts\/3466"}],"collection":[{"href":"http:\/\/catolicasmexico.com\/blog\/wp-json\/wp\/v2\/posts"}],"about":[{"href":"http:\/\/catolicasmexico.com\/blog\/wp-json\/wp\/v2\/types\/post"}],"author":[{"embeddable":true,"href":"http:\/\/catolicasmexico.com\/blog\/wp-json\/wp\/v2\/users\/2"}],"replies":[{"embeddable":true,"href":"http:\/\/catolicasmexico.com\/blog\/wp-json\/wp\/v2\/comments?post=3466"}],"version-history":[{"count":1,"href":"http:\/\/catolicasmexico.com\/blog\/wp-json\/wp\/v2\/posts\/3466\/revisions"}],"predecessor-version":[{"id":3467,"href":"http:\/\/catolicasmexico.com\/blog\/wp-json\/wp\/v2\/posts\/3466\/revisions\/3467"}],"wp:featuredmedia":[{"embeddable":true,"href":"http:\/\/catolicasmexico.com\/blog\/wp-json\/wp\/v2\/media\/3465"}],"wp:attachment":[{"href":"http:\/\/catolicasmexico.com\/blog\/wp-json\/wp\/v2\/media?parent=3466"}],"wp:term":[{"taxonomy":"category","embeddable":true,"href":"http:\/\/catolicasmexico.com\/blog\/wp-json\/wp\/v2\/categories?post=3466"},{"taxonomy":"post_tag","embeddable":true,"href":"http:\/\/catolicasmexico.com\/blog\/wp-json\/wp\/v2\/tags?post=3466"}],"curies":[{"name":"wp","href":"https:\/\/api.w.org\/{rel}","templated":true}]}}