{"id":3443,"date":"2014-10-02T14:50:01","date_gmt":"2014-10-02T19:50:01","guid":{"rendered":"http:\/\/catolicasmexico.com\/blog\/?p=3443"},"modified":"2014-10-02T14:50:01","modified_gmt":"2014-10-02T19:50:01","slug":"dijo-no-al-aborto-despues-de-ver-el-ultrasonido-de-su-bebe","status":"publish","type":"post","link":"http:\/\/catolicasmexico.com\/blog\/dijo-no-al-aborto-despues-de-ver-el-ultrasonido-de-su-bebe\/","title":{"rendered":"Dijo \u00abno\u00bb al aborto despu\u00e9s de ver el ultrasonido de su beb\u00e9."},"content":{"rendered":"<p>En Un video de YouTube, titulado \u00abla historia de mi casi-aborto\u00bb, una mujer de 20 a\u00f1os de edad cuenta c\u00f3mo ella renunci\u00f3 a su tentativa de aborto despu\u00e9s de ver la ecograf\u00eda de su beb\u00e9.<br \/>\nLa joven, quien se identifica como \u00abAutumnBabydolllxx\u00bb, se\u00f1al\u00f3 que, aunque ella misma se considera pro-elecci\u00f3n, el aborto es una experiencia \u00abmuy dif\u00edcil de soportar\u00bb y \u00abalgunas chicas realmente se arrepienten de haberlo hecho y  siempre piensan en  sus beb\u00e9s\u00bb.<br \/>\nExplic\u00f3 la decisi\u00f3n de contar su historia en video porque ella, quer\u00eda decir en c\u00f3mo sucedi\u00f3 esto, el hecho de un buen rato en la cl\u00ednica de aborto)<br \/>\nLa asesora de la cl\u00ednica de aborto era \u00abHonestamente, una mujer con malas intenciones\u00bb, qui\u00e9n me dijo que \u00abporque ten\u00eda 20 a\u00f1os yo no pod\u00eda cuidar  un beb\u00e9.\u00bb Se puso su blusa, para la preparaci\u00f3n del procedimiento, AutumnBabydolllxx comenz\u00f3 a pensar \u00abpor qu\u00e9 voy a hacer esto?\u00bb.<br \/>\n\u00abpod\u00eda imaginarme con mi segundo hijo en los brazos dici\u00e9ndole :\u00bb Bueno, tu hermano no est\u00e1 aqu\u00ed..\u00bb No pod\u00eda vivir con ese sentimiento, pens\u00e9 que me iba arrepentir de hecerlo y todo solo no podr\u00eda vivir con ese sentimiento,  As\u00ed que, aqu\u00ed, esto no es para m\u00ed.<br \/>\nPero el elemento final, para tomar una decisi\u00f3n fue el ultrasonido<br \/>\n\u00bb Ah\u00ed tome realmente consciencia &#8230;al ver al beb\u00e9 en la eco, no lo pod\u00eda creer. \u00bb<br \/>\nMientras sal\u00eda de la cl\u00ednica con sentimientos contrarios, la joven recuerda que le dijo al pap\u00e1 del ni\u00f1o, \u00a1el beb\u00e9 est\u00e1 ah\u00ed, el beb\u00e9 est\u00e1 realmente all\u00ed!..<br \/>\n&#8216;No me arrepiento de no haber hecho el  aborto.&#8217; \u00abMe ri\u00f3 porque fui tan negativa y tan asustada cuando en realidad no habia una raz\u00f3n v\u00e1lida  por que temer. \u00bb<br \/>\nDel SalonBeige traducci\u00f3n y edici\u00f3n libre www.catolicasmexico.com<\/p>\n","protected":false},"excerpt":{"rendered":"<p>En Un video de YouTube, titulado \u00abla historia de mi casi-aborto\u00bb, una mujer de 20 a\u00f1os de edad cuenta c\u00f3mo ella renunci\u00f3 a su tentativa de aborto despu\u00e9s de ver la ecograf\u00eda de su beb\u00e9. La joven, quien se identifica como \u00abAutumnBabydolllxx\u00bb, se\u00f1al\u00f3 que, aunque ella misma se considera pro-elecci\u00f3n, el aborto es una experiencia [&hellip;]<\/p>\n","protected":false},"author":2,"featured_media":3442,"comment_status":"open","ping_status":"open","sticky":false,"template":"","format":"standard","meta":{"spay_email":"","jetpack_publicize_message":"","jetpack_is_tweetstorm":false},"categories":[9,27],"tags":[718,389,526],"aioseo_notices":[],"jetpack_featured_media_url":"http:\/\/catolicasmexico.com\/blog\/wp-content\/uploads\/2014\/10\/20141002-160742.jpg","jetpack_publicize_connections":[],"jetpack_shortlink":"https:\/\/wp.me\/p3B5XH-Tx","jetpack-related-posts":[{"id":695,"url":"http:\/\/catolicasmexico.com\/blog\/tuvo-cinco-abortos-pero-luego-encontro-a-jesus-y-ahora-es-un-lider-pro-vida\/","url_meta":{"origin":3443,"position":0},"title":"Tuvo cinco abortos, pero luego encontr\u00f3 a Jes\u00fas y ahora es un l\u00edder pro-vida","date":"4 junio 2013","format":false,"excerpt":"Noticia de liveActionNews.org Por Christina Martin. Traducci\u00f3n del ingl\u00e9s y edici\u00f3n Alejandro P. de www.catolicasmexico.com Lunes, 03 de junio de 2013 9:54 EST \u00a0 3 De junio del 2013 (LiveActionNews.org) - Iman Essiet no quer\u00eda ser otra estad\u00edstica. Sin embargo, esta hermosa mujer afroamericana qued\u00f3 embarazada cuando ten\u00eda s\u00f3lo 16\u2026","rel":"","context":"En \u00abAborto\u00bb","img":{"alt_text":"","src":"https:\/\/i2.wp.com\/catolicasmexico.com\/blog\/wp-content\/uploads\/2013\/06\/Iman2-240x240.jpg?resize=350%2C200","width":350,"height":200},"classes":[]},{"id":3759,"url":"http:\/\/catolicasmexico.com\/blog\/la-enfermera-fue-a-vomitar-al-bano-yo-estaba-apoyada-contra-el-lavabo-llorando-entonces-le-dije-lanny-dios-mio-iremos-al-infierno-estaba-sudando-y-temblando-me-dijo-si-vas-al-in\/","url_meta":{"origin":3443,"position":1},"title":"La enfermera fue a vomitar al ba\u00f1o. Yo estaba apoyada contra el lavabo  llorando. Entonces le dije\u00bf \"Lanny, Dios m\u00edo, iremos al infierno? '' Estaba sudando, y temblando me dijo: \"Si vas al infierno, yo estar\u00e9 all\u00ed  y te esperar\u00e9\"","date":"13 mayo 2015","format":false,"excerpt":"\"Recuerdo que particip\u00e9 en aborto de una muchacha que estaba embarazada de 12 semanas el beb\u00e9 era min\u00fasculo en el ultrasonido, se pod\u00eda ver que chupaba su dedo pulgar. Veinte minutos m\u00e1s tarde, hab\u00eda sido completamente molido para terminar en un frasco de formol. Le mostramos esto a la chica\u2026","rel":"","context":"En \u00abAborto\u00bb","img":{"alt_text":"","src":"https:\/\/i0.wp.com\/catolicasmexico.com\/blog\/wp-content\/uploads\/2015\/05\/20150513-131111.jpg?resize=350%2C200","width":350,"height":200},"classes":[]},{"id":4409,"url":"http:\/\/catolicasmexico.com\/blog\/nace-un-bebe-milagrosamente-al-sobrevivir-a-un-aborto-a-las-7-semanas-de-gestacion\/","url_meta":{"origin":3443,"position":2},"title":"Nace un beb\u00e9 milagrosamente al sobrevivir a un aborto a las 7 semanas de gestaci\u00f3n.","date":"9 junio 2016","format":false,"excerpt":"Vicky Harper, de 24 a\u00f1os viv\u00eda una situaci\u00f3n financiera dif\u00edcil cuando descubri\u00f3 que estaba embarazada de su tercer hijo. Preocupada y asustada, decidi\u00f3 que era mejor abortar a su beb\u00e9.\u00a0 Su novio Kennan McIvor, de 19 a\u00f1os, le asegur\u00f3 que estaba dispuesto a cuidar de ella y el beb\u00e9, pero\u2026","rel":"","context":"En \u00abAborto\u00bb","img":{"alt_text":"","src":"https:\/\/i1.wp.com\/catolicasmexico.com\/blog\/wp-content\/uploads\/2016\/06\/IMG_0689.jpg?resize=350%2C200","width":350,"height":200},"classes":[]},{"id":3687,"url":"http:\/\/catolicasmexico.com\/blog\/senti-la-muerte-una-empleada-de-un-abortorio-se-convirtio-en-pro-vida-despues-de-ver-la-cara-de-un-bebe-al-momento-de-ser-abortado\/","url_meta":{"origin":3443,"position":3},"title":"\"Sent\u00ed la muerte\": una empleada de un abortorio se convirti\u00f3 en pro vida despu\u00e9s de ver la cara de un beb\u00e9 al momento de ser abortado.","date":"31 marzo 2015","format":false,"excerpt":"...\"Estaba confundida al mirar los miembros sangrientos del beb\u00e9. Incluso puedo decir que sent\u00ed la presencia del demonio\"... Por Sarah Terzo de LiveActionNews - de Campagne Qu\u00e9bec-Vie, traducci\u00f3n libre para catolicasmexico.com \u00a0 En 2008, el Instituto de investigaci\u00f3n de la poblaci\u00f3n, public\u00f3 el testimonio de una ex directora \u00a0de una\u2026","rel":"","context":"En \u00abAborto\u00bb","img":{"alt_text":"","src":"https:\/\/i1.wp.com\/catolicasmexico.com\/blog\/wp-content\/uploads\/2015\/03\/baby_ultrasound_face_810_500_55_s_c1.jpg?resize=350%2C200","width":350,"height":200},"classes":[]},{"id":4422,"url":"http:\/\/catolicasmexico.com\/blog\/una-ex-abortera-dice-al-senado-he-matado-a-mas-gente-que-la-mayoria-de-los-asesinos-en-serie\/","url_meta":{"origin":3443,"position":4},"title":"Una ex abortera dice al Senado: He matado a m\u00e1s gente que la mayor\u00eda de los asesinos en serie.\u00a0","date":"25 julio 2016","format":false,"excerpt":"\u00a0\u00a0 Por Sarah LiveActionNews Terzo - del sitio www.qcv.qc.ca traducci\u00f3n y edici\u00f3n libre CM. La ex abortera, Dr. Kathi A. Aultman testific\u00f3 en una audiencia en la Comisi\u00f3n del Senado el 15 de marzo de 2016. El prop\u00f3sito de la audiencia fue hablar de dos proyectos de ley pro-vida. Un\u2026","rel":"","context":"En \u00abAborto\u00bb","img":{"alt_text":"","src":"https:\/\/i2.wp.com\/catolicasmexico.com\/blog\/wp-content\/uploads\/2016\/07\/IMG_0784.jpg?resize=350%2C200","width":350,"height":200},"classes":[]},{"id":3838,"url":"http:\/\/catolicasmexico.com\/blog\/un-paramedico-ve-a-un-bebe-de-17-semanas-de-gestacion-producto-de-un-aborto-espontaneo-y-se-convierte-en-pro-de-la-vida\/","url_meta":{"origin":3443,"position":5},"title":"Un param\u00e9dico, ve a un beb\u00e9 de 17 semanas de gestaci\u00f3n, producto de un aborto espont\u00e1neo y se convierte en pro de la vida..","date":"3 julio 2015","format":false,"excerpt":"Foto de Beb\u00e9 Walter despu\u00e9s de un aborto espont\u00e1neo a las 19 semanas, 2 semanas m\u00e1s que el ni\u00f1o visto por David Baxter hace 25 a\u00f1os. La madre de Walter, Lexi, public\u00f3 estas fotos para probar la humanidad de su beb\u00e9. Por Nancy Flanders de LiveActionNews - en el sitio\u2026","rel":"","context":"En \u00abAborto\u00bb","img":{"alt_text":"","src":"https:\/\/i1.wp.com\/catolicasmexico.com\/blog\/wp-content\/uploads\/2015\/07\/20150703-103236.jpg?resize=350%2C200","width":350,"height":200},"classes":[]}],"jetpack_likes_enabled":false,"jetpack_sharing_enabled":true,"_links":{"self":[{"href":"http:\/\/catolicasmexico.com\/blog\/wp-json\/wp\/v2\/posts\/3443"}],"collection":[{"href":"http:\/\/catolicasmexico.com\/blog\/wp-json\/wp\/v2\/posts"}],"about":[{"href":"http:\/\/catolicasmexico.com\/blog\/wp-json\/wp\/v2\/types\/post"}],"author":[{"embeddable":true,"href":"http:\/\/catolicasmexico.com\/blog\/wp-json\/wp\/v2\/users\/2"}],"replies":[{"embeddable":true,"href":"http:\/\/catolicasmexico.com\/blog\/wp-json\/wp\/v2\/comments?post=3443"}],"version-history":[{"count":1,"href":"http:\/\/catolicasmexico.com\/blog\/wp-json\/wp\/v2\/posts\/3443\/revisions"}],"predecessor-version":[{"id":3444,"href":"http:\/\/catolicasmexico.com\/blog\/wp-json\/wp\/v2\/posts\/3443\/revisions\/3444"}],"wp:featuredmedia":[{"embeddable":true,"href":"http:\/\/catolicasmexico.com\/blog\/wp-json\/wp\/v2\/media\/3442"}],"wp:attachment":[{"href":"http:\/\/catolicasmexico.com\/blog\/wp-json\/wp\/v2\/media?parent=3443"}],"wp:term":[{"taxonomy":"category","embeddable":true,"href":"http:\/\/catolicasmexico.com\/blog\/wp-json\/wp\/v2\/categories?post=3443"},{"taxonomy":"post_tag","embeddable":true,"href":"http:\/\/catolicasmexico.com\/blog\/wp-json\/wp\/v2\/tags?post=3443"}],"curies":[{"name":"wp","href":"https:\/\/api.w.org\/{rel}","templated":true}]}}