{"id":341,"date":"2013-05-15T14:46:17","date_gmt":"2013-05-15T19:46:17","guid":{"rendered":"http:\/\/catolicasmexico.com\/blog\/?p=341"},"modified":"2013-05-15T14:47:57","modified_gmt":"2013-05-15T19:47:57","slug":"hola-espana-los-felicitamos-por-tanto-apoyo-a-las-mujeres-embarazada-en-dificultad-eso-es-caridad-y-verdadera-compasion-cristiana-dios-les-bendiga","status":"publish","type":"post","link":"http:\/\/catolicasmexico.com\/blog\/hola-espana-los-felicitamos-por-tanto-apoyo-a-las-mujeres-embarazada-en-dificultad-eso-es-caridad-y-verdadera-compasion-cristiana-dios-les-bendiga\/","title":{"rendered":"Hola Espa\u00f1a, los felicitamos, por tanto apoyo a las mujeres embarazada en dificultad, eso es caridad y verdadera compasi\u00f3n Cristiana. Dios les bendiga"},"content":{"rendered":"<p><a href=\"http:\/\/catolicasmexico.com\/blog\/wp-content\/uploads\/2013\/05\/image-21.jpeg\"><img data-attachment-id=\"342\" data-permalink=\"http:\/\/catolicasmexico.com\/blog\/hola-espana-los-felicitamos-por-tanto-apoyo-a-las-mujeres-embarazada-en-dificultad-eso-es-caridad-y-verdadera-compasion-cristiana-dios-les-bendiga\/image-21\/\" data-orig-file=\"http:\/\/catolicasmexico.com\/blog\/wp-content\/uploads\/2013\/05\/image-21.jpeg\" data-orig-size=\"858,1191\" data-comments-opened=\"1\" data-image-meta=\"{&quot;aperture&quot;:&quot;0&quot;,&quot;credit&quot;:&quot;&quot;,&quot;camera&quot;:&quot;&quot;,&quot;caption&quot;:&quot;&quot;,&quot;created_timestamp&quot;:&quot;0&quot;,&quot;copyright&quot;:&quot;&quot;,&quot;focal_length&quot;:&quot;0&quot;,&quot;iso&quot;:&quot;0&quot;,&quot;shutter_speed&quot;:&quot;0&quot;,&quot;title&quot;:&quot;&quot;,&quot;orientation&quot;:&quot;1&quot;}\" data-image-title=\"image (21)\" data-image-description=\"\" data-medium-file=\"http:\/\/catolicasmexico.com\/blog\/wp-content\/uploads\/2013\/05\/image-21-216x300.jpeg\" data-large-file=\"http:\/\/catolicasmexico.com\/blog\/wp-content\/uploads\/2013\/05\/image-21-738x1024.jpeg\" class=\"alignnone size-full wp-image-342\" title=\"image (21)\" src=\"http:\/\/catolicasmexico.com\/blog\/wp-content\/uploads\/2013\/05\/image-21.jpeg\" alt=\"\" width=\"858\" height=\"1191\" srcset=\"http:\/\/catolicasmexico.com\/blog\/wp-content\/uploads\/2013\/05\/image-21.jpeg 858w, http:\/\/catolicasmexico.com\/blog\/wp-content\/uploads\/2013\/05\/image-21.jpeg 768w, http:\/\/catolicasmexico.com\/blog\/wp-content\/uploads\/2013\/05\/image-21-216x300.jpeg 300w, http:\/\/catolicasmexico.com\/blog\/wp-content\/uploads\/2013\/05\/image-21-150x150.jpeg 150w\" sizes=\"100vw\" \/> <\/a><\/p>\n<p><strong>OBJETIVOS:<\/strong><\/p>\n<p>&nbsp;<\/p>\n<p>&#8211; \u00a0Crear un clima familiar que proporcione seguridad, tranquilidad y confianza a la futura mam\u00e1 y su beb\u00e9.<\/p>\n<p>&#8211; \u00a0Fomentar la adquisici\u00f3n y mantenimiento de relaciones sociales positivas.<\/p>\n<p>&#8211; \u00a0Promover el desarrollo de la autonom\u00eda personal.<\/p>\n<p>&#8211; \u00a0Ayudar a las mujeres a descubrir su dimensi\u00f3n trascendente de su existencia.<\/p>\n<p>&#8211; \u00a0Promover el desarrollo de una maternidad responsable<\/p>\n<p>&nbsp;<\/p>\n<p>Esta casa pretende ser un lugar donde se acoge a la futura madre, se le acompa\u00f1a responsablemente y se le ayuda a superar sus dificultades.<\/p>\n<p>Una Casa &#8211; Hogar Cristiano- en donde la vida sea la cotidiana buena noticia.<\/p>\n<div><\/div>\n<div><\/div>\n<div>Gracias por tu apoyo, recibe un cordial saludo<\/div>\n<div><\/div>\n<div align=\"center\">\n<div>\n<div><\/div>\n<div><\/div>\n<div>Juan Jos\u00e9 Panizo Izaguirre<\/div>\n<div>CIDEVIDA<\/div>\n<\/div>\n<\/div>\n","protected":false},"excerpt":{"rendered":"<p>OBJETIVOS: &nbsp; &#8211; \u00a0Crear un clima familiar que proporcione seguridad, tranquilidad y confianza a la futura mam\u00e1 y su beb\u00e9. &#8211; \u00a0Fomentar la adquisici\u00f3n y mantenimiento de relaciones sociales positivas. &#8211; \u00a0Promover el desarrollo de la autonom\u00eda personal. &#8211; \u00a0Ayudar a las mujeres a descubrir su dimensi\u00f3n trascendente de su existencia. &#8211; \u00a0Promover el desarrollo [&hellip;]<\/p>\n","protected":false},"author":2,"featured_media":342,"comment_status":"open","ping_status":"open","sticky":false,"template":"","format":"standard","meta":{"spay_email":"","jetpack_publicize_message":"","jetpack_is_tweetstorm":false},"categories":[27],"tags":[],"aioseo_notices":[],"jetpack_featured_media_url":"http:\/\/catolicasmexico.com\/blog\/wp-content\/uploads\/2013\/05\/image-21.jpeg","jetpack_publicize_connections":[],"jetpack_shortlink":"https:\/\/wp.me\/p3B5XH-5v","jetpack-related-posts":[{"id":1945,"url":"http:\/\/catolicasmexico.com\/blog\/espana-cidevida-pide-nuestro-apoyo-para-ayudar-a-las-mujeres-embarazadas-checalo\/","url_meta":{"origin":341,"position":0},"title":"Espa\u00f1a: CIDEVIDA pide nuestro apoyo para ayudar a las mujeres embarazadas.\u00a1Ch\u00e9calo!","date":"4 octubre 2013","format":false,"excerpt":"Estimado\/a defensor de la vida: Como probablemente conozcas, hace unos meses se inaugur\u00f3 una Casa de Acogida para madres gestantes en Gij\u00f3n (Asturias). Adjunto una carta de la Superiora. Es una estupenda realidad que como tienen plazas libres est\u00e1 a disposici\u00f3n de cualquier madre que pueda necesitarla. Te agradecemos de\u2026","rel":"","context":"En \u00abEspa\u00f1a\u00bb","img":{"alt_text":"","src":"https:\/\/i2.wp.com\/catolicasmexico.com\/blog\/wp-content\/uploads\/2013\/10\/20131004-105344.jpg?resize=350%2C200","width":350,"height":200},"classes":[]},{"id":2662,"url":"http:\/\/catolicasmexico.com\/blog\/el-pais-publica-un-sorprendente-reportaje-sobre-la-falta-de-ayudas-a-mujeres-que-no-quieren-abortar\/","url_meta":{"origin":341,"position":1},"title":"El Pa\u00eds publica un sorprendente reportaje sobre la falta de ayudas a mujeres que no quieren abortar","date":"6 marzo 2014","format":false,"excerpt":"Carmina Garc\u00eda-Vald\u00e9s, directora general de la fundaci\u00f3n RED MADRE. Presentamos este articulo que nos pareci\u00f3 muy interesante, en primer lugar porque fue publicado en un peri\u00f3dico de izquierda y en segundo lugar porque nos parece incre\u00edble el hecho que las madres que desean abortar reciban un sobre de informaci\u00f3n en\u2026","rel":"","context":"En \u00abAborto\u00bb","img":{"alt_text":"","src":"https:\/\/i0.wp.com\/catolicasmexico.com\/blog\/wp-content\/uploads\/2014\/03\/20140306-124919.jpg?resize=350%2C200","width":350,"height":200},"classes":[]},{"id":768,"url":"http:\/\/catolicasmexico.com\/blog\/los-hombres-y-el-aborto-que-debe-hacer-el-padre\/","url_meta":{"origin":341,"position":2},"title":"Los hombres y el aborto: \u00bfqu\u00e9 debe hacer el padre?","date":"2 julio 2013","format":false,"excerpt":"Publicado por Kristi Burton Brown para Life Action News 5 de Junio de 2013 Resumido y traducido del ingl\u00e9s por Elizabeth de la Teja Bosch para www.catolicasmexico.com No es un secreto que tanto hombres como mujeres sufren con la decisi\u00f3n del aborto. Y la mayor causa de sufrimiento para los\u2026","rel":"","context":"En \u00abAborto\u00bb","img":{"alt_text":"","src":"","width":0,"height":0},"classes":[]},{"id":3172,"url":"http:\/\/catolicasmexico.com\/blog\/santa-isabel-de-portugal-ruega-por-la-paz-en-nuestros-paises\/","url_meta":{"origin":341,"position":3},"title":"Santa Isabel de Portugal, ruega por la paz en nuestros pa\u00edses.","date":"4 julio 2014","format":false,"excerpt":"patrona de los territorios en guerra. Nacida en Arag\u00f3n, Espa\u00f1a en 1271, santa Isabel es la hija del rey Pedro III de ese reino y nieta del rey Jaime el Conquistador, biznieta del emperador Federico II de Alemania. Le pusieron Isabel en honor a su t\u00eda abuela, Santa Isabel de\u2026","rel":"","context":"En \u00abSantoral\u00bb","img":{"alt_text":"","src":"https:\/\/i1.wp.com\/catolicasmexico.com\/blog\/wp-content\/uploads\/2014\/07\/20140704-1103081.jpg?resize=350%2C200","width":350,"height":200},"classes":[]},{"id":2693,"url":"http:\/\/catolicasmexico.com\/blog\/carta-de-una-inmigrante\/","url_meta":{"origin":341,"position":4},"title":"Carta de una inmigrante","date":"10 marzo 2014","format":false,"excerpt":"Soy mexicana y vivo en Canad\u00e1, Quiero compartir con todos Ustedes, la historia de una muchacha de origen ruso, que se encuentra embarazada de su novio de origen mexicano, la llamaremos Natalia, para conservar su anonimato. Natalia le dijo de su embarazo a su patrona, su patrona le dijo a\u2026","rel":"","context":"En \u00abTestimonio\u00bb","img":{"alt_text":"","src":"https:\/\/i0.wp.com\/catolicasmexico.com\/blog\/wp-content\/uploads\/2014\/03\/20140312-2223321.jpg?resize=350%2C200","width":350,"height":200},"classes":[]},{"id":4260,"url":"http:\/\/catolicasmexico.com\/blog\/hillary-clinton-defensora-del-aborto-por-nacimiento-parcial\/","url_meta":{"origin":341,"position":5},"title":"Hillary Clinton, defensora del aborto por nacimiento parcial","date":"24 febrero 2016","format":false,"excerpt":"\u00a0 \u00a0 \u00a0 \u00a0 \u00a0 \u00a0 \u00a0 Durante el debate presidencial republicano del s\u00e1bado, el senador pro-vida de Florida Marco Rubio aclar\u00f3 que existe un enorme contraste con Hillary Clinton y su apoyo al aborto ilimitado Rubio dijo que la posici\u00f3n sobre el aborto de Clinton es \"extrema\", agregando que\u2026","rel":"","context":"En \u00abAborto\u00bb","img":{"alt_text":"","src":"https:\/\/i1.wp.com\/catolicasmexico.com\/blog\/wp-content\/uploads\/2016\/02\/hillaryclinton19.png?resize=350%2C200","width":350,"height":200},"classes":[]}],"jetpack_likes_enabled":false,"jetpack_sharing_enabled":true,"_links":{"self":[{"href":"http:\/\/catolicasmexico.com\/blog\/wp-json\/wp\/v2\/posts\/341"}],"collection":[{"href":"http:\/\/catolicasmexico.com\/blog\/wp-json\/wp\/v2\/posts"}],"about":[{"href":"http:\/\/catolicasmexico.com\/blog\/wp-json\/wp\/v2\/types\/post"}],"author":[{"embeddable":true,"href":"http:\/\/catolicasmexico.com\/blog\/wp-json\/wp\/v2\/users\/2"}],"replies":[{"embeddable":true,"href":"http:\/\/catolicasmexico.com\/blog\/wp-json\/wp\/v2\/comments?post=341"}],"version-history":[{"count":4,"href":"http:\/\/catolicasmexico.com\/blog\/wp-json\/wp\/v2\/posts\/341\/revisions"}],"predecessor-version":[{"id":346,"href":"http:\/\/catolicasmexico.com\/blog\/wp-json\/wp\/v2\/posts\/341\/revisions\/346"}],"wp:featuredmedia":[{"embeddable":true,"href":"http:\/\/catolicasmexico.com\/blog\/wp-json\/wp\/v2\/media\/342"}],"wp:attachment":[{"href":"http:\/\/catolicasmexico.com\/blog\/wp-json\/wp\/v2\/media?parent=341"}],"wp:term":[{"taxonomy":"category","embeddable":true,"href":"http:\/\/catolicasmexico.com\/blog\/wp-json\/wp\/v2\/categories?post=341"},{"taxonomy":"post_tag","embeddable":true,"href":"http:\/\/catolicasmexico.com\/blog\/wp-json\/wp\/v2\/tags?post=341"}],"curies":[{"name":"wp","href":"https:\/\/api.w.org\/{rel}","templated":true}]}}