{"id":34,"date":"2013-04-23T19:58:09","date_gmt":"2013-04-23T19:58:09","guid":{"rendered":"http:\/\/catolicasmexico.com\/blog\/?p=34"},"modified":"2013-04-25T21:02:27","modified_gmt":"2013-04-26T02:02:27","slug":"ponte-en-sus-zapatos","status":"publish","type":"post","link":"http:\/\/catolicasmexico.com\/blog\/ponte-en-sus-zapatos\/","title":{"rendered":"Ponte en sus zapatos&#8230;"},"content":{"rendered":"<p><a href=\"http:\/\/catolicasmexico.com\/blog\/wp-content\/uploads\/2013\/04\/image-1.jpeg\"><img data-attachment-id=\"61\" data-permalink=\"http:\/\/catolicasmexico.com\/blog\/ponte-en-sus-zapatos\/image-1\/\" data-orig-file=\"http:\/\/catolicasmexico.com\/blog\/wp-content\/uploads\/2013\/04\/image-1.jpeg\" data-orig-size=\"621,480\" data-comments-opened=\"1\" data-image-meta=\"{&quot;aperture&quot;:&quot;0&quot;,&quot;credit&quot;:&quot;&quot;,&quot;camera&quot;:&quot;&quot;,&quot;caption&quot;:&quot;&quot;,&quot;created_timestamp&quot;:&quot;0&quot;,&quot;copyright&quot;:&quot;&quot;,&quot;focal_length&quot;:&quot;0&quot;,&quot;iso&quot;:&quot;0&quot;,&quot;shutter_speed&quot;:&quot;0&quot;,&quot;title&quot;:&quot;&quot;,&quot;orientation&quot;:&quot;0&quot;}\" data-image-title=\"image (1)\" data-image-description=\"\" data-medium-file=\"http:\/\/catolicasmexico.com\/blog\/wp-content\/uploads\/2013\/04\/image-1-300x232.jpeg\" data-large-file=\"http:\/\/catolicasmexico.com\/blog\/wp-content\/uploads\/2013\/04\/image-1.jpeg\" class=\"alignnone size-full wp-image-61\" title=\"image (1)\" src=\"http:\/\/catolicasmexico.com\/blog\/wp-content\/uploads\/2013\/04\/image-1.jpeg\" alt=\"\" width=\"621\" height=\"480\" srcset=\"http:\/\/catolicasmexico.com\/blog\/wp-content\/uploads\/2013\/04\/image-1.jpeg 621w, http:\/\/catolicasmexico.com\/blog\/wp-content\/uploads\/2013\/04\/image-1-300x232.jpeg 300w, http:\/\/catolicasmexico.com\/blog\/wp-content\/uploads\/2013\/04\/image-1-150x150.jpeg 150w\" sizes=\"100vw\" \/> <\/a><\/p>\n<p><a href=\"http:\/\/www.facebook.com\/plvcr\">www.facebook.com\/plvcr<\/a><\/p>\n","protected":false},"excerpt":{"rendered":"<p>www.facebook.com\/plvcr<\/p>\n","protected":false},"author":2,"featured_media":61,"comment_status":"open","ping_status":"open","sticky":false,"template":"","format":"standard","meta":{"spay_email":"","jetpack_publicize_message":"","jetpack_is_tweetstorm":false},"categories":[9,14],"tags":[],"aioseo_notices":[],"jetpack_featured_media_url":"http:\/\/catolicasmexico.com\/blog\/wp-content\/uploads\/2013\/04\/image-1.jpeg","jetpack_publicize_connections":[],"jetpack_shortlink":"https:\/\/wp.me\/p3B5XH-y","jetpack-related-posts":[{"id":3075,"url":"http:\/\/catolicasmexico.com\/blog\/chile-dice-no-al-aborto\/","url_meta":{"origin":34,"position":0},"title":"Chile dice no al aborto.","date":"21 junio 2014","format":false,"excerpt":"Compartimos este mensaje \u00a1pro vida en uni\u00f3n de oraci\u00f3n!","rel":"","context":"En \u00abAborto\u00bb","img":{"alt_text":"","src":"https:\/\/i2.wp.com\/catolicasmexico.com\/blog\/wp-content\/uploads\/2014\/06\/20140621-161318.jpg?resize=350%2C200","width":350,"height":200},"classes":[]},{"id":1295,"url":"http:\/\/catolicasmexico.com\/blog\/el-ymca-niega-a-los-estudiantes-pro-vida-la-utilizacion-de-sus-instalaciones-en-texas\/","url_meta":{"origin":34,"position":1},"title":"El YMCA niega a los estudiantes pro-vida la utilizaci\u00f3n de sus instalaciones en Texas.","date":"15 julio 2013","format":false,"excerpt":"AUSTIN, TX, Julio 10, 2013 (LifeSiteNews.com) Traducci\u00f3n y edici\u00f3n libre Monica Y. A. de www.catolicasmexico.com Una sucursal local del YMCA no ha ofrecido ninguna disculpa por haber obligado a retirarse de las instalaciones a un grupo de estudiantes pro-vida tras las quejas de grupos activistas pro-aborto. Estudiantes por la Vida\u2026","rel":"","context":"En \u00abAborto\u00bb","img":{"alt_text":"","src":"","width":0,"height":0},"classes":[]},{"id":1559,"url":"http:\/\/catolicasmexico.com\/blog\/pro-vidas-convocan-marcha-en-rechazo-al-aborto-en-bolivia\/","url_meta":{"origin":34,"position":2},"title":"Pro-vidas convocan marcha en rechazo al aborto en Bolivia","date":"9 agosto 2013","format":false,"excerpt":"Unidos en oraci\u00f3n por la causa de la vida. LA PAZ, 08 Ago. 13 \/ 11:17 pm (ACI\/EWTN Noticias).- La Plataforma por La Vida, que re\u00fane a varias entidades y personalidades de Santa Cruz (Bolivia), convoc\u00f3 para el 22 de agosto a una marcha en rechazo a la posible despenalizaci\u00f3n\u2026","rel":"","context":"En \u00abAborto\u00bb","img":{"alt_text":"","src":"","width":0,"height":0},"classes":[]},{"id":2859,"url":"http:\/\/catolicasmexico.com\/blog\/marcha-por-la-vida-en-mexico-este-sabado\/","url_meta":{"origin":34,"position":3},"title":"Marcha por la Vida en M\u00e9xico este s\u00e1bado","date":"26 abril 2014","format":false,"excerpt":"M\u00c9XICO D.F., 26 Abr. 13 \/ 04:12 pm (ACI\/EWTN Noticias).- Miles de personas marchar\u00e1n este s\u00e1bado 27 de abril en el Distrito Federal en M\u00e9xico, para exigir la derogaci\u00f3n de la ley que permite el aborto que fue aprobada por la Asamblea legislativa del pa\u00eds hace seis a\u00f1os y que\u2026","rel":"","context":"En \u00abAborto\u00bb","img":{"alt_text":"","src":"https:\/\/i0.wp.com\/catolicasmexico.com\/blog\/wp-content\/uploads\/2014\/04\/20140426-091046.jpg?resize=350%2C200","width":350,"height":200},"classes":[]},{"id":2790,"url":"http:\/\/catolicasmexico.com\/blog\/268-ninos-salvados-del-aborto\/","url_meta":{"origin":34,"position":4},"title":"268 ni\u00f1os salvados del aborto.","date":"31 marzo 2014","format":false,"excerpt":"Esta es la buena noticia del d\u00eda! Ni el viento ni la nieve han podido detener al grupo de gente que reza frente a las cl\u00ednicas de aborto alrededor del mundo,en el vig\u00e9simo segundo d\u00eda de Cuaresma de la campa\u00f1a de 40 d\u00edas por la vida que fue lanzada el\u2026","rel":"","context":"En \u00ab40 D\u00edas por la vida\u00bb","img":{"alt_text":"","src":"https:\/\/i1.wp.com\/catolicasmexico.com\/blog\/wp-content\/uploads\/2014\/03\/20140331-175701.jpg?resize=350%2C200","width":350,"height":200},"classes":[]},{"id":2185,"url":"http:\/\/catolicasmexico.com\/blog\/que-mexico-viva\/","url_meta":{"origin":34,"position":5},"title":"\u00a1Que M\u00e9xico...Viva!","date":"5 diciembre 2013","format":false,"excerpt":"Los invitamos al evento provida en la ciudad de Puebla de los Angeles.","rel":"","context":"En \u00abAborto\u00bb","img":{"alt_text":"","src":"https:\/\/i1.wp.com\/catolicasmexico.com\/blog\/wp-content\/uploads\/2013\/12\/20131205-203200.jpg?resize=350%2C200","width":350,"height":200},"classes":[]}],"jetpack_likes_enabled":false,"jetpack_sharing_enabled":true,"_links":{"self":[{"href":"http:\/\/catolicasmexico.com\/blog\/wp-json\/wp\/v2\/posts\/34"}],"collection":[{"href":"http:\/\/catolicasmexico.com\/blog\/wp-json\/wp\/v2\/posts"}],"about":[{"href":"http:\/\/catolicasmexico.com\/blog\/wp-json\/wp\/v2\/types\/post"}],"author":[{"embeddable":true,"href":"http:\/\/catolicasmexico.com\/blog\/wp-json\/wp\/v2\/users\/2"}],"replies":[{"embeddable":true,"href":"http:\/\/catolicasmexico.com\/blog\/wp-json\/wp\/v2\/comments?post=34"}],"version-history":[{"count":8,"href":"http:\/\/catolicasmexico.com\/blog\/wp-json\/wp\/v2\/posts\/34\/revisions"}],"predecessor-version":[{"id":85,"href":"http:\/\/catolicasmexico.com\/blog\/wp-json\/wp\/v2\/posts\/34\/revisions\/85"}],"wp:featuredmedia":[{"embeddable":true,"href":"http:\/\/catolicasmexico.com\/blog\/wp-json\/wp\/v2\/media\/61"}],"wp:attachment":[{"href":"http:\/\/catolicasmexico.com\/blog\/wp-json\/wp\/v2\/media?parent=34"}],"wp:term":[{"taxonomy":"category","embeddable":true,"href":"http:\/\/catolicasmexico.com\/blog\/wp-json\/wp\/v2\/categories?post=34"},{"taxonomy":"post_tag","embeddable":true,"href":"http:\/\/catolicasmexico.com\/blog\/wp-json\/wp\/v2\/tags?post=34"}],"curies":[{"name":"wp","href":"https:\/\/api.w.org\/{rel}","templated":true}]}}