{"id":334,"date":"2013-05-15T01:37:02","date_gmt":"2013-05-15T06:37:02","guid":{"rendered":"http:\/\/catolicasmexico.com\/blog\/?p=334"},"modified":"2013-05-15T01:38:42","modified_gmt":"2013-05-15T06:38:42","slug":"papa-sorprende-a-los-participantes-de-la-marcha-por-la-vida-en-roma","status":"publish","type":"post","link":"http:\/\/catolicasmexico.com\/blog\/papa-sorprende-a-los-participantes-de-la-marcha-por-la-vida-en-roma\/","title":{"rendered":"Papa sorprende a los participantes de la marcha por la vida en Roma"},"content":{"rendered":"<p><a href=\"http:\/\/catolicasmexico.com\/blog\/wp-content\/uploads\/2013\/05\/image-20.jpeg\"><img data-attachment-id=\"335\" data-permalink=\"http:\/\/catolicasmexico.com\/blog\/papa-sorprende-a-los-participantes-de-la-marcha-por-la-vida-en-roma\/image-20\/\" data-orig-file=\"http:\/\/catolicasmexico.com\/blog\/wp-content\/uploads\/2013\/05\/image-20.jpeg\" data-orig-size=\"500,340\" data-comments-opened=\"1\" data-image-meta=\"{&quot;aperture&quot;:&quot;0&quot;,&quot;credit&quot;:&quot;&quot;,&quot;camera&quot;:&quot;&quot;,&quot;caption&quot;:&quot;&quot;,&quot;created_timestamp&quot;:&quot;0&quot;,&quot;copyright&quot;:&quot;&quot;,&quot;focal_length&quot;:&quot;0&quot;,&quot;iso&quot;:&quot;0&quot;,&quot;shutter_speed&quot;:&quot;0&quot;,&quot;title&quot;:&quot;&quot;,&quot;orientation&quot;:&quot;0&quot;}\" data-image-title=\"image (20)\" data-image-description=\"\" data-medium-file=\"http:\/\/catolicasmexico.com\/blog\/wp-content\/uploads\/2013\/05\/image-20-300x204.jpeg\" data-large-file=\"http:\/\/catolicasmexico.com\/blog\/wp-content\/uploads\/2013\/05\/image-20.jpeg\" class=\"alignnone size-medium wp-image-335\" src=\"http:\/\/catolicasmexico.com\/blog\/wp-content\/uploads\/2013\/05\/image-20-300x204.jpg\" alt=\"\" width=\"300\" height=\"204\" srcset=\"http:\/\/catolicasmexico.com\/blog\/wp-content\/uploads\/2013\/05\/image-20-300x204.jpg 300w, http:\/\/catolicasmexico.com\/blog\/wp-content\/uploads\/2013\/05\/image-20-150x150.jpeg 150w\" sizes=\"100vw\" \/> <\/a><\/p>\n<p>VATICANO, 13 May. 13 \/ 08:19 pm (<a href=\"http:\/\/www.aciprensa.com\/\" target=\"_blank\"><strong>ACI\/EWTN Noticias<\/strong><\/a>).- Gran sorpresa se llevaron los participantes de la tercera Marcha por la\u00a0<a href=\"http:\/\/www.aciprensa.com\/vida\" target=\"_blank\">Vida<\/a>\u00a0en Roma, el domingo 12 de mayo, cuando al finalizar su recorrido hasta el Castillo San Angelo, vieron aproximarse hasta la primera cuadra de la Via della Conciliazione al Papa Francisco en su papam\u00f3vil, y aprovecharon para expresarle su afecto a trav\u00e9s de aplausos y vivas.<\/p>\n<p>Este recorrido que hace el Santo Padre fuera de la Plaza de San Pedro ha sido frecuente en las \u00faltimas semanas, pero esta fue especial para todos aquellos que luego de marchar a favor de la vida pudieron verlo.<\/p>\n<p>\u201cHa sido una gran alegr\u00eda para nosotros porque no lo esper\u00e1bamos, s\u00f3lo esper\u00e1bamos su mensaje\u201d, relat\u00f3 para\u00a0<a href=\"http:\/\/www.aciprensa.com\/\" target=\"_blank\">ACI<\/a>\u00a0Prensa el 13 de mayo, la vocera de Marcha por la Vida, Virginia Coda Nunziante.<\/p>\n<p>Fueron m\u00e1s de 20 mil personas que participaron en la marcha provida y que al llegar a la Via della Conciliazione, se detuvieron para participar rezo del Regina Coeli\u00a0 y escucharon el saludo que el Pont\u00edfice les hizo en su mensaje.<\/p>\n<p>\u201cSaludo a los participantes de la Marcha por la Vida realizada en Roma esta ma\u00f1ana y e invito a todos a mantener viva la atenci\u00f3n de todos sobre el tema tan importante del respeto por la vida humana desde el momento de su concepci\u00f3n\u201d, exhort\u00f3 el Santo Padre.<\/p>\n<p>Coda dijo que \u201ccreo que el Papa Francisco entiende la importancia de esto (marcha) y nos alienta\u00a0 a todos los cat\u00f3licos a ponernos de pie en contra del aborto\u201d.<\/p>\n","protected":false},"excerpt":{"rendered":"<p>VATICANO, 13 May. 13 \/ 08:19 pm (ACI\/EWTN Noticias).- Gran sorpresa se llevaron los participantes de la tercera Marcha por la\u00a0Vida\u00a0en Roma, el domingo 12 de mayo, cuando al finalizar su recorrido hasta el Castillo San Angelo, vieron aproximarse hasta la primera cuadra de la Via della Conciliazione al Papa Francisco en su papam\u00f3vil, y [&hellip;]<\/p>\n","protected":false},"author":2,"featured_media":335,"comment_status":"open","ping_status":"open","sticky":false,"template":"","format":"standard","meta":{"spay_email":"","jetpack_publicize_message":"","jetpack_is_tweetstorm":false},"categories":[9,13],"tags":[],"aioseo_notices":[],"jetpack_featured_media_url":"http:\/\/catolicasmexico.com\/blog\/wp-content\/uploads\/2013\/05\/image-20.jpeg","jetpack_publicize_connections":[],"jetpack_shortlink":"https:\/\/wp.me\/p3B5XH-5o","jetpack-related-posts":[{"id":311,"url":"http:\/\/catolicasmexico.com\/blog\/20-mil-marcharon-en-roma-por-la-vida-y-contra-el-aborto\/","url_meta":{"origin":334,"position":0},"title":"20 mil marcharon en Roma por la vida y contra el aborto","date":"14 mayo 2013","format":false,"excerpt":"ROMA, 13 May. 13 \/ 12:29 pm (ACI\/EWTN Noticias).- M\u00e1s de 20 mil personas, entre italianos y extranjeros, salieron ayer a las calles de Roma (Italia) en un ambiente festivo para participar de la tercera Marcha por la\u00a0Vida, en la que se pidi\u00f3 respetar este derecho humano inalienable y para\u2026","rel":"","context":"En \u00abAborto\u00bb","img":{"alt_text":"","src":"https:\/\/i2.wp.com\/catolicasmexico.com\/blog\/wp-content\/uploads\/2013\/05\/ppbebevientre03042013.jpg?resize=350%2C200","width":350,"height":200},"classes":[]},{"id":402,"url":"http:\/\/catolicasmexico.com\/blog\/el-vaticano-ofrecera-conferencia-mundial-provida-y-misa-papal\/","url_meta":{"origin":334,"position":1},"title":"El Vaticano ofrecer\u00e1 conferencia mundial provida y misa papal","date":"20 mayo 2013","format":false,"excerpt":"Por Austin Ruse ROMA, 17 de mayo (C-FAM) Los provida contuvieron el aliento el d\u00eda en el que el mundo recibi\u00f3 al nuevo Papa. No cuestionaban sus credenciales a favor de la vida, pero se preguntaban si su discurso ser\u00eda en\u00e9rgico. Pronto surgi\u00f3 una vieja cita y las inquietudes se\u2026","rel":"","context":"En \u00abAborto\u00bb","img":{"alt_text":"","src":"https:\/\/i2.wp.com\/catolicasmexico.com\/blog\/wp-content\/uploads\/2013\/05\/image-30.jpeg?resize=350%2C200","width":350,"height":200},"classes":[]},{"id":278,"url":"http:\/\/catolicasmexico.com\/blog\/marcha-por-la-vida-en-italia\/","url_meta":{"origin":334,"position":2},"title":"Marcha por la vida en Italia.","date":"12 mayo 2013","format":false,"excerpt":"Este domingo 12 de mayo, en Roma, los italianos, cada vez en mayor n\u00famero, salen a la calle y alzan su voz por los m\u00e1s indefensos. Si est\u00e1s en Roma esos d\u00edas suma tu voz por los ni\u00f1os en el seno materno y por sus madres. \u00a0 REDACCI\u00d3N HO.- La\u2026","rel":"","context":"En \u00abAborto\u00bb","img":{"alt_text":"","src":"https:\/\/i2.wp.com\/catolicasmexico.com\/blog\/wp-content\/uploads\/2013\/05\/image-131.jpeg?resize=350%2C200","width":350,"height":200},"classes":[]},{"id":2781,"url":"http:\/\/catolicasmexico.com\/blog\/ayaviri-peru-se-marcha-por-la-vida\/","url_meta":{"origin":334,"position":3},"title":"Ayaviri Per\u00fa se marcha por la Vida.","date":"28 marzo 2014","format":false,"excerpt":"El P. Coquelet dijo para ACI Prensa que \u201csalimos en procesi\u00f3n con nuestros cantos y oraciones para dar gracias a Dios por el gran regalo que es nuestra vida y tambi\u00e9n para pedir por los ni\u00f1os que han sido asesinados en los vientres de sus madres, para que Dios perdone\u2026","rel":"","context":"En \u00abAborto\u00bb","img":{"alt_text":"","src":"https:\/\/i2.wp.com\/catolicasmexico.com\/blog\/wp-content\/uploads\/2014\/03\/20140328-1435141.jpg?resize=350%2C200","width":350,"height":200},"classes":[]},{"id":2765,"url":"http:\/\/catolicasmexico.com\/blog\/no-al-aborto-mas-de-500-organizaciones-en-marcha-por-la-vida-la-mujer-y-la-maternidad\/","url_meta":{"origin":334,"position":4},"title":"No al aborto: M\u00e1s de 500 organizaciones en Marcha por la Vida, la Mujer y la Maternidad","date":"21 marzo 2014","format":false,"excerpt":"MADRID, 21 Mar. 14 \/ 11:44 am (ACI\/Europa Press).- La Marcha por la Vida, la Mujer y la Maternidad, convocada por las m\u00e1s de 500 asociaciones y entidades que integran la Plataforma S\u00ed a la Vida, discurrir\u00e1 el pr\u00f3ximo domingo, D\u00eda Internacional de la Vida, desde Cibeles hasta la Puerta\u2026","rel":"","context":"En \u00abEspa\u00f1a\u00bb","img":{"alt_text":"","src":"https:\/\/i0.wp.com\/catolicasmexico.com\/blog\/wp-content\/uploads\/2014\/03\/20140321-232052.jpg?resize=350%2C200","width":350,"height":200},"classes":[]},{"id":2859,"url":"http:\/\/catolicasmexico.com\/blog\/marcha-por-la-vida-en-mexico-este-sabado\/","url_meta":{"origin":334,"position":5},"title":"Marcha por la Vida en M\u00e9xico este s\u00e1bado","date":"26 abril 2014","format":false,"excerpt":"M\u00c9XICO D.F., 26 Abr. 13 \/ 04:12 pm (ACI\/EWTN Noticias).- Miles de personas marchar\u00e1n este s\u00e1bado 27 de abril en el Distrito Federal en M\u00e9xico, para exigir la derogaci\u00f3n de la ley que permite el aborto que fue aprobada por la Asamblea legislativa del pa\u00eds hace seis a\u00f1os y que\u2026","rel":"","context":"En \u00abAborto\u00bb","img":{"alt_text":"","src":"https:\/\/i0.wp.com\/catolicasmexico.com\/blog\/wp-content\/uploads\/2014\/04\/20140426-091046.jpg?resize=350%2C200","width":350,"height":200},"classes":[]}],"jetpack_likes_enabled":false,"jetpack_sharing_enabled":true,"_links":{"self":[{"href":"http:\/\/catolicasmexico.com\/blog\/wp-json\/wp\/v2\/posts\/334"}],"collection":[{"href":"http:\/\/catolicasmexico.com\/blog\/wp-json\/wp\/v2\/posts"}],"about":[{"href":"http:\/\/catolicasmexico.com\/blog\/wp-json\/wp\/v2\/types\/post"}],"author":[{"embeddable":true,"href":"http:\/\/catolicasmexico.com\/blog\/wp-json\/wp\/v2\/users\/2"}],"replies":[{"embeddable":true,"href":"http:\/\/catolicasmexico.com\/blog\/wp-json\/wp\/v2\/comments?post=334"}],"version-history":[{"count":4,"href":"http:\/\/catolicasmexico.com\/blog\/wp-json\/wp\/v2\/posts\/334\/revisions"}],"predecessor-version":[{"id":340,"href":"http:\/\/catolicasmexico.com\/blog\/wp-json\/wp\/v2\/posts\/334\/revisions\/340"}],"wp:featuredmedia":[{"embeddable":true,"href":"http:\/\/catolicasmexico.com\/blog\/wp-json\/wp\/v2\/media\/335"}],"wp:attachment":[{"href":"http:\/\/catolicasmexico.com\/blog\/wp-json\/wp\/v2\/media?parent=334"}],"wp:term":[{"taxonomy":"category","embeddable":true,"href":"http:\/\/catolicasmexico.com\/blog\/wp-json\/wp\/v2\/categories?post=334"},{"taxonomy":"post_tag","embeddable":true,"href":"http:\/\/catolicasmexico.com\/blog\/wp-json\/wp\/v2\/tags?post=334"}],"curies":[{"name":"wp","href":"https:\/\/api.w.org\/{rel}","templated":true}]}}