{"id":331,"date":"2013-05-15T08:30:31","date_gmt":"2013-05-15T13:30:31","guid":{"rendered":"http:\/\/catolicasmexico.com\/blog\/?p=331"},"modified":"2013-05-14T22:22:53","modified_gmt":"2013-05-15T03:22:53","slug":"mike-huckabee-entrevisto-para-fox-news-a-un-reportero-con-experiencia-de-26-anos-en-tribunales-y-que-confiesa-que-es-lo-peor-que-ha-vivido","status":"publish","type":"post","link":"http:\/\/catolicasmexico.com\/blog\/mike-huckabee-entrevisto-para-fox-news-a-un-reportero-con-experiencia-de-26-anos-en-tribunales-y-que-confiesa-que-es-lo-peor-que-ha-vivido\/","title":{"rendered":"Mike Huckabee entrevist\u00f3 para Fox News a un reportero con experiencia de 26 a\u00f1os en tribunales, y que confiesa que es \u00ablo peor\u00bb que ha vivido"},"content":{"rendered":"<p>Articulo de Religi\u00f3n en\u00a0<a href=\"http:\/\/libertad.com\/\" target=\"_blank\">Libertad.com<\/a><\/p>\n<p><a href=\"http:\/\/catolicasmexico.com\/blog\/wp-content\/uploads\/2013\/05\/image-41.jpeg\"><img data-attachment-id=\"332\" data-permalink=\"http:\/\/catolicasmexico.com\/blog\/mike-huckabee-entrevisto-para-fox-news-a-un-reportero-con-experiencia-de-26-anos-en-tribunales-y-que-confiesa-que-es-lo-peor-que-ha-vivido\/image-4-3\/\" data-orig-file=\"http:\/\/catolicasmexico.com\/blog\/wp-content\/uploads\/2013\/05\/image-41.jpeg\" data-orig-size=\"615,345\" data-comments-opened=\"1\" data-image-meta=\"{&quot;aperture&quot;:&quot;0&quot;,&quot;credit&quot;:&quot;&quot;,&quot;camera&quot;:&quot;&quot;,&quot;caption&quot;:&quot;&quot;,&quot;created_timestamp&quot;:&quot;0&quot;,&quot;copyright&quot;:&quot;&quot;,&quot;focal_length&quot;:&quot;0&quot;,&quot;iso&quot;:&quot;0&quot;,&quot;shutter_speed&quot;:&quot;0&quot;,&quot;title&quot;:&quot;&quot;,&quot;orientation&quot;:&quot;0&quot;}\" data-image-title=\"image (4)\" data-image-description=\"\" data-medium-file=\"http:\/\/catolicasmexico.com\/blog\/wp-content\/uploads\/2013\/05\/image-41-300x168.jpeg\" data-large-file=\"http:\/\/catolicasmexico.com\/blog\/wp-content\/uploads\/2013\/05\/image-41.jpeg\" class=\"alignnone size-medium wp-image-332\" title=\"image (4)\" src=\"http:\/\/catolicasmexico.com\/blog\/wp-content\/uploads\/2013\/05\/image-41-300x168.jpg\" alt=\"\" width=\"300\" height=\"168\" srcset=\"http:\/\/catolicasmexico.com\/blog\/wp-content\/uploads\/2013\/05\/image-41-300x168.jpg 300w, http:\/\/catolicasmexico.com\/blog\/wp-content\/uploads\/2013\/05\/image-41-150x150.jpeg 150w\" sizes=\"100vw\" \/> <\/a><\/p>\n<p><a href=\"http:\/\/www.religionenlibertad.com\/contactar.asp?idarticulo=29132\" target=\"_blank\"><span style=\"color: #000000; font-family: Helvetica;\">C.L. \/ ReL<\/span><\/a><\/p>\n<p>A pesar del escandaloso silencio de los grandes medios, el\u00a0<em>establishment<\/em>\u00a0proabortista no ha podido evitar que se siga el\u00a0<strong>juicio contra el doctor Kermit Gosnell, propietario de una cl\u00ednica donde se asesin\u00f3 a m\u00e1s de un centenar de beb\u00e9s<\/strong>\u00a0nacidos vivos del aborto. Tras agon\u00edas de incluso veinte minutos, se les seccionaba la m\u00e9dula espinal con unas tijeras.<\/p>\n<p>Al principio apenas ning\u00fan medio relevante cubr\u00eda el caso, y los asientos destinados a la prensa (a pesar de tratarse de\u00a0<strong>uno de los mayores asesinos de la historia de los Estados Unidos<\/strong>) estaban vac\u00edos, como muestran las im\u00e1genes del v\u00eddeo que enlazamos abajo.<\/p>\n<p>Pero uno de los que s\u00ed han estado desde el principio es un periodista local,\u00a0<strong>J.D. Mullane, reportero del\u00a0<em>Bucks County Courier Times<\/em><\/strong>. El ex aspirante a la nominaci\u00f3n republicana\u00a0<strong>Mike Huckabee le entrevist\u00f3 para la Fox News<\/strong>\u00a0-que s\u00ed est\u00e1 respondiendo a ese elemental deber de \u00e9tica profesional-, y sirvi\u00f3 para percibir hasta qu\u00e9 punto escuchar lo que suced\u00eda en ese abortorio de Filadelfia est\u00e1 cambiando la mentalidad sobre el aborto de muchos de los asistentes.<\/p>\n<p><span>\u00abNo puedes escuchar sin cambiar\u00bb<\/span><br \/>\n\u00abEl caso del doctor Gosnell\u00a0<strong>ha hecho caer la cortina sobre la violencia inherente al aborto<\/strong>. No te puedes sentar semana tras semana, d\u00eda tras d\u00eda, ante ese tribunal y escuchar lo que hace el aborto a los no nacidos, a los ni\u00f1os y a las mujeres (Gosnell tambi\u00e9n est\u00e1 encausado por la muerte de una de ellas), escuchar todos esos testimonios, y no cambiar, no cambiar tu coraz\u00f3n, o al menos no reconsiderar seriamente tu postura\u00bb, confiesa Mullane.<\/p>\n<p>\u00abLlevo 26 a\u00f1os en este trabajo [cubriendo tribunales y sucesos] y esto es lo peor, y a muchos niveles\u00bb, a\u00f1ade: \u00abNo s\u00f3lo por lo que el doctor Gosnell hac\u00eda, sino por<strong>\u00a0<\/strong>la<strong>indiferencia de las autoridades sanitarias, que durante diecisiete a\u00f1os jam\u00e1s inspeccionaron ninguna de las 22 cl\u00ednicas<\/strong>\u00a0del estado donde se practican abortos\u00bb.<\/p>\n<p>\u00abSe trat\u00f3 de\u00a0<strong>una decisi\u00f3n pol\u00edtica<\/strong>\u00ab, explica el periodista, y pone nombre y apellidos a quien la tom\u00f3 \u00abdeliberadamente para facilitar a las mujeres el aborto en Pennsylvania\u00bb:<strong>Tom Ridge, gobernador del estado en 1995, republicano proabortista<\/strong>.<\/p>\n<p>Mullane no es el \u00fanico que ha cambiado con este juicio: \u00abJunto a m\u00ed se sienta un periodista que escribe para otro peri\u00f3dico local. Me dijo que \u00e9l es muy progresista, muy partidario del aborto, pero que<strong>\u00a0tras escuchar los testimonios del juicio Gosnell, est\u00e1 reconsider\u00e1ndolo<\/strong>. Ha cambiado de opini\u00f3n\u00bb.<\/p>\n<p>\u00bfPor qu\u00e9? Mullane da con la clave: \u00ab\u00c9sta es la fuerza del juicio Gosnell. Durante cuarenta a\u00f1os [referencia a la sentencia Roe vs Wade que legaliz\u00f3 el aborto en Estados Unidos en 1973], el aborto en este pa\u00eds se ha marginado en la opini\u00f3n p\u00fablica. Pero\u00a0<strong>esto es un tribunal<\/strong>, y los testimonios que se prestan bajo juramento y las pruebas que se presentan son reales. Es un caso fundamental. El testimonio de un solo testigo tiene\u00a0<strong>mucho m\u00e1s peso que todos los editoriales a favor del aborto que han aparecido en\u00a0<em>The New York Times<\/em><\/strong><\/p>\n","protected":false},"excerpt":{"rendered":"<p>Articulo de Religi\u00f3n en\u00a0Libertad.com C.L. \/ ReL A pesar del escandaloso silencio de los grandes medios, el\u00a0establishment\u00a0proabortista no ha podido evitar que se siga el\u00a0juicio contra el doctor Kermit Gosnell, propietario de una cl\u00ednica donde se asesin\u00f3 a m\u00e1s de un centenar de beb\u00e9s\u00a0nacidos vivos del aborto. Tras agon\u00edas de incluso veinte minutos, se les [&hellip;]<\/p>\n","protected":false},"author":2,"featured_media":332,"comment_status":"open","ping_status":"open","sticky":false,"template":"","format":"standard","meta":{"spay_email":"","jetpack_publicize_message":"","jetpack_is_tweetstorm":false},"categories":[9],"tags":[],"aioseo_notices":[],"jetpack_featured_media_url":"http:\/\/catolicasmexico.com\/blog\/wp-content\/uploads\/2013\/05\/image-41.jpeg","jetpack_publicize_connections":[],"jetpack_shortlink":"https:\/\/wp.me\/p3B5XH-5l","jetpack-related-posts":[{"id":386,"url":"http:\/\/catolicasmexico.com\/blog\/con-150-vallas-publicitarias-solicitaran-aborto-cero\/","url_meta":{"origin":331,"position":0},"title":"Con 150 vallas publicitarias solicitar\u00e1n Aborto Cero","date":"19 mayo 2013","format":false,"excerpt":"foto HazteOir MADRID, 14 May. 13 \/ 10:14 am (ACI\/Europa Press).- Derecho a Vivir (DAV) ha puesto en marcha la campa\u00f1a '#Borraelaborto' para pedir a Gallard\u00f3n que impulse la derogaci\u00f3n de la ley del aborto de 2010 y elabore una nueva ley de 'Aborto Cero'. La iniciativa incluye la instalaci\u00f3n\u2026","rel":"","context":"En \u00abAborto\u00bb","img":{"alt_text":"","src":"https:\/\/i0.wp.com\/catolicasmexico.com\/blog\/wp-content\/uploads\/2013\/05\/image-25.jpeg?resize=350%2C200","width":350,"height":200},"classes":[]},{"id":1169,"url":"http:\/\/catolicasmexico.com\/blog\/4-diputados-que-votaron-contra-el-proyecto-de-ley-para-legalizar-el-aborto-en-irlanda-han-sido-expulsados-de-su-partido\/","url_meta":{"origin":331,"position":1},"title":"4 Diputados que votaron contra el proyecto de ley para legalizar el aborto en Irlanda han sido expulsados de su partido","date":"10 julio 2013","format":false,"excerpt":"Del blog de www.cqv.qc.ca original del blog de Jeanne Smits. Traducci\u00f3n y edici\u00f3n libre www.catolicasmexico.com Tras la primera votaci\u00f3n que fue favorable (138 votos contra 24 en la c\u00e1mara baja) a la ley, que pone fin a la prohibici\u00f3n del aborto en Irlanda - en 24 horas - cuatro miembros\u2026","rel":"","context":"En \u00abAborto\u00bb","img":{"alt_text":"","src":"","width":0,"height":0},"classes":[]},{"id":2756,"url":"http:\/\/catolicasmexico.com\/blog\/decidio-la-vida-en-el-primer-embarazo-en-el-segundo-la-muerte\/","url_meta":{"origin":331,"position":2},"title":"Decidi\u00f3 dar la vida en el primer embarazo, en el segundo la muerte","date":"20 marzo 2014","format":false,"excerpt":"Pedimos sus oraciones por Gabriela, una chica que conocimos y que ha sentido en carne propia el horror del aborto, sus hijos no est\u00e1n bautizados,pidamos al Se\u00f1or para que la ilumine. Amen Soy Gabriela tengo 32 a\u00f1os, mi familia es de muy bajos recursos,no tengo mucha preparaci\u00f3n me embarac\u00e9 a\u2026","rel":"","context":"En \u00abAborto\u00bb","img":{"alt_text":"","src":"https:\/\/i1.wp.com\/catolicasmexico.com\/blog\/wp-content\/uploads\/2014\/03\/20140320-103746.jpg?resize=350%2C200","width":350,"height":200},"classes":[]},{"id":2726,"url":"http:\/\/catolicasmexico.com\/blog\/un-aborto-se-hace-con-el-mismo-amor-con-el-que-se-atiende-un-parto\/","url_meta":{"origin":331,"position":3},"title":"\u201cUn aborto se hace con el mismo amor con el que se atiende un parto\u201d.","date":"14 marzo 2014","format":false,"excerpt":"Articulo de ForumLibertas.com El m\u00e9dico abortista considera que el aborto es \u201cun procedimiento tan \u00e9tico como el parto\u201d, y confiesa que abort\u00f3 a su propio nieto de su hija embarazada con 19 a\u00f1os; cuando lo agendaron \u201cme qued\u00e9 con miedo de que cambiase de idea\u201d, afirma ESPA\u00d1A-El peri\u00f3dico El Pa\u00eds\u2026","rel":"","context":"En \u00abAborto\u00bb","img":{"alt_text":"","src":"https:\/\/i2.wp.com\/catolicasmexico.com\/blog\/wp-content\/uploads\/2014\/03\/20140314-142043.jpg?resize=350%2C200","width":350,"height":200},"classes":[]},{"id":3770,"url":"http:\/\/catolicasmexico.com\/blog\/una-mujer-finge-tener-cancer-con-el-fin-de-financiar-su-aborto-tardio-el-bebe-nacio-vivo-y-lo-dejaron-morir\/","url_meta":{"origin":331,"position":4},"title":"Una mujer finge tener c\u00e1ncer con el fin de financiar su aborto tard\u00edo, el beb\u00e9 naci\u00f3 vivo y lo dejaron morir.","date":"25 mayo 2015","format":false,"excerpt":"Extracto del art\u00edculo de Steve Ertelt de LifeNews. Art\u00edculo en franc\u00e9s CQV traducci\u00f3n y edici\u00f3n libre CM 11 de mayo de 2015 - una mujer de Arizona fue arrestada por hacer creer que ten\u00eda c\u00e1ncer, para que el estado pagara su aborto tard\u00edo. C\u00e1liz Zeitner, una mujer de 29 a\u00f1os\u2026","rel":"","context":"En \u00abAborto\u00bb","img":{"alt_text":"","src":"https:\/\/i1.wp.com\/catolicasmexico.com\/blog\/wp-content\/uploads\/2015\/05\/20150525-140740.jpg?resize=350%2C200","width":350,"height":200},"classes":[]},{"id":1769,"url":"http:\/\/catolicasmexico.com\/blog\/los-democratas-agradecen-a-dios-por-el-aborto\/","url_meta":{"origin":331,"position":5},"title":"Los dem\u00f3cratas agradecen a Dios por el aborto.","date":"5 septiembre 2013","format":false,"excerpt":"Midge Slater, una activista pro-aborto, acompa\u00f1ada por dos candidatos dem\u00f3cratas para gobernador de Iowa, agradecieron a Dios por el aborto y rezaron para que haya a\u00fan m\u00e1s, puesto que el aborto por \"telemedicina\" ha sido prohibido en el estado y su pr\u00e1ctica a disminuido en un 30% en cinco a\u00f1os\u2026","rel":"","context":"En \u00abAborto\u00bb","img":{"alt_text":"","src":"","width":0,"height":0},"classes":[]}],"jetpack_likes_enabled":false,"jetpack_sharing_enabled":true,"_links":{"self":[{"href":"http:\/\/catolicasmexico.com\/blog\/wp-json\/wp\/v2\/posts\/331"}],"collection":[{"href":"http:\/\/catolicasmexico.com\/blog\/wp-json\/wp\/v2\/posts"}],"about":[{"href":"http:\/\/catolicasmexico.com\/blog\/wp-json\/wp\/v2\/types\/post"}],"author":[{"embeddable":true,"href":"http:\/\/catolicasmexico.com\/blog\/wp-json\/wp\/v2\/users\/2"}],"replies":[{"embeddable":true,"href":"http:\/\/catolicasmexico.com\/blog\/wp-json\/wp\/v2\/comments?post=331"}],"version-history":[{"count":2,"href":"http:\/\/catolicasmexico.com\/blog\/wp-json\/wp\/v2\/posts\/331\/revisions"}],"predecessor-version":[{"id":338,"href":"http:\/\/catolicasmexico.com\/blog\/wp-json\/wp\/v2\/posts\/331\/revisions\/338"}],"wp:featuredmedia":[{"embeddable":true,"href":"http:\/\/catolicasmexico.com\/blog\/wp-json\/wp\/v2\/media\/332"}],"wp:attachment":[{"href":"http:\/\/catolicasmexico.com\/blog\/wp-json\/wp\/v2\/media?parent=331"}],"wp:term":[{"taxonomy":"category","embeddable":true,"href":"http:\/\/catolicasmexico.com\/blog\/wp-json\/wp\/v2\/categories?post=331"},{"taxonomy":"post_tag","embeddable":true,"href":"http:\/\/catolicasmexico.com\/blog\/wp-json\/wp\/v2\/tags?post=331"}],"curies":[{"name":"wp","href":"https:\/\/api.w.org\/{rel}","templated":true}]}}